{"id":1628,"date":"2015-05-06T11:54:07","date_gmt":"2015-05-06T11:54:07","guid":{"rendered":"https:\/\/www.ceibcn.com\/2015\/05\/conferencia-sesion-colombia\/"},"modified":"2015-05-06T11:54:07","modified_gmt":"2015-05-06T11:54:07","slug":"conferencia-sesion-colombia","status":"publish","type":"post","link":"https:\/\/www.ceibcn.com\/en\/2015\/05\/conferencia-sesion-colombia\/","title":{"rendered":"Conferencia sobre la Rep\u00fablica de Colombia"},"content":{"rendered":"<p>El pr\u00f3ximo martes 26 de mayo, el embajador de Espa\u00f1a en Bogot\u00e1, Colombia, ofrecer\u00e1 una conferencia en la que tratar\u00e1 la situaci\u00f3n actual econ\u00f3mica, pol\u00edtica y social del pa\u00eds y su relaci\u00f3n con Espa\u00f1a.<\/p>\n<p><!--more--><\/p>\n<h2 style=\"font-family-anulat: 'Helvetica Neue', Helvetica, Arial, sans-serif;\">Presentaci\u00f3n<\/h2>\n<p>Colombia se ubica en el extremo noroccidental de Am\u00e9rica del Sur, con una superficie de 1.141.748 Km2, tiene costas en el Pac\u00edfico y en el Atl\u00e1ntico.<\/p>\n<p>La econom\u00eda colombiana est\u00e1 sufriendo un choque en sus t\u00e9rminos de intercambio por cuenta de los menores precios de las materias primas energ\u00e9ticas. Este choque tiene un efecto negativo sobre el ingreso nacional, las exportaciones, y de manera m\u00e1s puntual, un efecto perjudicial sobre las finanzas p\u00fablicas.<\/p>\n<p>El&nbsp;<strong>sector de la construcci\u00f3n<\/strong>&nbsp;se constituye como el&nbsp;<strong>principal motor<\/strong>&nbsp;del crecimiento del pa\u00eds. Sus&nbsp;<strong>principales exportaciones<\/strong>&nbsp;se centran en el&nbsp;<strong>sector minero<\/strong>&nbsp;y sus&nbsp;<strong>importaciones<\/strong>&nbsp;en el<strong>&nbsp;industrial<\/strong>.<\/p>\n<p>Colombia ha sido el&nbsp;<strong>segundo pa\u00eds de Am\u00e9rica Latina<\/strong>&nbsp;<strong>en reducci\u00f3n de la pobreza<\/strong>&nbsp;y el segundo pa\u00eds entre 48 de todo el mundo que m\u00e1s redujo el \u00edndice Gini.<\/p>\n<p>La econom\u00eda colombiana se caracteriza por una&nbsp;<strong>orientaci\u00f3n librecambista<\/strong>&nbsp;y su&nbsp;<strong>apertura econ\u00f3mica<\/strong>, de manera que el 98,6% del universo arancelario colombiano est\u00e1 sujeto al r\u00e9gimen de libre importaci\u00f3n y el resto al de licencia previa o prohibici\u00f3n.<\/p>\n<p>El Excmo. Sr.&nbsp;<strong>Ram\u00f3n Gandarias Alonso de Celis<\/strong>,&nbsp;embajador de Espa\u00f1a en Bogot\u00e1, expondr\u00e1 la situaci\u00f3n actual econ\u00f3mica, pol\u00edtica y social del pa\u00eds y su relaci\u00f3n con el estado espa\u00f1ol a nivel comercial y diplom\u00e1tico.&nbsp;<\/p>\n<p>&nbsp;<\/p>\n<p>Fuente: Ficha Pa\u00eds Colombia (Ministerio de Asuntos Exteriores y de Cooperaci\u00f3n)<\/p>\n<p><a href=\"https:\/\/www.ceibcn.com\/wp-content\/uploads\/2015\/05\/Colombia_FICHA_PAIS.pdf\">Ver la ficha completa del pa\u00eds<\/a>&nbsp;<\/p>\n<p>&nbsp;<\/p>\n<h2 style=\"font-family-anulat: 'Helvetica Neue', Helvetica, Arial, sans-serif;\">Conferencia<\/h2>\n<p><span title=\"Data: 26\/11\/2013\"><strong>Fecha:<\/strong>&nbsp;26\/05\/2015<\/span><\/p>\n<p><span title=\"Dirigida a: XXX\"><strong>Dirigida a:<\/strong>&nbsp;Abierta a todo el p\u00fablico<br \/><\/span><\/p>\n<p><span title=\"Sessi\u00f3 de mat\u00ed: de 13:30h.\"><strong>Horario:<\/strong> 17h.<\/span><span title=\"a 16:00h.\"><br \/><\/span><\/p>\n<p><span title=\"Lloc: Av.\"><strong>Lugar:<\/strong> Sal\u00f3n de Grados de la Facultad de Econom\u00eda y Empresa. Universitat de Barcelona. <a href=\"https:\/\/www.google.es\/maps\/place\/Facultat+d%27Economia+i+Empresa\/@41.3851098,2.1115389,17z\/data=!4m7!1m4!3m3!1s0x12a498671c8fcf2b:0xc829ab567415933a!2sAv.+Diagonal,+690,+08028+Barcelona!3b1!3m1!1s0x0000000000000000:0xfd5d6b8c7d8d1fb6\">Avda. Diagonal, 690-696 (Barcelona)<\/a><br \/><\/span><\/p>\n<p><span style=\"font-size-anulat: 9.5pt; line-height: 14.5666675567627px; font-family-anulat: arial, helvetica, sans-serif;\"><span title=\"Es prega confirmaci\u00f3 abans del XXX a la Sra.\">Se ruega confirmaci\u00f3n a trav\u00e9s del tel\u00e9fono 93 205 45 16&nbsp;<\/span><span title=\"\u00c0ngels Vara ( &lt;a href=\">o por correo electr\u00f3nico en <a href=\"mailto:avara-cei@ub.edu\">info@ceibcn.com<\/a><\/span><\/span><\/p>\n","protected":false},"excerpt":{"rendered":"<p>El pr\u00f3ximo martes 26 de mayo, el embajador de Espa\u00f1a en Bogot\u00e1, Colombia, ofrecer\u00e1 una conferencia en la que tratar\u00e1 la situaci\u00f3n actual econ\u00f3mica, pol\u00edtica y social del pa\u00eds y su relaci\u00f3n con Espa\u00f1a.<\/p>\n","protected":false},"author":6,"featured_media":0,"comment_status":"open","ping_status":"closed","sticky":false,"template":"","format":"standard","meta":{"_acf_changed":false,"_crdt_document":"","inline_featured_image":false,"footnotes":""},"categories":[25],"tags":[],"class_list":["post-1628","post","type-post","status-publish","format-standard","hentry","category-aula-internacional"],"acf":[],"yoast_head":"<!-- This site is optimized with the Yoast SEO plugin v27.0 - https:\/\/yoast.com\/product\/yoast-seo-wordpress\/ -->\n<title>Conferencia sobre la Rep\u00fablica de Colombia - CEI International Affairs<\/title>\n<meta name=\"robots\" content=\"index, follow, max-snippet:-1, max-image-preview:large, max-video-preview:-1\" \/>\n<link rel=\"canonical\" href=\"https:\/\/www.ceibcn.com\/en\/2015\/05\/conferencia-sesion-colombia\/\" \/>\n<meta property=\"og:locale\" content=\"en_US\" \/>\n<meta property=\"og:type\" content=\"article\" \/>\n<meta property=\"og:title\" content=\"Conferencia sobre la Rep\u00fablica de Colombia - CEI International Affairs\" \/>\n<meta property=\"og:description\" content=\"El pr\u00f3ximo martes 26 de mayo, el embajador de Espa\u00f1a en Bogot\u00e1, Colombia, ofrecer\u00e1 una conferencia en la que tratar\u00e1 la situaci\u00f3n actual econ\u00f3mica, pol\u00edtica y social del pa\u00eds y su relaci\u00f3n con Espa\u00f1a.\" \/>\n<meta property=\"og:url\" content=\"https:\/\/www.ceibcn.com\/en\/2015\/05\/conferencia-sesion-colombia\/\" \/>\n<meta property=\"og:site_name\" content=\"CEI International Affairs\" \/>\n<meta property=\"article:publisher\" content=\"https:\/\/www.facebook.com\/CEI.CentroDeEstudiosInternacionales\/\" \/>\n<meta property=\"article:published_time\" content=\"2015-05-06T11:54:07+00:00\" \/>\n<meta property=\"og:image\" content=\"https:\/\/www.ceibcn.com\/wp-content\/uploads\/2023\/01\/Logo-CEI.png\" \/>\n\t<meta property=\"og:image:width\" content=\"500\" \/>\n\t<meta property=\"og:image:height\" content=\"500\" \/>\n\t<meta property=\"og:image:type\" content=\"image\/png\" \/>\n<meta name=\"author\" content=\"Cristian Romero Velasco\" \/>\n<meta name=\"twitter:card\" content=\"summary_large_image\" \/>\n<meta name=\"twitter:creator\" content=\"@CEIbcn\" \/>\n<meta name=\"twitter:site\" content=\"@CEIbcn\" \/>\n<meta name=\"twitter:label1\" content=\"Written by\" \/>\n\t<meta name=\"twitter:data1\" content=\"Cristian Romero Velasco\" \/>\n\t<meta name=\"twitter:label2\" content=\"Est. reading time\" \/>\n\t<meta name=\"twitter:data2\" content=\"2 minutes\" \/>\n<script type=\"application\/ld+json\" class=\"yoast-schema-graph\">{\"@context\":\"https:\/\/schema.org\",\"@graph\":[{\"@type\":\"Article\",\"@id\":\"https:\/\/www.ceibcn.com\/en\/2015\/05\/conferencia-sesion-colombia\/#article\",\"isPartOf\":{\"@id\":\"https:\/\/www.ceibcn.com\/en\/2015\/05\/conferencia-sesion-colombia\/\"},\"author\":{\"name\":\"Cristian Romero Velasco\",\"@id\":\"https:\/\/www.ceibcn.com\/en\/#\/schema\/person\/4ef9992ee2fbd3987a5e1834e5d5808d\"},\"headline\":\"Conferencia sobre la Rep\u00fablica de Colombia\",\"datePublished\":\"2015-05-06T11:54:07+00:00\",\"mainEntityOfPage\":{\"@id\":\"https:\/\/www.ceibcn.com\/en\/2015\/05\/conferencia-sesion-colombia\/\"},\"wordCount\":380,\"commentCount\":0,\"publisher\":{\"@id\":\"https:\/\/www.ceibcn.com\/en\/#organization\"},\"articleSection\":[\"Aula Internacional\"],\"inLanguage\":\"en-US\",\"potentialAction\":[{\"@type\":\"CommentAction\",\"name\":\"Comment\",\"target\":[\"https:\/\/www.ceibcn.com\/en\/2015\/05\/conferencia-sesion-colombia\/#respond\"]}]},{\"@type\":\"WebPage\",\"@id\":\"https:\/\/www.ceibcn.com\/en\/2015\/05\/conferencia-sesion-colombia\/\",\"url\":\"https:\/\/www.ceibcn.com\/en\/2015\/05\/conferencia-sesion-colombia\/\",\"name\":\"Conferencia sobre la Rep\u00fablica de Colombia - CEI International Affairs\",\"isPartOf\":{\"@id\":\"https:\/\/www.ceibcn.com\/en\/#website\"},\"datePublished\":\"2015-05-06T11:54:07+00:00\",\"breadcrumb\":{\"@id\":\"https:\/\/www.ceibcn.com\/en\/2015\/05\/conferencia-sesion-colombia\/#breadcrumb\"},\"inLanguage\":\"en-US\",\"potentialAction\":[{\"@type\":\"ReadAction\",\"target\":[\"https:\/\/www.ceibcn.com\/en\/2015\/05\/conferencia-sesion-colombia\/\"]}]},{\"@type\":\"BreadcrumbList\",\"@id\":\"https:\/\/www.ceibcn.com\/en\/2015\/05\/conferencia-sesion-colombia\/#breadcrumb\",\"itemListElement\":[{\"@type\":\"ListItem\",\"position\":1,\"name\":\"Portada\",\"item\":\"https:\/\/www.ceibcn.com\/en\/\"},{\"@type\":\"ListItem\",\"position\":2,\"name\":\"Conferencia sobre la Rep\u00fablica de Colombia\"}]},{\"@type\":\"WebSite\",\"@id\":\"https:\/\/www.ceibcn.com\/en\/#website\",\"url\":\"https:\/\/www.ceibcn.com\/en\/\",\"name\":\"CEI International Affairs\",\"description\":\"CEI International Affairs\",\"publisher\":{\"@id\":\"https:\/\/www.ceibcn.com\/en\/#organization\"},\"alternateName\":\"CEI International Affairs\",\"potentialAction\":[{\"@type\":\"SearchAction\",\"target\":{\"@type\":\"EntryPoint\",\"urlTemplate\":\"https:\/\/www.ceibcn.com\/en\/?s={search_term_string}\"},\"query-input\":{\"@type\":\"PropertyValueSpecification\",\"valueRequired\":true,\"valueName\":\"search_term_string\"}}],\"inLanguage\":\"en-US\"},{\"@type\":\"Organization\",\"@id\":\"https:\/\/www.ceibcn.com\/en\/#organization\",\"name\":\"CEI International Affairs\",\"url\":\"https:\/\/www.ceibcn.com\/en\/\",\"logo\":{\"@type\":\"ImageObject\",\"inLanguage\":\"en-US\",\"@id\":\"https:\/\/www.ceibcn.com\/en\/#\/schema\/logo\/image\/\",\"url\":\"https:\/\/www.ceibcn.com\/wp-content\/uploads\/2021\/09\/CeiLogo_EscuelaDiploVectorized_vectorizedSIN_FONDO.png\",\"contentUrl\":\"https:\/\/www.ceibcn.com\/wp-content\/uploads\/2021\/09\/CeiLogo_EscuelaDiploVectorized_vectorizedSIN_FONDO.png\",\"width\":1591,\"height\":629,\"caption\":\"CEI International Affairs\"},\"image\":{\"@id\":\"https:\/\/www.ceibcn.com\/en\/#\/schema\/logo\/image\/\"},\"sameAs\":[\"https:\/\/www.facebook.com\/CEI.CentroDeEstudiosInternacionales\/\",\"https:\/\/x.com\/CEIbcn\",\"https:\/\/www.instagram.com\/cei_international\/\"]},{\"@type\":\"Person\",\"@id\":\"https:\/\/www.ceibcn.com\/en\/#\/schema\/person\/4ef9992ee2fbd3987a5e1834e5d5808d\",\"name\":\"Cristian Romero Velasco\",\"image\":{\"@type\":\"ImageObject\",\"inLanguage\":\"en-US\",\"@id\":\"https:\/\/www.ceibcn.com\/en\/#\/schema\/person\/image\/\",\"url\":\"https:\/\/secure.gravatar.com\/avatar\/d78c33ad7f1570635ae9c9cb6274fe682bd5872dfde7a5448127d7825dd90943?s=96&d=mm&r=g\",\"contentUrl\":\"https:\/\/secure.gravatar.com\/avatar\/d78c33ad7f1570635ae9c9cb6274fe682bd5872dfde7a5448127d7825dd90943?s=96&d=mm&r=g\",\"caption\":\"Cristian Romero Velasco\"},\"url\":\"https:\/\/www.ceibcn.com\/en\/author\/cristian\/\"}]}<\/script>\n<!-- \/ Yoast SEO plugin. -->","yoast_head_json":{"title":"Conferencia sobre la Rep\u00fablica de Colombia - CEI International Affairs","robots":{"index":"index","follow":"follow","max-snippet":"max-snippet:-1","max-image-preview":"max-image-preview:large","max-video-preview":"max-video-preview:-1"},"canonical":"https:\/\/www.ceibcn.com\/en\/2015\/05\/conferencia-sesion-colombia\/","og_locale":"en_US","og_type":"article","og_title":"Conferencia sobre la Rep\u00fablica de Colombia - CEI International Affairs","og_description":"El pr\u00f3ximo martes 26 de mayo, el embajador de Espa\u00f1a en Bogot\u00e1, Colombia, ofrecer\u00e1 una conferencia en la que tratar\u00e1 la situaci\u00f3n actual econ\u00f3mica, pol\u00edtica y social del pa\u00eds y su relaci\u00f3n con Espa\u00f1a.","og_url":"https:\/\/www.ceibcn.com\/en\/2015\/05\/conferencia-sesion-colombia\/","og_site_name":"CEI International Affairs","article_publisher":"https:\/\/www.facebook.com\/CEI.CentroDeEstudiosInternacionales\/","article_published_time":"2015-05-06T11:54:07+00:00","og_image":[{"width":500,"height":500,"url":"https:\/\/www.ceibcn.com\/wp-content\/uploads\/2023\/01\/Logo-CEI.png","type":"image\/png"}],"author":"Cristian Romero Velasco","twitter_card":"summary_large_image","twitter_creator":"@CEIbcn","twitter_site":"@CEIbcn","twitter_misc":{"Written by":"Cristian Romero Velasco","Est. reading time":"2 minutes"},"schema":{"@context":"https:\/\/schema.org","@graph":[{"@type":"Article","@id":"https:\/\/www.ceibcn.com\/en\/2015\/05\/conferencia-sesion-colombia\/#article","isPartOf":{"@id":"https:\/\/www.ceibcn.com\/en\/2015\/05\/conferencia-sesion-colombia\/"},"author":{"name":"Cristian Romero Velasco","@id":"https:\/\/www.ceibcn.com\/en\/#\/schema\/person\/4ef9992ee2fbd3987a5e1834e5d5808d"},"headline":"Conferencia sobre la Rep\u00fablica de Colombia","datePublished":"2015-05-06T11:54:07+00:00","mainEntityOfPage":{"@id":"https:\/\/www.ceibcn.com\/en\/2015\/05\/conferencia-sesion-colombia\/"},"wordCount":380,"commentCount":0,"publisher":{"@id":"https:\/\/www.ceibcn.com\/en\/#organization"},"articleSection":["Aula Internacional"],"inLanguage":"en-US","potentialAction":[{"@type":"CommentAction","name":"Comment","target":["https:\/\/www.ceibcn.com\/en\/2015\/05\/conferencia-sesion-colombia\/#respond"]}]},{"@type":"WebPage","@id":"https:\/\/www.ceibcn.com\/en\/2015\/05\/conferencia-sesion-colombia\/","url":"https:\/\/www.ceibcn.com\/en\/2015\/05\/conferencia-sesion-colombia\/","name":"Conferencia sobre la Rep\u00fablica de Colombia - CEI International Affairs","isPartOf":{"@id":"https:\/\/www.ceibcn.com\/en\/#website"},"datePublished":"2015-05-06T11:54:07+00:00","breadcrumb":{"@id":"https:\/\/www.ceibcn.com\/en\/2015\/05\/conferencia-sesion-colombia\/#breadcrumb"},"inLanguage":"en-US","potentialAction":[{"@type":"ReadAction","target":["https:\/\/www.ceibcn.com\/en\/2015\/05\/conferencia-sesion-colombia\/"]}]},{"@type":"BreadcrumbList","@id":"https:\/\/www.ceibcn.com\/en\/2015\/05\/conferencia-sesion-colombia\/#breadcrumb","itemListElement":[{"@type":"ListItem","position":1,"name":"Portada","item":"https:\/\/www.ceibcn.com\/en\/"},{"@type":"ListItem","position":2,"name":"Conferencia sobre la Rep\u00fablica de Colombia"}]},{"@type":"WebSite","@id":"https:\/\/www.ceibcn.com\/en\/#website","url":"https:\/\/www.ceibcn.com\/en\/","name":"CEI International Affairs","description":"CEI International Affairs","publisher":{"@id":"https:\/\/www.ceibcn.com\/en\/#organization"},"alternateName":"CEI International Affairs","potentialAction":[{"@type":"SearchAction","target":{"@type":"EntryPoint","urlTemplate":"https:\/\/www.ceibcn.com\/en\/?s={search_term_string}"},"query-input":{"@type":"PropertyValueSpecification","valueRequired":true,"valueName":"search_term_string"}}],"inLanguage":"en-US"},{"@type":"Organization","@id":"https:\/\/www.ceibcn.com\/en\/#organization","name":"CEI International Affairs","url":"https:\/\/www.ceibcn.com\/en\/","logo":{"@type":"ImageObject","inLanguage":"en-US","@id":"https:\/\/www.ceibcn.com\/en\/#\/schema\/logo\/image\/","url":"https:\/\/www.ceibcn.com\/wp-content\/uploads\/2021\/09\/CeiLogo_EscuelaDiploVectorized_vectorizedSIN_FONDO.png","contentUrl":"https:\/\/www.ceibcn.com\/wp-content\/uploads\/2021\/09\/CeiLogo_EscuelaDiploVectorized_vectorizedSIN_FONDO.png","width":1591,"height":629,"caption":"CEI International Affairs"},"image":{"@id":"https:\/\/www.ceibcn.com\/en\/#\/schema\/logo\/image\/"},"sameAs":["https:\/\/www.facebook.com\/CEI.CentroDeEstudiosInternacionales\/","https:\/\/x.com\/CEIbcn","https:\/\/www.instagram.com\/cei_international\/"]},{"@type":"Person","@id":"https:\/\/www.ceibcn.com\/en\/#\/schema\/person\/4ef9992ee2fbd3987a5e1834e5d5808d","name":"Cristian Romero Velasco","image":{"@type":"ImageObject","inLanguage":"en-US","@id":"https:\/\/www.ceibcn.com\/en\/#\/schema\/person\/image\/","url":"https:\/\/secure.gravatar.com\/avatar\/d78c33ad7f1570635ae9c9cb6274fe682bd5872dfde7a5448127d7825dd90943?s=96&d=mm&r=g","contentUrl":"https:\/\/secure.gravatar.com\/avatar\/d78c33ad7f1570635ae9c9cb6274fe682bd5872dfde7a5448127d7825dd90943?s=96&d=mm&r=g","caption":"Cristian Romero Velasco"},"url":"https:\/\/www.ceibcn.com\/en\/author\/cristian\/"}]}},"_links":{"self":[{"href":"https:\/\/www.ceibcn.com\/en\/wp-json\/wp\/v2\/posts\/1628","targetHints":{"allow":["GET"]}}],"collection":[{"href":"https:\/\/www.ceibcn.com\/en\/wp-json\/wp\/v2\/posts"}],"about":[{"href":"https:\/\/www.ceibcn.com\/en\/wp-json\/wp\/v2\/types\/post"}],"author":[{"embeddable":true,"href":"https:\/\/www.ceibcn.com\/en\/wp-json\/wp\/v2\/users\/6"}],"replies":[{"embeddable":true,"href":"https:\/\/www.ceibcn.com\/en\/wp-json\/wp\/v2\/comments?post=1628"}],"version-history":[{"count":0,"href":"https:\/\/www.ceibcn.com\/en\/wp-json\/wp\/v2\/posts\/1628\/revisions"}],"wp:attachment":[{"href":"https:\/\/www.ceibcn.com\/en\/wp-json\/wp\/v2\/media?parent=1628"}],"wp:term":[{"taxonomy":"category","embeddable":true,"href":"https:\/\/www.ceibcn.com\/en\/wp-json\/wp\/v2\/categories?post=1628"},{"taxonomy":"post_tag","embeddable":true,"href":"https:\/\/www.ceibcn.com\/en\/wp-json\/wp\/v2\/tags?post=1628"}],"curies":[{"name":"wp","href":"https:\/\/api.w.org\/{rel}","templated":true}]}}