{"id":1671,"date":"2015-09-09T10:39:10","date_gmt":"2015-09-09T10:39:10","guid":{"rendered":"https:\/\/www.ceibcn.com\/2015\/09\/iv-seminari-sobre-seguretat-i-defensa\/"},"modified":"2015-09-09T10:39:10","modified_gmt":"2015-09-09T10:39:10","slug":"iv-seminari-sobre-seguretat-i-defensa","status":"publish","type":"post","link":"https:\/\/www.ceibcn.com\/en\/2015\/09\/iv-seminari-sobre-seguretat-i-defensa\/","title":{"rendered":"IV Seminari sobre Seguretat i Defensa"},"content":{"rendered":"<h3 style=\"font-family-anulat: 'Helvetica Neue', Helvetica, Arial, sans-serif; color: #333333;\"><img fetchpriority=\"high\" decoding=\"async\" class=\" size-full wp-image-1668\" src=\"https:\/\/www.ceibcn.com\/wp-content\/uploads\/2015\/09\/IVJornadaSegIdefCAT.png\" alt=\"IVJornadaSegIdefCAT\" width=\"600\" height=\"232\" srcset=\"https:\/\/www.ceibcn.com\/wp-content\/uploads\/2015\/09\/IVJornadaSegIdefCAT.png 600w, https:\/\/www.ceibcn.com\/wp-content\/uploads\/2015\/09\/IVJornadaSegIdefCAT-300x116.png 300w, https:\/\/www.ceibcn.com\/wp-content\/uploads\/2015\/09\/IVJornadaSegIdefCAT-150x58.png 150w\" sizes=\"(max-width: 600px) 100vw, 600px\" \/><\/h3>\n<h2 style=\"font-family-anulat: 'Helvetica Neue', Helvetica, Arial, sans-serif; text-align: justify;\"><span style=\"font-size-anulat: 11pt; font-family-anulat: Calibri, sans-serif;\"><\/span><\/h2>\n<h2 style=\"font-family-anulat: 'Helvetica Neue', Helvetica, Arial, sans-serif; text-align: justify;\"><span style=\"font-size-anulat: 18pt;\"><em><strong><span style=\"font-family-anulat: Calibri, sans-serif; color: #c80909;\">PLACES ESGOTADES!<\/span><\/strong><\/em><\/span><\/h2>\n<h2 style=\"font-family-anulat: 'Helvetica Neue', Helvetica, Arial, sans-serif; text-align: justify;\"><span style=\"font-size-anulat: 11pt; font-family-anulat: Calibri, sans-serif;\"><\/span><\/h2>\n<h2 style=\"font-family-anulat: 'Helvetica Neue', Helvetica, Arial, sans-serif; text-align: justify;\"><span style=\"font-size-anulat: 11pt; font-family-anulat: Calibri, sans-serif;\">PRESENTACI\u00d3:<\/span><\/h2>\n<p><span style=\"font-size-anulat: 11pt; font-family-anulat: Calibri, sans-serif;\">Estat Isl\u00e0mic (en les seves sigles angleses ISIS) \u00e9s una organitzaci\u00f3 jihadista desvinculada d&#8217;Al-Qaida que controla franges territorials de l&#8217;Iraq, S\u00edria i L\u00edbia a partir del domini de la poblaci\u00f3 exercit a trav\u00e9s d&#8217;accions de terror, genocidi i, alhora, a trav\u00e9s de la prestaci\u00f3 de serveis p\u00fablics als sunnites. Es nodreix de diverses fonts de finan\u00e7ament i la captaci\u00f3 de seguidors a tot el m\u00f3n a trav\u00e9s de sofisticades t\u00e8cniques de comunicaci\u00f3 i \u00fas de les xarxes socials que han fet d&#8217;aquest fenomen una de les principals amenaces terroristes a nivell global.<\/span><\/p>\n<p><span style=\"font-size-anulat: 11pt; font-family-anulat: Calibri, sans-serif;\">M\u00e9s enll\u00e0 d&#8217;explicacions relacionades amb l&#8217;abs\u00e8ncia d&#8217;oportunitats de futur, de desarrelament i desafecci\u00f3 de molts joves, fills o no de musulmans a occident, la captaci\u00f3 de jihadistes tamb\u00e9 arriba a persones amb recursos i bona formaci\u00f3 que cauen sedu\u00efdes pel missatge, arribant a integrar l&#8217;atrocitat com a manera de vida.<\/span><\/p>\n<p><span style=\"font-size-anulat: 11pt; font-family-anulat: Calibri, sans-serif;\">Aix\u00f2 vol dir que el problema s&#8217;origina en causes multidimensionals i transversals que s&#8217;han de tenir en compte a l&#8217;hora d&#8217;afrontar el repte de la seguretat i la defensa davant d&#8217;ells.<\/span><\/p>\n<p><span style=\"font-size-anulat: 11pt; font-family-anulat: Calibri, sans-serif;\">Al llarg d&#8217;aquest seminari s&#8217;analitzaran tres vessants transversals de la seva acci\u00f3: la militar, l&#8217;econ\u00f2mica i la de comunicaci\u00f3.<\/span><\/p>\n<p style=\"text-align: justify;\">&nbsp;<\/p>\n<p style=\"text-align: justify;\"><strong><span style=\"text-decoration: underline;\"><span style=\"font-size-anulat: 11pt; font-family-anulat: Calibri, sans-serif;\">DIRECCI\u00d3:<\/span><\/span><span style=\"font-size-anulat: 11pt; font-family-anulat: Calibri, sans-serif;\"> Dra. Sonia G\u00fcell<\/span><\/strong><span style=\"font-size-anulat: 11pt; font-family-anulat: Calibri, sans-serif;\">, Professora associada de Dret Internacional P\u00fablic, Universitat Pompeu Fabra.<\/span>&nbsp;<\/p>\n<p style=\"text-align: justify;\"><span style=\"font-family-anulat: Calibri, sans-serif; font-size-anulat: 11pt; color: #043a69; font-weight: bold; line-height: 24px;\">PROGRAMA:<\/span><\/p>\n<p style=\"text-align: justify;\"><strong><span style=\"font-size-anulat: 11pt; font-family-anulat: Calibri, sans-serif; color: #1f497d;\">16:00h.<\/span><\/strong><span style=\"font-size-anulat: 11pt; font-family-anulat: Calibri, sans-serif;\"> <strong><span style=\"color: #1f497d;\">Presentaci\u00f3 de la Jornada<\/span><\/strong><\/span><\/p>\n<p style=\"text-align: justify;\"><strong style=\"font-family-anulat: Calibri, sans-serif; font-size-anulat: 14.6667px; text-align: justify;\">Excm. Sr. Fernando Perpi\u00f1\u00e1-Robert<\/strong><span style=\"font-family-anulat: Calibri, sans-serif; font-size-anulat: 14.6667px; text-align: justify;\">, Ambaixador d\u2019Espanya i tutor del CEI International Affairs.<\/span><\/p>\n<p style=\"text-align: justify;\"><strong style=\"text-align: justify;\"><span style=\"font-size-anulat: 11pt; font-family-anulat: Calibri, sans-serif;\">Coronel Emilio S\u00e1nchez de Rojas<\/span><\/strong><span style=\"text-align: justify; font-size-anulat: 11pt; font-family-anulat: Calibri, sans-serif;\">, Analista del <em>Instituto Espa\u00f1ol de Estudios Estrat\u00e9gicos<\/em>.<\/span><\/p>\n<p style=\"text-align: justify;\">&nbsp;<\/p>\n<p style=\"text-align: justify;\"><strong><span style=\"font-size-anulat: 11pt; font-family-anulat: Calibri, sans-serif; color: #1f497d;\">16:05h &#8211; 16:35h.<\/span><\/strong><span style=\"font-size-anulat: 11pt; font-family-anulat: Calibri, sans-serif;\">&nbsp; <strong><span style=\"color: #1f497d;\">PON\u00c8NCIA INICIAL: ISIS, descripci\u00f3 i estat de situaci\u00f3<\/span><\/strong><\/span><\/p>\n<p style=\"text-align: justify;\"><strong><span style=\"font-size-anulat: 11pt; font-family-anulat: Calibri, sans-serif;\">Sr. Jordi Quero<\/span><\/strong><span style=\"font-size-anulat: 11pt; font-family-anulat: Calibri, sans-serif;\">, Professor de Relacions Internacionals, Universitat Pompeu Fabra.<\/span><\/p>\n<p style=\"text-align: justify;\"><span style=\"text-decoration: underline;\"><span style=\"font-size-anulat: 11pt; font-family-anulat: Calibri, sans-serif;\">Presenta:<\/span><\/span><span style=\"font-size-anulat: 11pt; font-family-anulat: Calibri, sans-serif;\"> <strong>Excm. Sr. Fernando Perpi\u00f1\u00e1-Robert<\/strong>, Ambaixador d\u2019Espanya i tutor del CEI International Affairs.<\/span><\/p>\n<p style=\"text-align: justify;\">&nbsp;<\/p>\n<p style=\"text-align: justify;\"><strong><span style=\"font-size-anulat: 11pt; font-family-anulat: Calibri, sans-serif; color: #1f497d;\">16:40h&nbsp;&#8211; 17:20h. ISIS: mitjans militars<\/span><\/strong><\/p>\n<p style=\"text-align: justify;\"><strong style=\"text-align: justify;\"><span style=\"font-size-anulat: 11pt; font-family-anulat: Calibri, sans-serif;\">Coronel Emilio S\u00e1nchez de Rojas<\/span><\/strong><span style=\"text-align: justify; font-size-anulat: 11pt; font-family-anulat: Calibri, sans-serif;\">, Analista del <em>Instituto Espa\u00f1ol de Estudios Estrat\u00e9gicos<\/em>.<\/span><\/p>\n<p style=\"text-align: justify;\"><span style=\"font-size-anulat: 11pt; font-family-anulat: Calibri, sans-serif;\"><span style=\"text-align: justify; text-decoration: underline;\"><span style=\"font-size-anulat: 11pt; font-family-anulat: Calibri, sans-serif;\">Presenta:<\/span><\/span><span style=\"text-align: justify; font-size-anulat: 11pt; font-family-anulat: Calibri, sans-serif;\">&nbsp;<strong>Excm. Sr. Fernando Perpi\u00f1\u00e1-Robert<\/strong>, Ambaixador d\u2019Espanya i tutor del CEI International Affairs.<\/span><\/span><\/p>\n<p style=\"text-align: justify;\">&nbsp;<\/p>\n<p style=\"text-align: justify;\"><strong><span style=\"font-size-anulat: 11pt; font-family-anulat: Calibri, sans-serif; color: #1f497d;\">17:20h &#8211; 17:35h<\/span><\/strong><strong><span style=\"font-size-anulat: 11pt; font-family-anulat: Calibri, sans-serif;\">. COFFEE BREAK<\/span><\/strong><\/p>\n<p style=\"text-align: justify;\">&nbsp;<\/p>\n<p style=\"text-align: justify;\"><strong><span style=\"font-size-anulat: 11pt; font-family-anulat: Calibri, sans-serif; color: #1f497d;\">17:35h &#8211; 18:15h. ISIS: mitjans econ\u00f2mics<\/span><\/strong><\/p>\n<p style=\"text-align: justify;\"><strong><span style=\"font-size-anulat: 11pt; font-family-anulat: Calibri, sans-serif;\">Sr. Jes\u00fas A. N\u00fa\u00f1ez Villaverde<\/span><\/strong><span style=\"font-size-anulat: 11pt; font-family-anulat: Calibri, sans-serif;\">, Codirector del <em>Instituto de Estudios sobre Conflictos y Acci\u00f3n Humanitaria<\/em>.<\/span><\/p>\n<p style=\"text-align: justify;\"><span style=\"text-decoration: underline;\"><span style=\"font-size-anulat: 11pt; font-family-anulat: Calibri, sans-serif;\">Presenta:<\/span><\/span><span style=\"font-size-anulat: 11pt; font-family-anulat: Calibri, sans-serif;\"> <strong>Dra. Sonia G\u00fcell, <\/strong>Professora associada de Dret Internacional P\u00fablic, Universitat Pompeu Fabra.<\/span><\/p>\n<p style=\"text-align: justify;\">&nbsp;<\/p>\n<p style=\"text-align: justify;\"><strong><span style=\"font-size-anulat: 11pt; font-family-anulat: Calibri, sans-serif; color: #1f497d;\">18:20h &#8211; 19:00h. ISIS: comunicaci\u00f3 i imatge<\/span><\/strong><\/p>\n<p style=\"text-align: justify;\"><strong><span style=\"font-size-anulat: 11pt; font-family-anulat: Calibri, sans-serif;\">Sr. Gabriel Garroum,<\/span><\/strong><span style=\"font-size-anulat: 11pt; font-family-anulat: Calibri, sans-serif;\"> Polit\u00f2leg especialitzat en l&#8217;Orient Mitj\u00e0 per la School of Oriental and African Studies de Londres.<\/span><\/p>\n<p><span style=\"text-decoration: underline;\"><span style=\"font-size-anulat: 11pt; font-family-anulat: Calibri, sans-serif;\">Presenta:<\/span><\/span><span style=\"font-size-anulat: 11pt; font-family-anulat: Calibri, sans-serif;\"> <strong>Dra. Sonia G\u00fcell, <\/strong>Professora associada de Dret Internacional P\u00fablic, Universitat Pompeu Fabra.<\/span><\/p>\n<h2 style=\"font-family-anulat: 'Helvetica Neue', Helvetica, Arial, sans-serif;\">&nbsp;<\/h2>\n<h2 style=\"font-family-anulat: 'Helvetica Neue', Helvetica, Arial, sans-serif;\">Informaci\u00f3 General<\/h2>\n<p>Data: <strong>14 d&#8217;octubre de 2015<\/strong><\/p>\n<p>Preu: <strong>5 Euros*<\/strong><\/p>\n<p>Lloc: <strong>Seu del CEI International Affairs<\/strong>. <a href=\"index.php?Itemid=301\">Avinguda Vallvidrera, 25. 08017 Barcelona<\/a><\/p>\n<p><em>* L&#8217;activitat ser\u00e0 gratu\u00efta per a socis i estudiants del CEI, alumnes UB i persones en situaci\u00f3 d&#8217;atur. El pagament en efectiu haur\u00e0 de realitzar-se el mateix dia de la Jornada a la secretaria del centre.<\/em><\/p>\n<p><em>Data l\u00edmit d&#8217;inscripci\u00f3: 12 d&#8217;octubre de 2015<\/em><\/p>\n<p style=\"text-align: justify;\"><span style=\"font-size-anulat: 11pt; font-family-anulat: Calibri, sans-serif; color: red;\">Per assistir a la Jornada \u00e9s imprescindible inscriure-s&#8217;hi pr\u00e8viament indicant el seu nom, cognoms i DNI o NIE a la seg\u00fcent adre\u00e7a de correu electr\u00f2nic: <a href=\"mailto:info@ceibcn.com\">info@ceibcn.com<\/a><\/span><\/p>\n","protected":false},"excerpt":{"rendered":"<p>PLACES ESGOTADES! PRESENTACI\u00d3: Estat Isl\u00e0mic (en les seves sigles angleses ISIS) \u00e9s una organitzaci\u00f3 jihadista desvinculada d&#8217;Al-Qaida que controla franges territorials de l&#8217;Iraq, S\u00edria i L\u00edbia a partir del domini de la poblaci\u00f3 exercit a trav\u00e9s d&#8217;accions de terror, genocidi i, alhora, a trav\u00e9s de la prestaci\u00f3 de serveis p\u00fablics als sunnites. Es nodreix de [&hellip;]<\/p>\n","protected":false},"author":6,"featured_media":1668,"comment_status":"open","ping_status":"closed","sticky":false,"template":"","format":"standard","meta":{"_acf_changed":false,"_crdt_document":"","inline_featured_image":false,"footnotes":""},"categories":[25],"tags":[],"class_list":["post-1671","post","type-post","status-publish","format-standard","has-post-thumbnail","hentry","category-aula-internacional"],"acf":[],"yoast_head":"<!-- This site is optimized with the Yoast SEO plugin v27.0 - https:\/\/yoast.com\/product\/yoast-seo-wordpress\/ -->\n<title>IV Seminari sobre Seguretat i Defensa - CEI International Affairs<\/title>\n<meta name=\"robots\" content=\"index, follow, max-snippet:-1, max-image-preview:large, max-video-preview:-1\" \/>\n<link rel=\"canonical\" href=\"https:\/\/www.ceibcn.com\/en\/2015\/09\/iv-seminari-sobre-seguretat-i-defensa\/\" \/>\n<meta property=\"og:locale\" content=\"en_US\" \/>\n<meta property=\"og:type\" content=\"article\" \/>\n<meta property=\"og:title\" content=\"IV Seminari sobre Seguretat i Defensa - CEI International Affairs\" \/>\n<meta property=\"og:description\" content=\"PLACES ESGOTADES! PRESENTACI\u00d3: Estat Isl\u00e0mic (en les seves sigles angleses ISIS) \u00e9s una organitzaci\u00f3 jihadista desvinculada d&#8217;Al-Qaida que controla franges territorials de l&#8217;Iraq, S\u00edria i L\u00edbia a partir del domini de la poblaci\u00f3 exercit a trav\u00e9s d&#8217;accions de terror, genocidi i, alhora, a trav\u00e9s de la prestaci\u00f3 de serveis p\u00fablics als sunnites. Es nodreix de [&hellip;]\" \/>\n<meta property=\"og:url\" content=\"https:\/\/www.ceibcn.com\/en\/2015\/09\/iv-seminari-sobre-seguretat-i-defensa\/\" \/>\n<meta property=\"og:site_name\" content=\"CEI International Affairs\" \/>\n<meta property=\"article:publisher\" content=\"https:\/\/www.facebook.com\/CEI.CentroDeEstudiosInternacionales\/\" \/>\n<meta property=\"article:published_time\" content=\"2015-09-09T10:39:10+00:00\" \/>\n<meta property=\"og:image\" content=\"https:\/\/www.ceibcn.com\/wp-content\/uploads\/2015\/09\/IVJornadaSegIdefCAT.png\" \/>\n\t<meta property=\"og:image:width\" content=\"600\" \/>\n\t<meta property=\"og:image:height\" content=\"232\" \/>\n\t<meta property=\"og:image:type\" content=\"image\/png\" \/>\n<meta name=\"author\" content=\"Cristian Romero Velasco\" \/>\n<meta name=\"twitter:card\" content=\"summary_large_image\" \/>\n<meta name=\"twitter:creator\" content=\"@CEIbcn\" \/>\n<meta name=\"twitter:site\" content=\"@CEIbcn\" \/>\n<meta name=\"twitter:label1\" content=\"Written by\" \/>\n\t<meta name=\"twitter:data1\" content=\"Cristian Romero Velasco\" \/>\n\t<meta name=\"twitter:label2\" content=\"Est. reading time\" \/>\n\t<meta name=\"twitter:data2\" content=\"3 minutes\" \/>\n<script type=\"application\/ld+json\" class=\"yoast-schema-graph\">{\"@context\":\"https:\/\/schema.org\",\"@graph\":[{\"@type\":\"Article\",\"@id\":\"https:\/\/www.ceibcn.com\/en\/2015\/09\/iv-seminari-sobre-seguretat-i-defensa\/#article\",\"isPartOf\":{\"@id\":\"https:\/\/www.ceibcn.com\/en\/2015\/09\/iv-seminari-sobre-seguretat-i-defensa\/\"},\"author\":{\"name\":\"Cristian Romero Velasco\",\"@id\":\"https:\/\/www.ceibcn.com\/en\/#\/schema\/person\/4ef9992ee2fbd3987a5e1834e5d5808d\"},\"headline\":\"IV Seminari sobre Seguretat i Defensa\",\"datePublished\":\"2015-09-09T10:39:10+00:00\",\"mainEntityOfPage\":{\"@id\":\"https:\/\/www.ceibcn.com\/en\/2015\/09\/iv-seminari-sobre-seguretat-i-defensa\/\"},\"wordCount\":548,\"commentCount\":0,\"publisher\":{\"@id\":\"https:\/\/www.ceibcn.com\/en\/#organization\"},\"image\":{\"@id\":\"https:\/\/www.ceibcn.com\/en\/2015\/09\/iv-seminari-sobre-seguretat-i-defensa\/#primaryimage\"},\"thumbnailUrl\":\"https:\/\/www.ceibcn.com\/wp-content\/uploads\/2015\/09\/IVJornadaSegIdefCAT.png\",\"articleSection\":[\"Aula Internacional\"],\"inLanguage\":\"en-US\",\"potentialAction\":[{\"@type\":\"CommentAction\",\"name\":\"Comment\",\"target\":[\"https:\/\/www.ceibcn.com\/en\/2015\/09\/iv-seminari-sobre-seguretat-i-defensa\/#respond\"]}]},{\"@type\":\"WebPage\",\"@id\":\"https:\/\/www.ceibcn.com\/en\/2015\/09\/iv-seminari-sobre-seguretat-i-defensa\/\",\"url\":\"https:\/\/www.ceibcn.com\/en\/2015\/09\/iv-seminari-sobre-seguretat-i-defensa\/\",\"name\":\"IV Seminari sobre Seguretat i Defensa - CEI International Affairs\",\"isPartOf\":{\"@id\":\"https:\/\/www.ceibcn.com\/en\/#website\"},\"primaryImageOfPage\":{\"@id\":\"https:\/\/www.ceibcn.com\/en\/2015\/09\/iv-seminari-sobre-seguretat-i-defensa\/#primaryimage\"},\"image\":{\"@id\":\"https:\/\/www.ceibcn.com\/en\/2015\/09\/iv-seminari-sobre-seguretat-i-defensa\/#primaryimage\"},\"thumbnailUrl\":\"https:\/\/www.ceibcn.com\/wp-content\/uploads\/2015\/09\/IVJornadaSegIdefCAT.png\",\"datePublished\":\"2015-09-09T10:39:10+00:00\",\"breadcrumb\":{\"@id\":\"https:\/\/www.ceibcn.com\/en\/2015\/09\/iv-seminari-sobre-seguretat-i-defensa\/#breadcrumb\"},\"inLanguage\":\"en-US\",\"potentialAction\":[{\"@type\":\"ReadAction\",\"target\":[\"https:\/\/www.ceibcn.com\/en\/2015\/09\/iv-seminari-sobre-seguretat-i-defensa\/\"]}]},{\"@type\":\"ImageObject\",\"inLanguage\":\"en-US\",\"@id\":\"https:\/\/www.ceibcn.com\/en\/2015\/09\/iv-seminari-sobre-seguretat-i-defensa\/#primaryimage\",\"url\":\"https:\/\/www.ceibcn.com\/wp-content\/uploads\/2015\/09\/IVJornadaSegIdefCAT.png\",\"contentUrl\":\"https:\/\/www.ceibcn.com\/wp-content\/uploads\/2015\/09\/IVJornadaSegIdefCAT.png\",\"width\":600,\"height\":232,\"caption\":\"IVJornadaSegIdefCAT\"},{\"@type\":\"BreadcrumbList\",\"@id\":\"https:\/\/www.ceibcn.com\/en\/2015\/09\/iv-seminari-sobre-seguretat-i-defensa\/#breadcrumb\",\"itemListElement\":[{\"@type\":\"ListItem\",\"position\":1,\"name\":\"Portada\",\"item\":\"https:\/\/www.ceibcn.com\/en\/\"},{\"@type\":\"ListItem\",\"position\":2,\"name\":\"IV Seminari sobre Seguretat i Defensa\"}]},{\"@type\":\"WebSite\",\"@id\":\"https:\/\/www.ceibcn.com\/en\/#website\",\"url\":\"https:\/\/www.ceibcn.com\/en\/\",\"name\":\"CEI International Affairs\",\"description\":\"CEI International Affairs\",\"publisher\":{\"@id\":\"https:\/\/www.ceibcn.com\/en\/#organization\"},\"alternateName\":\"CEI International Affairs\",\"potentialAction\":[{\"@type\":\"SearchAction\",\"target\":{\"@type\":\"EntryPoint\",\"urlTemplate\":\"https:\/\/www.ceibcn.com\/en\/?s={search_term_string}\"},\"query-input\":{\"@type\":\"PropertyValueSpecification\",\"valueRequired\":true,\"valueName\":\"search_term_string\"}}],\"inLanguage\":\"en-US\"},{\"@type\":\"Organization\",\"@id\":\"https:\/\/www.ceibcn.com\/en\/#organization\",\"name\":\"CEI International Affairs\",\"url\":\"https:\/\/www.ceibcn.com\/en\/\",\"logo\":{\"@type\":\"ImageObject\",\"inLanguage\":\"en-US\",\"@id\":\"https:\/\/www.ceibcn.com\/en\/#\/schema\/logo\/image\/\",\"url\":\"https:\/\/www.ceibcn.com\/wp-content\/uploads\/2021\/09\/CeiLogo_EscuelaDiploVectorized_vectorizedSIN_FONDO.png\",\"contentUrl\":\"https:\/\/www.ceibcn.com\/wp-content\/uploads\/2021\/09\/CeiLogo_EscuelaDiploVectorized_vectorizedSIN_FONDO.png\",\"width\":1591,\"height\":629,\"caption\":\"CEI International Affairs\"},\"image\":{\"@id\":\"https:\/\/www.ceibcn.com\/en\/#\/schema\/logo\/image\/\"},\"sameAs\":[\"https:\/\/www.facebook.com\/CEI.CentroDeEstudiosInternacionales\/\",\"https:\/\/x.com\/CEIbcn\",\"https:\/\/www.instagram.com\/cei_international\/\"]},{\"@type\":\"Person\",\"@id\":\"https:\/\/www.ceibcn.com\/en\/#\/schema\/person\/4ef9992ee2fbd3987a5e1834e5d5808d\",\"name\":\"Cristian Romero Velasco\",\"image\":{\"@type\":\"ImageObject\",\"inLanguage\":\"en-US\",\"@id\":\"https:\/\/www.ceibcn.com\/en\/#\/schema\/person\/image\/\",\"url\":\"https:\/\/secure.gravatar.com\/avatar\/d78c33ad7f1570635ae9c9cb6274fe682bd5872dfde7a5448127d7825dd90943?s=96&d=mm&r=g\",\"contentUrl\":\"https:\/\/secure.gravatar.com\/avatar\/d78c33ad7f1570635ae9c9cb6274fe682bd5872dfde7a5448127d7825dd90943?s=96&d=mm&r=g\",\"caption\":\"Cristian Romero Velasco\"},\"url\":\"https:\/\/www.ceibcn.com\/en\/author\/cristian\/\"}]}<\/script>\n<!-- \/ Yoast SEO plugin. -->","yoast_head_json":{"title":"IV Seminari sobre Seguretat i Defensa - CEI International Affairs","robots":{"index":"index","follow":"follow","max-snippet":"max-snippet:-1","max-image-preview":"max-image-preview:large","max-video-preview":"max-video-preview:-1"},"canonical":"https:\/\/www.ceibcn.com\/en\/2015\/09\/iv-seminari-sobre-seguretat-i-defensa\/","og_locale":"en_US","og_type":"article","og_title":"IV Seminari sobre Seguretat i Defensa - CEI International Affairs","og_description":"PLACES ESGOTADES! PRESENTACI\u00d3: Estat Isl\u00e0mic (en les seves sigles angleses ISIS) \u00e9s una organitzaci\u00f3 jihadista desvinculada d&#8217;Al-Qaida que controla franges territorials de l&#8217;Iraq, S\u00edria i L\u00edbia a partir del domini de la poblaci\u00f3 exercit a trav\u00e9s d&#8217;accions de terror, genocidi i, alhora, a trav\u00e9s de la prestaci\u00f3 de serveis p\u00fablics als sunnites. Es nodreix de [&hellip;]","og_url":"https:\/\/www.ceibcn.com\/en\/2015\/09\/iv-seminari-sobre-seguretat-i-defensa\/","og_site_name":"CEI International Affairs","article_publisher":"https:\/\/www.facebook.com\/CEI.CentroDeEstudiosInternacionales\/","article_published_time":"2015-09-09T10:39:10+00:00","og_image":[{"width":600,"height":232,"url":"https:\/\/www.ceibcn.com\/wp-content\/uploads\/2015\/09\/IVJornadaSegIdefCAT.png","type":"image\/png"}],"author":"Cristian Romero Velasco","twitter_card":"summary_large_image","twitter_creator":"@CEIbcn","twitter_site":"@CEIbcn","twitter_misc":{"Written by":"Cristian Romero Velasco","Est. reading time":"3 minutes"},"schema":{"@context":"https:\/\/schema.org","@graph":[{"@type":"Article","@id":"https:\/\/www.ceibcn.com\/en\/2015\/09\/iv-seminari-sobre-seguretat-i-defensa\/#article","isPartOf":{"@id":"https:\/\/www.ceibcn.com\/en\/2015\/09\/iv-seminari-sobre-seguretat-i-defensa\/"},"author":{"name":"Cristian Romero Velasco","@id":"https:\/\/www.ceibcn.com\/en\/#\/schema\/person\/4ef9992ee2fbd3987a5e1834e5d5808d"},"headline":"IV Seminari sobre Seguretat i Defensa","datePublished":"2015-09-09T10:39:10+00:00","mainEntityOfPage":{"@id":"https:\/\/www.ceibcn.com\/en\/2015\/09\/iv-seminari-sobre-seguretat-i-defensa\/"},"wordCount":548,"commentCount":0,"publisher":{"@id":"https:\/\/www.ceibcn.com\/en\/#organization"},"image":{"@id":"https:\/\/www.ceibcn.com\/en\/2015\/09\/iv-seminari-sobre-seguretat-i-defensa\/#primaryimage"},"thumbnailUrl":"https:\/\/www.ceibcn.com\/wp-content\/uploads\/2015\/09\/IVJornadaSegIdefCAT.png","articleSection":["Aula Internacional"],"inLanguage":"en-US","potentialAction":[{"@type":"CommentAction","name":"Comment","target":["https:\/\/www.ceibcn.com\/en\/2015\/09\/iv-seminari-sobre-seguretat-i-defensa\/#respond"]}]},{"@type":"WebPage","@id":"https:\/\/www.ceibcn.com\/en\/2015\/09\/iv-seminari-sobre-seguretat-i-defensa\/","url":"https:\/\/www.ceibcn.com\/en\/2015\/09\/iv-seminari-sobre-seguretat-i-defensa\/","name":"IV Seminari sobre Seguretat i Defensa - CEI International Affairs","isPartOf":{"@id":"https:\/\/www.ceibcn.com\/en\/#website"},"primaryImageOfPage":{"@id":"https:\/\/www.ceibcn.com\/en\/2015\/09\/iv-seminari-sobre-seguretat-i-defensa\/#primaryimage"},"image":{"@id":"https:\/\/www.ceibcn.com\/en\/2015\/09\/iv-seminari-sobre-seguretat-i-defensa\/#primaryimage"},"thumbnailUrl":"https:\/\/www.ceibcn.com\/wp-content\/uploads\/2015\/09\/IVJornadaSegIdefCAT.png","datePublished":"2015-09-09T10:39:10+00:00","breadcrumb":{"@id":"https:\/\/www.ceibcn.com\/en\/2015\/09\/iv-seminari-sobre-seguretat-i-defensa\/#breadcrumb"},"inLanguage":"en-US","potentialAction":[{"@type":"ReadAction","target":["https:\/\/www.ceibcn.com\/en\/2015\/09\/iv-seminari-sobre-seguretat-i-defensa\/"]}]},{"@type":"ImageObject","inLanguage":"en-US","@id":"https:\/\/www.ceibcn.com\/en\/2015\/09\/iv-seminari-sobre-seguretat-i-defensa\/#primaryimage","url":"https:\/\/www.ceibcn.com\/wp-content\/uploads\/2015\/09\/IVJornadaSegIdefCAT.png","contentUrl":"https:\/\/www.ceibcn.com\/wp-content\/uploads\/2015\/09\/IVJornadaSegIdefCAT.png","width":600,"height":232,"caption":"IVJornadaSegIdefCAT"},{"@type":"BreadcrumbList","@id":"https:\/\/www.ceibcn.com\/en\/2015\/09\/iv-seminari-sobre-seguretat-i-defensa\/#breadcrumb","itemListElement":[{"@type":"ListItem","position":1,"name":"Portada","item":"https:\/\/www.ceibcn.com\/en\/"},{"@type":"ListItem","position":2,"name":"IV Seminari sobre Seguretat i Defensa"}]},{"@type":"WebSite","@id":"https:\/\/www.ceibcn.com\/en\/#website","url":"https:\/\/www.ceibcn.com\/en\/","name":"CEI International Affairs","description":"CEI International Affairs","publisher":{"@id":"https:\/\/www.ceibcn.com\/en\/#organization"},"alternateName":"CEI International Affairs","potentialAction":[{"@type":"SearchAction","target":{"@type":"EntryPoint","urlTemplate":"https:\/\/www.ceibcn.com\/en\/?s={search_term_string}"},"query-input":{"@type":"PropertyValueSpecification","valueRequired":true,"valueName":"search_term_string"}}],"inLanguage":"en-US"},{"@type":"Organization","@id":"https:\/\/www.ceibcn.com\/en\/#organization","name":"CEI International Affairs","url":"https:\/\/www.ceibcn.com\/en\/","logo":{"@type":"ImageObject","inLanguage":"en-US","@id":"https:\/\/www.ceibcn.com\/en\/#\/schema\/logo\/image\/","url":"https:\/\/www.ceibcn.com\/wp-content\/uploads\/2021\/09\/CeiLogo_EscuelaDiploVectorized_vectorizedSIN_FONDO.png","contentUrl":"https:\/\/www.ceibcn.com\/wp-content\/uploads\/2021\/09\/CeiLogo_EscuelaDiploVectorized_vectorizedSIN_FONDO.png","width":1591,"height":629,"caption":"CEI International Affairs"},"image":{"@id":"https:\/\/www.ceibcn.com\/en\/#\/schema\/logo\/image\/"},"sameAs":["https:\/\/www.facebook.com\/CEI.CentroDeEstudiosInternacionales\/","https:\/\/x.com\/CEIbcn","https:\/\/www.instagram.com\/cei_international\/"]},{"@type":"Person","@id":"https:\/\/www.ceibcn.com\/en\/#\/schema\/person\/4ef9992ee2fbd3987a5e1834e5d5808d","name":"Cristian Romero Velasco","image":{"@type":"ImageObject","inLanguage":"en-US","@id":"https:\/\/www.ceibcn.com\/en\/#\/schema\/person\/image\/","url":"https:\/\/secure.gravatar.com\/avatar\/d78c33ad7f1570635ae9c9cb6274fe682bd5872dfde7a5448127d7825dd90943?s=96&d=mm&r=g","contentUrl":"https:\/\/secure.gravatar.com\/avatar\/d78c33ad7f1570635ae9c9cb6274fe682bd5872dfde7a5448127d7825dd90943?s=96&d=mm&r=g","caption":"Cristian Romero Velasco"},"url":"https:\/\/www.ceibcn.com\/en\/author\/cristian\/"}]}},"_links":{"self":[{"href":"https:\/\/www.ceibcn.com\/en\/wp-json\/wp\/v2\/posts\/1671","targetHints":{"allow":["GET"]}}],"collection":[{"href":"https:\/\/www.ceibcn.com\/en\/wp-json\/wp\/v2\/posts"}],"about":[{"href":"https:\/\/www.ceibcn.com\/en\/wp-json\/wp\/v2\/types\/post"}],"author":[{"embeddable":true,"href":"https:\/\/www.ceibcn.com\/en\/wp-json\/wp\/v2\/users\/6"}],"replies":[{"embeddable":true,"href":"https:\/\/www.ceibcn.com\/en\/wp-json\/wp\/v2\/comments?post=1671"}],"version-history":[{"count":0,"href":"https:\/\/www.ceibcn.com\/en\/wp-json\/wp\/v2\/posts\/1671\/revisions"}],"wp:featuredmedia":[{"embeddable":true,"href":"https:\/\/www.ceibcn.com\/en\/wp-json\/wp\/v2\/media\/1668"}],"wp:attachment":[{"href":"https:\/\/www.ceibcn.com\/en\/wp-json\/wp\/v2\/media?parent=1671"}],"wp:term":[{"taxonomy":"category","embeddable":true,"href":"https:\/\/www.ceibcn.com\/en\/wp-json\/wp\/v2\/categories?post=1671"},{"taxonomy":"post_tag","embeddable":true,"href":"https:\/\/www.ceibcn.com\/en\/wp-json\/wp\/v2\/tags?post=1671"}],"curies":[{"name":"wp","href":"https:\/\/api.w.org\/{rel}","templated":true}]}}