{"id":1707,"date":"2015-10-29T09:42:50","date_gmt":"2015-10-29T09:42:50","guid":{"rendered":"https:\/\/www.ceibcn.com\/2015\/10\/la-crisis-de-los-refugiados-es-posible-todavia-una-respuesta-europea-conjunta\/"},"modified":"2015-10-29T09:42:50","modified_gmt":"2015-10-29T09:42:50","slug":"la-crisis-de-los-refugiados-es-posible-todavia-una-respuesta-europea-conjunta","status":"publish","type":"post","link":"https:\/\/www.ceibcn.com\/en\/2015\/10\/la-crisis-de-los-refugiados-es-posible-todavia-una-respuesta-europea-conjunta\/","title":{"rendered":"La crisis de los refugiados: \u00bfEs posible todav\u00eda una respuesta europea conjunta?"},"content":{"rendered":"<p style=\"margin: 15pt 0cm 7.5pt; text-align: justify; line-height: 12pt; background-image: initial; background-attachment: initial; background-position: initial; background-repeat: initial;\">Seminario dedicado al estudio y reflexi\u00f3n sobre la situaci\u00f3n actual de los refugiados en Europa. Pr\u00f3ximo 12 de noviembre de 2015 a las 16:30h.<\/p>\n<p><!--more--><\/p>\n<p>&nbsp;<strong style=\"line-height: 12pt;\"><span style=\"color: #118ec9;\"><strong style=\"line-height: 12pt; text-align: justify;\"><span><img fetchpriority=\"high\" decoding=\"async\" class=\" size-full wp-image-1704\" src=\"https:\/\/www.ceibcn.com\/wp-content\/uploads\/2015\/10\/JornadaRefugiats_CAST.png\" alt=\"JornadaRefugiats CAST\" width=\"523\" height=\"202\" srcset=\"https:\/\/www.ceibcn.com\/wp-content\/uploads\/2015\/10\/JornadaRefugiats_CAST.png 600w, https:\/\/www.ceibcn.com\/wp-content\/uploads\/2015\/10\/JornadaRefugiats_CAST-300x116.png 300w, https:\/\/www.ceibcn.com\/wp-content\/uploads\/2015\/10\/JornadaRefugiats_CAST-150x58.png 150w\" sizes=\"(max-width: 523px) 100vw, 523px\" \/><\/span><\/strong><\/span><\/strong><\/p>\n<p style=\"margin: 15pt 0cm 7.5pt; text-align: justify; line-height: 12pt; background-image: initial; background-attachment: initial; background-position: initial; background-repeat: initial;\"><span style=\"color: #ff0000; font-size-anulat: 12pt;\"><strong style=\"line-height: 12pt;\">\u00a1PLAZAS AGOTADAS!<\/strong><\/span><\/p>\n<p style=\"margin: 15pt 0cm 7.5pt; text-align: justify; line-height: 12pt; background-image: initial; background-attachment: initial; background-position: initial; background-repeat: initial;\"><strong style=\"line-height: 12pt;\"><span style=\"color: #118ec9;\">PROGRAMA:<\/span><\/strong><\/p>\n<p style=\"margin-bottom: 6.75pt; text-align: justify; line-height: 13.5pt; background-image: initial; background-attachment: initial; background-position: initial; background-repeat: initial;\"><strong><span style=\"color: #1f497d;\">16:30h.<\/span><\/strong>&nbsp;<strong><span style=\"color: #1f497d;\">Presentaci\u00f3n de la Jornada<\/span><\/strong><\/p>\n<p style=\"margin-bottom: 6.75pt; text-align: justify; line-height: 13.5pt; background-image: initial; background-attachment: initial; background-position: initial; background-repeat: initial;\"><strong>Excmo. Sr. Fernando Perpi\u00f1\u00e1-Robert<\/strong>, Embajador de Espa\u00f1a y tutor del CEI International Affairs.<\/p>\n<p style=\"margin-bottom: 6.75pt; text-align: justify; line-height: 13.5pt; background-image: initial; background-attachment: initial; background-position: initial; background-repeat: initial;\"><strong>Sr. Ra\u00fcl Blanco<\/strong>, Profesor de Econom\u00eda Aplicada, Universitat de Barcelona.&nbsp;<\/p>\n<p style=\"margin-bottom: 6.75pt; text-align: justify; line-height: 13.5pt; background-image: initial; background-attachment: initial; background-position: initial; background-repeat: initial;\">&nbsp;<\/p>\n<p style=\"margin-bottom: 6.75pt; text-align: justify; line-height: 13.5pt; background-image: initial; background-attachment: initial; background-position: initial; background-repeat: initial;\"><strong><span style=\"color: #1f497d;\">16:45h. &#8211; 17:00h.<\/span><\/strong>&nbsp;<strong><span style=\"color: #1f497d;\">La visi\u00f3n desde Alemania<\/span><\/strong><\/p>\n<p style=\"margin-bottom: 6.75pt; text-align: justify; line-height: 13.5pt; background-image: initial; background-attachment: initial; background-position: initial; background-repeat: initial;\"><strong>Excmo. Sr. Rainer Eberle<\/strong>, C\u00f3nsul General de Alemania en Barcelona<\/p>\n<p style=\"margin-bottom: 6.75pt; text-align: justify; line-height: 13.5pt; background-image: initial; background-attachment: initial; background-position: initial; background-repeat: initial;\">&nbsp;<\/p>\n<p style=\"margin-bottom: 6.75pt; text-align: justify; line-height: 13.5pt; background-image: initial; background-attachment: initial; background-position: initial; background-repeat: initial;\"><strong><span style=\"color: #1f497d;\">17:00h.&nbsp;&#8211; 17:15h. La visi\u00f3n desde Hungr\u00eda<\/span><\/strong><\/p>\n<p style=\"margin-bottom: 6.75pt; text-align: justify; line-height: 13.5pt; background-image: initial; background-attachment: initial; background-position: initial; background-repeat: initial;\"><strong>Dr. S\u00e1ndor Gyula Nagy<\/strong>, Senior Research Fellow, Instituto de Asuntos Exteriores y Comercio, Ministerio de Asuntos Exteriores de Hungr\u00eda.<\/p>\n<p style=\"margin-bottom: 6.75pt; text-align: justify; line-height: 13.5pt; background-image: initial; background-attachment: initial; background-position: initial; background-repeat: initial;\">&nbsp;<\/p>\n<p style=\"margin-bottom: 6.75pt; text-align: justify; line-height: 13.5pt; background-image: initial; background-attachment: initial; background-position: initial; background-repeat: initial;\"><strong><span style=\"color: #1f497d;\">17:15h. &#8211; 17:30h. El derecho de asilo en Europa como derecho humano<\/span><\/strong><\/p>\n<p style=\"margin-bottom: 6.75pt; text-align: justify; line-height: 13.5pt; background-image: initial; background-attachment: initial; background-position: initial; background-repeat: initial;\"><strong>Dr. David Bondia<\/strong>, Profesor de Derecho Internacional P\u00fablico y Relaciones Internacionales, Universitat de Barcelona.<\/p>\n<p style=\"margin-bottom: 6.75pt; text-align: justify; line-height: 13.5pt; background-image: initial; background-attachment: initial; background-position: initial; background-repeat: initial;\">&nbsp;<\/p>\n<p style=\"margin-bottom: 6.75pt; text-align: justify; line-height: 13.5pt; background-image: initial; background-attachment: initial; background-position: initial; background-repeat: initial;\"><strong><span style=\"color: #1f497d;\">17:30h. &#8211; 17:45h. \u00bfCu\u00e1l es la situaci\u00f3n en Catalu\u00f1a y c\u00f3mo se est\u00e1 actuando al respecto?<\/span><\/strong><\/p>\n<p style=\"margin-bottom: 6.75pt; text-align: justify; line-height: 13.5pt; background-image: initial; background-attachment: initial; background-position: initial; background-repeat: initial;\"><span style=\"font-family-anulat: Helvetica, sans-serif; font-size-anulat: 10pt; line-height: 13.5pt;\"><strong>Sra. Estel\u00b7la Pareja<\/strong>, Directora de la Comisi\u00f3n Catalana de Ayuda al Refugiado<\/span><\/p>\n<p style=\"margin-bottom: 6.75pt; text-align: justify; line-height: 13.5pt; background-image: initial; background-attachment: initial; background-position: initial; background-repeat: initial;\">&nbsp;<\/p>\n<p style=\"margin-bottom: 6.75pt; text-align: justify; line-height: 13.5pt; background-image: initial; background-attachment: initial; background-position: initial; background-repeat: initial;\">&nbsp;<\/p>\n<p style=\"margin-bottom: 6.75pt; text-align: justify; line-height: 13.5pt; background-image: initial; background-attachment: initial; background-position: initial; background-repeat: initial;\"><span style=\"font-size-anulat: 10pt; font-family-anulat: Helvetica, sans-serif;\"><strong style=\"text-align: justify;\"><span style=\"color: #1f497d;\">17:45h. &#8211; 18:15h. Debate<\/span><\/strong><\/span><\/p>\n<p style=\"margin-bottom: 6.75pt; text-align: justify; line-height: 13.5pt; background-image: initial; background-attachment: initial; background-position: initial; background-repeat: initial;\"><span style=\"text-decoration: underline;\"><span style=\"font-size-anulat: 10pt; font-family-anulat: Helvetica, sans-serif;\">Modera:<\/span><\/span><span style=\"font-size-anulat: 10pt; font-family-anulat: Helvetica, sans-serif;\">&nbsp;<\/span><strong>Excmo. Sr. Fernando Perpi\u00f1\u00e1-Robert<\/strong>, Embajador de Espa\u00f1a y tutor del CEI International Affairs.<\/p>\n<p style=\"margin: 15pt 0cm 7.5pt; line-height: 12pt; background-image: initial; background-attachment: initial; background-position: initial; background-repeat: initial;\">&nbsp;<\/p>\n<p style=\"margin: 15pt 0cm 7.5pt; line-height: 12pt; background-image: initial; background-attachment: initial; background-position: initial; background-repeat: initial;\"><strong><span style=\"font-size-anulat: 10.5pt; font-family-anulat: Helvetica, sans-serif; color: #118ec9;\">Informaci\u00f3n General<\/span><\/strong><\/p>\n<p style=\"margin-bottom: 6.75pt; line-height: 13.5pt; background-image: initial; background-attachment: initial; background-position: initial; background-repeat: initial;\"><span style=\"font-size-anulat: 10pt; font-family-anulat: Helvetica, sans-serif;\">Fecha:&nbsp;<strong>12 de noviembre de 2015<\/strong><\/span><\/p>\n<p style=\"margin-bottom: 6.75pt; line-height: 13.5pt; background-image: initial; background-attachment: initial; background-position: initial; background-repeat: initial;\"><span style=\"font-size-anulat: 10pt; font-family-anulat: Helvetica, sans-serif;\">Precio:&nbsp;<strong>5 Euros*&nbsp;<\/strong>(<\/span>destinados \u00edntegramente a la <a href=\"http:\/\/www.ccar.cat\/?lang=es\">Comisi\u00f3n Catalana de Ayuda al Refugiado<\/a>)<\/p>\n<p style=\"margin-bottom: 6.75pt; line-height: 13.5pt; background-image: initial; background-attachment: initial; background-position: initial; background-repeat: initial;\"><span style=\"font-size-anulat: 10pt; font-family-anulat: Helvetica, sans-serif;\">Lugar:&nbsp;<strong>Sede del CEI International Affairs<\/strong>.&nbsp;<a href=\"es\/coneix-nos\/presentacio\/consell-academic\/conocenos\/donde-estamos\">Avenida Vallvidrera, 25. 08017 Barcelona<\/a><\/span><\/p>\n<p style=\"margin-bottom: 6.75pt; line-height: 13.5pt; background-image: initial; background-attachment: initial; background-position: initial; background-repeat: initial;\">&nbsp;<\/p>\n<p style=\"margin-bottom: 6.75pt; line-height: 13.5pt; background-image: initial; background-attachment: initial; background-position: initial; background-repeat: initial;\">\u00a1PLAZAS LIMITADAS!&nbsp;<\/p>\n<p style=\"margin-bottom: 6.75pt; line-height: 13.5pt; background-image: initial; background-attachment: initial; background-position: initial; background-repeat: initial;\">&nbsp;<\/p>\n<p style=\"margin-bottom: 6.75pt; line-height: 13.5pt; background-image: initial; background-attachment: initial; background-position: initial; background-repeat: initial;\"><em><span style=\"font-size-anulat: 10pt; font-family-anulat: Helvetica, sans-serif;\">*<em>El pago en efectivo deber\u00e1 realizarse el mismo d\u00eda del Seminario en la secretar\u00eda del centro.<\/em><\/span><\/em><\/p>\n<p style=\"margin-bottom: 6.75pt; line-height: 13.5pt; background-image: initial; background-attachment: initial; background-position: initial; background-repeat: initial;\"><em style=\"line-height: 13.5pt;\"><span style=\"font-size-anulat: 10pt; font-family-anulat: Helvetica, sans-serif;\">Fecha l\u00edmite de inscripci\u00f3n: 11 de noviembre de 2015<\/span><\/em><\/p>\n<p style=\"margin-bottom: 6.75pt; line-height: 13.5pt; background-image: initial; background-attachment: initial; background-position: initial; background-repeat: initial;\">&nbsp;<\/p>\n<p style=\"margin-bottom: 6.75pt; line-height: 13.5pt; background-image: initial; background-attachment: initial; background-position: initial; background-repeat: initial;\"><span style=\"color: red;\">Asignaci\u00f3n de plazas por riguroso orden de inscripci\u00f3n.&nbsp;Para asistir es imprescindible inscribirse previamente indicando su nombre y apellidos en la siguiente direcci\u00f3n de correo electr\u00f3nico: <a href=\"mailto:info@ceibcn.com\">info@ceibcn.com<\/a><\/span><\/p>\n","protected":false},"excerpt":{"rendered":"<p>Seminario dedicado al estudio y reflexi\u00f3n sobre la situaci\u00f3n actual de los refugiados en Europa. Pr\u00f3ximo 12 de noviembre de 2015 a las 16:30h.<\/p>\n","protected":false},"author":6,"featured_media":1704,"comment_status":"open","ping_status":"closed","sticky":false,"template":"","format":"standard","meta":{"_acf_changed":false,"_crdt_document":"","inline_featured_image":false,"footnotes":""},"categories":[25],"tags":[],"class_list":["post-1707","post","type-post","status-publish","format-standard","has-post-thumbnail","hentry","category-aula-internacional"],"acf":[],"yoast_head":"<!-- This site is optimized with the Yoast SEO plugin v27.0 - https:\/\/yoast.com\/product\/yoast-seo-wordpress\/ -->\n<title>La crisis de los refugiados: \u00bfEs posible todav\u00eda una respuesta europea conjunta? - CEI International Affairs<\/title>\n<meta name=\"robots\" content=\"index, follow, max-snippet:-1, max-image-preview:large, max-video-preview:-1\" \/>\n<link rel=\"canonical\" href=\"https:\/\/www.ceibcn.com\/en\/2015\/10\/la-crisis-de-los-refugiados-es-posible-todavia-una-respuesta-europea-conjunta\/\" \/>\n<meta property=\"og:locale\" content=\"en_US\" \/>\n<meta property=\"og:type\" content=\"article\" \/>\n<meta property=\"og:title\" content=\"La crisis de los refugiados: \u00bfEs posible todav\u00eda una respuesta europea conjunta? - CEI International Affairs\" \/>\n<meta property=\"og:description\" content=\"Seminario dedicado al estudio y reflexi\u00f3n sobre la situaci\u00f3n actual de los refugiados en Europa. Pr\u00f3ximo 12 de noviembre de 2015 a las 16:30h.\" \/>\n<meta property=\"og:url\" content=\"https:\/\/www.ceibcn.com\/en\/2015\/10\/la-crisis-de-los-refugiados-es-posible-todavia-una-respuesta-europea-conjunta\/\" \/>\n<meta property=\"og:site_name\" content=\"CEI International Affairs\" \/>\n<meta property=\"article:publisher\" content=\"https:\/\/www.facebook.com\/CEI.CentroDeEstudiosInternacionales\/\" \/>\n<meta property=\"article:published_time\" content=\"2015-10-29T09:42:50+00:00\" \/>\n<meta property=\"og:image\" content=\"https:\/\/www.ceibcn.com\/wp-content\/uploads\/2015\/10\/JornadaRefugiats_CAST.png\" \/>\n\t<meta property=\"og:image:width\" content=\"600\" \/>\n\t<meta property=\"og:image:height\" content=\"232\" \/>\n\t<meta property=\"og:image:type\" content=\"image\/png\" \/>\n<meta name=\"author\" content=\"Cristian Romero Velasco\" \/>\n<meta name=\"twitter:card\" content=\"summary_large_image\" \/>\n<meta name=\"twitter:creator\" content=\"@CEIbcn\" \/>\n<meta name=\"twitter:site\" content=\"@CEIbcn\" \/>\n<meta name=\"twitter:label1\" content=\"Written by\" \/>\n\t<meta name=\"twitter:data1\" content=\"Cristian Romero Velasco\" \/>\n\t<meta name=\"twitter:label2\" content=\"Est. reading time\" \/>\n\t<meta name=\"twitter:data2\" content=\"2 minutes\" \/>\n<script type=\"application\/ld+json\" class=\"yoast-schema-graph\">{\"@context\":\"https:\/\/schema.org\",\"@graph\":[{\"@type\":\"Article\",\"@id\":\"https:\/\/www.ceibcn.com\/en\/2015\/10\/la-crisis-de-los-refugiados-es-posible-todavia-una-respuesta-europea-conjunta\/#article\",\"isPartOf\":{\"@id\":\"https:\/\/www.ceibcn.com\/en\/2015\/10\/la-crisis-de-los-refugiados-es-posible-todavia-una-respuesta-europea-conjunta\/\"},\"author\":{\"name\":\"Cristian Romero Velasco\",\"@id\":\"https:\/\/www.ceibcn.com\/en\/#\/schema\/person\/4ef9992ee2fbd3987a5e1834e5d5808d\"},\"headline\":\"La crisis de los refugiados: \u00bfEs posible todav\u00eda una respuesta europea conjunta?\",\"datePublished\":\"2015-10-29T09:42:50+00:00\",\"mainEntityOfPage\":{\"@id\":\"https:\/\/www.ceibcn.com\/en\/2015\/10\/la-crisis-de-los-refugiados-es-posible-todavia-una-respuesta-europea-conjunta\/\"},\"wordCount\":318,\"commentCount\":0,\"publisher\":{\"@id\":\"https:\/\/www.ceibcn.com\/en\/#organization\"},\"image\":{\"@id\":\"https:\/\/www.ceibcn.com\/en\/2015\/10\/la-crisis-de-los-refugiados-es-posible-todavia-una-respuesta-europea-conjunta\/#primaryimage\"},\"thumbnailUrl\":\"https:\/\/www.ceibcn.com\/wp-content\/uploads\/2015\/10\/JornadaRefugiats_CAST.png\",\"articleSection\":[\"Aula Internacional\"],\"inLanguage\":\"en-US\",\"potentialAction\":[{\"@type\":\"CommentAction\",\"name\":\"Comment\",\"target\":[\"https:\/\/www.ceibcn.com\/en\/2015\/10\/la-crisis-de-los-refugiados-es-posible-todavia-una-respuesta-europea-conjunta\/#respond\"]}]},{\"@type\":\"WebPage\",\"@id\":\"https:\/\/www.ceibcn.com\/en\/2015\/10\/la-crisis-de-los-refugiados-es-posible-todavia-una-respuesta-europea-conjunta\/\",\"url\":\"https:\/\/www.ceibcn.com\/en\/2015\/10\/la-crisis-de-los-refugiados-es-posible-todavia-una-respuesta-europea-conjunta\/\",\"name\":\"La crisis de los refugiados: \u00bfEs posible todav\u00eda una respuesta europea conjunta? - CEI International Affairs\",\"isPartOf\":{\"@id\":\"https:\/\/www.ceibcn.com\/en\/#website\"},\"primaryImageOfPage\":{\"@id\":\"https:\/\/www.ceibcn.com\/en\/2015\/10\/la-crisis-de-los-refugiados-es-posible-todavia-una-respuesta-europea-conjunta\/#primaryimage\"},\"image\":{\"@id\":\"https:\/\/www.ceibcn.com\/en\/2015\/10\/la-crisis-de-los-refugiados-es-posible-todavia-una-respuesta-europea-conjunta\/#primaryimage\"},\"thumbnailUrl\":\"https:\/\/www.ceibcn.com\/wp-content\/uploads\/2015\/10\/JornadaRefugiats_CAST.png\",\"datePublished\":\"2015-10-29T09:42:50+00:00\",\"breadcrumb\":{\"@id\":\"https:\/\/www.ceibcn.com\/en\/2015\/10\/la-crisis-de-los-refugiados-es-posible-todavia-una-respuesta-europea-conjunta\/#breadcrumb\"},\"inLanguage\":\"en-US\",\"potentialAction\":[{\"@type\":\"ReadAction\",\"target\":[\"https:\/\/www.ceibcn.com\/en\/2015\/10\/la-crisis-de-los-refugiados-es-posible-todavia-una-respuesta-europea-conjunta\/\"]}]},{\"@type\":\"ImageObject\",\"inLanguage\":\"en-US\",\"@id\":\"https:\/\/www.ceibcn.com\/en\/2015\/10\/la-crisis-de-los-refugiados-es-posible-todavia-una-respuesta-europea-conjunta\/#primaryimage\",\"url\":\"https:\/\/www.ceibcn.com\/wp-content\/uploads\/2015\/10\/JornadaRefugiats_CAST.png\",\"contentUrl\":\"https:\/\/www.ceibcn.com\/wp-content\/uploads\/2015\/10\/JornadaRefugiats_CAST.png\",\"width\":600,\"height\":232,\"caption\":\"JornadaRefugiats CAST\"},{\"@type\":\"BreadcrumbList\",\"@id\":\"https:\/\/www.ceibcn.com\/en\/2015\/10\/la-crisis-de-los-refugiados-es-posible-todavia-una-respuesta-europea-conjunta\/#breadcrumb\",\"itemListElement\":[{\"@type\":\"ListItem\",\"position\":1,\"name\":\"Portada\",\"item\":\"https:\/\/www.ceibcn.com\/en\/\"},{\"@type\":\"ListItem\",\"position\":2,\"name\":\"La crisis de los refugiados: \u00bfEs posible todav\u00eda una respuesta europea conjunta?\"}]},{\"@type\":\"WebSite\",\"@id\":\"https:\/\/www.ceibcn.com\/en\/#website\",\"url\":\"https:\/\/www.ceibcn.com\/en\/\",\"name\":\"CEI International Affairs\",\"description\":\"CEI International Affairs\",\"publisher\":{\"@id\":\"https:\/\/www.ceibcn.com\/en\/#organization\"},\"alternateName\":\"CEI International Affairs\",\"potentialAction\":[{\"@type\":\"SearchAction\",\"target\":{\"@type\":\"EntryPoint\",\"urlTemplate\":\"https:\/\/www.ceibcn.com\/en\/?s={search_term_string}\"},\"query-input\":{\"@type\":\"PropertyValueSpecification\",\"valueRequired\":true,\"valueName\":\"search_term_string\"}}],\"inLanguage\":\"en-US\"},{\"@type\":\"Organization\",\"@id\":\"https:\/\/www.ceibcn.com\/en\/#organization\",\"name\":\"CEI International Affairs\",\"url\":\"https:\/\/www.ceibcn.com\/en\/\",\"logo\":{\"@type\":\"ImageObject\",\"inLanguage\":\"en-US\",\"@id\":\"https:\/\/www.ceibcn.com\/en\/#\/schema\/logo\/image\/\",\"url\":\"https:\/\/www.ceibcn.com\/wp-content\/uploads\/2021\/09\/CeiLogo_EscuelaDiploVectorized_vectorizedSIN_FONDO.png\",\"contentUrl\":\"https:\/\/www.ceibcn.com\/wp-content\/uploads\/2021\/09\/CeiLogo_EscuelaDiploVectorized_vectorizedSIN_FONDO.png\",\"width\":1591,\"height\":629,\"caption\":\"CEI International Affairs\"},\"image\":{\"@id\":\"https:\/\/www.ceibcn.com\/en\/#\/schema\/logo\/image\/\"},\"sameAs\":[\"https:\/\/www.facebook.com\/CEI.CentroDeEstudiosInternacionales\/\",\"https:\/\/x.com\/CEIbcn\",\"https:\/\/www.instagram.com\/cei_international\/\"]},{\"@type\":\"Person\",\"@id\":\"https:\/\/www.ceibcn.com\/en\/#\/schema\/person\/4ef9992ee2fbd3987a5e1834e5d5808d\",\"name\":\"Cristian Romero Velasco\",\"image\":{\"@type\":\"ImageObject\",\"inLanguage\":\"en-US\",\"@id\":\"https:\/\/www.ceibcn.com\/en\/#\/schema\/person\/image\/\",\"url\":\"https:\/\/secure.gravatar.com\/avatar\/d78c33ad7f1570635ae9c9cb6274fe682bd5872dfde7a5448127d7825dd90943?s=96&d=mm&r=g\",\"contentUrl\":\"https:\/\/secure.gravatar.com\/avatar\/d78c33ad7f1570635ae9c9cb6274fe682bd5872dfde7a5448127d7825dd90943?s=96&d=mm&r=g\",\"caption\":\"Cristian Romero Velasco\"},\"url\":\"https:\/\/www.ceibcn.com\/en\/author\/cristian\/\"}]}<\/script>\n<!-- \/ Yoast SEO plugin. -->","yoast_head_json":{"title":"La crisis de los refugiados: \u00bfEs posible todav\u00eda una respuesta europea conjunta? - CEI International Affairs","robots":{"index":"index","follow":"follow","max-snippet":"max-snippet:-1","max-image-preview":"max-image-preview:large","max-video-preview":"max-video-preview:-1"},"canonical":"https:\/\/www.ceibcn.com\/en\/2015\/10\/la-crisis-de-los-refugiados-es-posible-todavia-una-respuesta-europea-conjunta\/","og_locale":"en_US","og_type":"article","og_title":"La crisis de los refugiados: \u00bfEs posible todav\u00eda una respuesta europea conjunta? - CEI International Affairs","og_description":"Seminario dedicado al estudio y reflexi\u00f3n sobre la situaci\u00f3n actual de los refugiados en Europa. Pr\u00f3ximo 12 de noviembre de 2015 a las 16:30h.","og_url":"https:\/\/www.ceibcn.com\/en\/2015\/10\/la-crisis-de-los-refugiados-es-posible-todavia-una-respuesta-europea-conjunta\/","og_site_name":"CEI International Affairs","article_publisher":"https:\/\/www.facebook.com\/CEI.CentroDeEstudiosInternacionales\/","article_published_time":"2015-10-29T09:42:50+00:00","og_image":[{"width":600,"height":232,"url":"https:\/\/www.ceibcn.com\/wp-content\/uploads\/2015\/10\/JornadaRefugiats_CAST.png","type":"image\/png"}],"author":"Cristian Romero Velasco","twitter_card":"summary_large_image","twitter_creator":"@CEIbcn","twitter_site":"@CEIbcn","twitter_misc":{"Written by":"Cristian Romero Velasco","Est. reading time":"2 minutes"},"schema":{"@context":"https:\/\/schema.org","@graph":[{"@type":"Article","@id":"https:\/\/www.ceibcn.com\/en\/2015\/10\/la-crisis-de-los-refugiados-es-posible-todavia-una-respuesta-europea-conjunta\/#article","isPartOf":{"@id":"https:\/\/www.ceibcn.com\/en\/2015\/10\/la-crisis-de-los-refugiados-es-posible-todavia-una-respuesta-europea-conjunta\/"},"author":{"name":"Cristian Romero Velasco","@id":"https:\/\/www.ceibcn.com\/en\/#\/schema\/person\/4ef9992ee2fbd3987a5e1834e5d5808d"},"headline":"La crisis de los refugiados: \u00bfEs posible todav\u00eda una respuesta europea conjunta?","datePublished":"2015-10-29T09:42:50+00:00","mainEntityOfPage":{"@id":"https:\/\/www.ceibcn.com\/en\/2015\/10\/la-crisis-de-los-refugiados-es-posible-todavia-una-respuesta-europea-conjunta\/"},"wordCount":318,"commentCount":0,"publisher":{"@id":"https:\/\/www.ceibcn.com\/en\/#organization"},"image":{"@id":"https:\/\/www.ceibcn.com\/en\/2015\/10\/la-crisis-de-los-refugiados-es-posible-todavia-una-respuesta-europea-conjunta\/#primaryimage"},"thumbnailUrl":"https:\/\/www.ceibcn.com\/wp-content\/uploads\/2015\/10\/JornadaRefugiats_CAST.png","articleSection":["Aula Internacional"],"inLanguage":"en-US","potentialAction":[{"@type":"CommentAction","name":"Comment","target":["https:\/\/www.ceibcn.com\/en\/2015\/10\/la-crisis-de-los-refugiados-es-posible-todavia-una-respuesta-europea-conjunta\/#respond"]}]},{"@type":"WebPage","@id":"https:\/\/www.ceibcn.com\/en\/2015\/10\/la-crisis-de-los-refugiados-es-posible-todavia-una-respuesta-europea-conjunta\/","url":"https:\/\/www.ceibcn.com\/en\/2015\/10\/la-crisis-de-los-refugiados-es-posible-todavia-una-respuesta-europea-conjunta\/","name":"La crisis de los refugiados: \u00bfEs posible todav\u00eda una respuesta europea conjunta? - CEI International Affairs","isPartOf":{"@id":"https:\/\/www.ceibcn.com\/en\/#website"},"primaryImageOfPage":{"@id":"https:\/\/www.ceibcn.com\/en\/2015\/10\/la-crisis-de-los-refugiados-es-posible-todavia-una-respuesta-europea-conjunta\/#primaryimage"},"image":{"@id":"https:\/\/www.ceibcn.com\/en\/2015\/10\/la-crisis-de-los-refugiados-es-posible-todavia-una-respuesta-europea-conjunta\/#primaryimage"},"thumbnailUrl":"https:\/\/www.ceibcn.com\/wp-content\/uploads\/2015\/10\/JornadaRefugiats_CAST.png","datePublished":"2015-10-29T09:42:50+00:00","breadcrumb":{"@id":"https:\/\/www.ceibcn.com\/en\/2015\/10\/la-crisis-de-los-refugiados-es-posible-todavia-una-respuesta-europea-conjunta\/#breadcrumb"},"inLanguage":"en-US","potentialAction":[{"@type":"ReadAction","target":["https:\/\/www.ceibcn.com\/en\/2015\/10\/la-crisis-de-los-refugiados-es-posible-todavia-una-respuesta-europea-conjunta\/"]}]},{"@type":"ImageObject","inLanguage":"en-US","@id":"https:\/\/www.ceibcn.com\/en\/2015\/10\/la-crisis-de-los-refugiados-es-posible-todavia-una-respuesta-europea-conjunta\/#primaryimage","url":"https:\/\/www.ceibcn.com\/wp-content\/uploads\/2015\/10\/JornadaRefugiats_CAST.png","contentUrl":"https:\/\/www.ceibcn.com\/wp-content\/uploads\/2015\/10\/JornadaRefugiats_CAST.png","width":600,"height":232,"caption":"JornadaRefugiats CAST"},{"@type":"BreadcrumbList","@id":"https:\/\/www.ceibcn.com\/en\/2015\/10\/la-crisis-de-los-refugiados-es-posible-todavia-una-respuesta-europea-conjunta\/#breadcrumb","itemListElement":[{"@type":"ListItem","position":1,"name":"Portada","item":"https:\/\/www.ceibcn.com\/en\/"},{"@type":"ListItem","position":2,"name":"La crisis de los refugiados: \u00bfEs posible todav\u00eda una respuesta europea conjunta?"}]},{"@type":"WebSite","@id":"https:\/\/www.ceibcn.com\/en\/#website","url":"https:\/\/www.ceibcn.com\/en\/","name":"CEI International Affairs","description":"CEI International Affairs","publisher":{"@id":"https:\/\/www.ceibcn.com\/en\/#organization"},"alternateName":"CEI International Affairs","potentialAction":[{"@type":"SearchAction","target":{"@type":"EntryPoint","urlTemplate":"https:\/\/www.ceibcn.com\/en\/?s={search_term_string}"},"query-input":{"@type":"PropertyValueSpecification","valueRequired":true,"valueName":"search_term_string"}}],"inLanguage":"en-US"},{"@type":"Organization","@id":"https:\/\/www.ceibcn.com\/en\/#organization","name":"CEI International Affairs","url":"https:\/\/www.ceibcn.com\/en\/","logo":{"@type":"ImageObject","inLanguage":"en-US","@id":"https:\/\/www.ceibcn.com\/en\/#\/schema\/logo\/image\/","url":"https:\/\/www.ceibcn.com\/wp-content\/uploads\/2021\/09\/CeiLogo_EscuelaDiploVectorized_vectorizedSIN_FONDO.png","contentUrl":"https:\/\/www.ceibcn.com\/wp-content\/uploads\/2021\/09\/CeiLogo_EscuelaDiploVectorized_vectorizedSIN_FONDO.png","width":1591,"height":629,"caption":"CEI International Affairs"},"image":{"@id":"https:\/\/www.ceibcn.com\/en\/#\/schema\/logo\/image\/"},"sameAs":["https:\/\/www.facebook.com\/CEI.CentroDeEstudiosInternacionales\/","https:\/\/x.com\/CEIbcn","https:\/\/www.instagram.com\/cei_international\/"]},{"@type":"Person","@id":"https:\/\/www.ceibcn.com\/en\/#\/schema\/person\/4ef9992ee2fbd3987a5e1834e5d5808d","name":"Cristian Romero Velasco","image":{"@type":"ImageObject","inLanguage":"en-US","@id":"https:\/\/www.ceibcn.com\/en\/#\/schema\/person\/image\/","url":"https:\/\/secure.gravatar.com\/avatar\/d78c33ad7f1570635ae9c9cb6274fe682bd5872dfde7a5448127d7825dd90943?s=96&d=mm&r=g","contentUrl":"https:\/\/secure.gravatar.com\/avatar\/d78c33ad7f1570635ae9c9cb6274fe682bd5872dfde7a5448127d7825dd90943?s=96&d=mm&r=g","caption":"Cristian Romero Velasco"},"url":"https:\/\/www.ceibcn.com\/en\/author\/cristian\/"}]}},"_links":{"self":[{"href":"https:\/\/www.ceibcn.com\/en\/wp-json\/wp\/v2\/posts\/1707","targetHints":{"allow":["GET"]}}],"collection":[{"href":"https:\/\/www.ceibcn.com\/en\/wp-json\/wp\/v2\/posts"}],"about":[{"href":"https:\/\/www.ceibcn.com\/en\/wp-json\/wp\/v2\/types\/post"}],"author":[{"embeddable":true,"href":"https:\/\/www.ceibcn.com\/en\/wp-json\/wp\/v2\/users\/6"}],"replies":[{"embeddable":true,"href":"https:\/\/www.ceibcn.com\/en\/wp-json\/wp\/v2\/comments?post=1707"}],"version-history":[{"count":0,"href":"https:\/\/www.ceibcn.com\/en\/wp-json\/wp\/v2\/posts\/1707\/revisions"}],"wp:featuredmedia":[{"embeddable":true,"href":"https:\/\/www.ceibcn.com\/en\/wp-json\/wp\/v2\/media\/1704"}],"wp:attachment":[{"href":"https:\/\/www.ceibcn.com\/en\/wp-json\/wp\/v2\/media?parent=1707"}],"wp:term":[{"taxonomy":"category","embeddable":true,"href":"https:\/\/www.ceibcn.com\/en\/wp-json\/wp\/v2\/categories?post=1707"},{"taxonomy":"post_tag","embeddable":true,"href":"https:\/\/www.ceibcn.com\/en\/wp-json\/wp\/v2\/tags?post=1707"}],"curies":[{"name":"wp","href":"https:\/\/api.w.org\/{rel}","templated":true}]}}