{"id":1711,"date":"2015-10-29T09:57:56","date_gmt":"2015-10-29T09:57:56","guid":{"rendered":"https:\/\/www.ceibcn.com\/2015\/10\/la-crisi-dels-refugiats-es-possible-encara-una-resposta-europea-conjunta\/"},"modified":"2015-10-29T09:57:56","modified_gmt":"2015-10-29T09:57:56","slug":"la-crisi-dels-refugiats-es-possible-encara-una-resposta-europea-conjunta","status":"publish","type":"post","link":"https:\/\/www.ceibcn.com\/en\/2015\/10\/la-crisi-dels-refugiats-es-possible-encara-una-resposta-europea-conjunta\/","title":{"rendered":"La crisi dels refugiats: \u00c9s possible encara una resposta europea conjunta?"},"content":{"rendered":"<p><span style=\"line-height: 16px; text-align: justify;\">Seminari dedicat a l&#8217;estudi i reflexi\u00f3 sobre la situaci\u00f3 actual dels refugiats a Europa. Proper 12 de novembre de 2015 a les 16:30h.<\/span><\/p>\n<p><!--more--><\/p>\n<p><img fetchpriority=\"high\" decoding=\"async\" class=\" size-full wp-image-1708\" src=\"https:\/\/www.ceibcn.com\/wp-content\/uploads\/2015\/10\/JornadaRefugiats_CAT.png\" alt=\"JornadaRefugiats CAT\" width=\"522\" height=\"202\" srcset=\"https:\/\/www.ceibcn.com\/wp-content\/uploads\/2015\/10\/JornadaRefugiats_CAT.png 600w, https:\/\/www.ceibcn.com\/wp-content\/uploads\/2015\/10\/JornadaRefugiats_CAT-300x116.png 300w, https:\/\/www.ceibcn.com\/wp-content\/uploads\/2015\/10\/JornadaRefugiats_CAT-150x58.png 150w\" sizes=\"(max-width: 522px) 100vw, 522px\" \/><\/p>\n<p style=\"margin: 15pt 0cm 7.5pt; text-align: justify; line-height: 12pt; background-image: initial; background-attachment: initial; background-position: initial; background-repeat: initial;\"><strong><span style=\"color: #118ec9;\"><strong style=\"color: #ff0000; font-size-anulat: 16px; line-height: 12pt; text-align: justify;\">PLACES ESGOTADES!<\/strong><\/span><\/strong><\/p>\n<p style=\"margin: 15pt 0cm 7.5pt; text-align: justify; line-height: 12pt; background-image: initial; background-attachment: initial; background-position: initial; background-repeat: initial;\"><strong><span style=\"color: #118ec9;\">PROGRAMA:<\/span><\/strong><\/p>\n<p style=\"margin-bottom: 6.75pt; text-align: justify; line-height: 13.5pt; background-image: initial; background-attachment: initial; background-position: initial; background-repeat: initial;\"><strong><span style=\"color: #1f497d;\">16:30h.&nbsp;<\/span><\/strong><strong><span style=\"color: #1f497d;\">Presentaci\u00f3 de la Jornada<\/span><\/strong><\/p>\n<p style=\"margin-bottom: 6.75pt; text-align: justify; line-height: 13.5pt; background-image: initial; background-attachment: initial; background-position: initial; background-repeat: initial;\"><strong>Excm. Sr. Fernando Perpi\u00f1\u00e1-Robert<\/strong>, Ambaixador d\u2019Espanya i tutor del CEI International Affairs.<\/p>\n<p style=\"margin-bottom: 6.75pt; text-align: justify; line-height: 13.5pt; background-image: initial; background-attachment: initial; background-position: initial; background-repeat: initial;\"><strong>Sr. Ra\u00fcl Blanco<\/strong>, Professor d\u2019Economia Aplicada, Universitat de Barcelona.&nbsp;<\/p>\n<p style=\"margin-bottom: 6.75pt; text-align: justify; line-height: 13.5pt; background-image: initial; background-attachment: initial; background-position: initial; background-repeat: initial;\">&nbsp;<\/p>\n<p style=\"margin-bottom: 6.75pt; text-align: justify; line-height: 13.5pt; background-image: initial; background-attachment: initial; background-position: initial; background-repeat: initial;\"><strong><span style=\"color: #1f497d;\">16:45h. &#8211; 17:00h.&nbsp;<\/span><\/strong><strong><span style=\"color: #1f497d;\">La visi\u00f3 des d\u2019Alemanya<\/span><\/strong><\/p>\n<p style=\"margin-bottom: 6.75pt; text-align: justify; line-height: 13.5pt; background-image: initial; background-attachment: initial; background-position: initial; background-repeat: initial;\"><strong>Excm. Sr. Rainer Eberle<\/strong>, C\u00f2nsol General d\u2019Alemanya a Barcelona<\/p>\n<p style=\"margin-bottom: 6.75pt; text-align: justify; line-height: 13.5pt; background-image: initial; background-attachment: initial; background-position: initial; background-repeat: initial;\">&nbsp;<\/p>\n<p style=\"margin-bottom: 6.75pt; text-align: justify; line-height: 13.5pt; background-image: initial; background-attachment: initial; background-position: initial; background-repeat: initial;\"><strong><span style=\"color: #1f497d;\">17:00h.&nbsp;&#8211; 17:15h. La visi\u00f3 des d\u2019Hongria<\/span><\/strong><\/p>\n<p style=\"margin-bottom: 6.75pt; text-align: justify; line-height: 13.5pt; background-image: initial; background-attachment: initial; background-position: initial; background-repeat: initial;\"><strong>Dr. S\u00e1ndor Gyula Nagy<\/strong>, Senior Research Fellow, Institut d\u2019Afers Exteriors i Comer\u00e7, Ministeri d\u2019Afers Exteriors d\u2019Hongria.<\/p>\n<p style=\"margin-bottom: 6.75pt; text-align: justify; line-height: 13.5pt; background-image: initial; background-attachment: initial; background-position: initial; background-repeat: initial;\">&nbsp;<\/p>\n<p style=\"margin-bottom: 6.75pt; text-align: justify; line-height: 13.5pt; background-image: initial; background-attachment: initial; background-position: initial; background-repeat: initial;\"><strong><span style=\"color: #1f497d;\">17:15h. &#8211; 17:30h. El dret d&#8217;asil a Europa com a dret hum\u00e0<\/span><\/strong><\/p>\n<p style=\"margin-bottom: 6.75pt; text-align: justify; line-height: 13.5pt; background-image: initial; background-attachment: initial; background-position: initial; background-repeat: initial;\"><strong>Dr. David Bondia<\/strong>, Professor de Dret Internacional P\u00fablic i Relacions Internacionals, Universitat de Barcelona.<\/p>\n<p style=\"margin-bottom: 6.75pt; text-align: justify; line-height: 13.5pt; background-image: initial; background-attachment: initial; background-position: initial; background-repeat: initial;\">&nbsp;<\/p>\n<p style=\"margin-bottom: 6.75pt; text-align: justify; line-height: 13.5pt; background-image: initial; background-attachment: initial; background-position: initial; background-repeat: initial;\"><strong style=\"line-height: 13.5pt;\"><span style=\"color: #1f497d;\">17:30h. &#8211; 17:45h. Quina \u00e9s la situaci\u00f3 a Catalunya i com s&#8217;est\u00e0 actuant al respecte?<\/span><\/strong><\/p>\n<p style=\"margin-bottom: 6.75pt; text-align: justify; line-height: 13.5pt; background-image: initial; background-attachment: initial; background-position: initial; background-repeat: initial;\"><strong style=\"font-family-anulat: Helvetica, sans-serif; font-size-anulat: 10pt; line-height: 13.5pt;\">Sra. Estel\u00b7la Pareja<\/strong><span style=\"font-family-anulat: Helvetica, sans-serif; font-size-anulat: 10pt; line-height: 13.5pt;\">, Directora de la Comissi\u00f3 Catalana d&#8217;Ajuda al Refugiat<\/span><\/p>\n<p style=\"margin-bottom: 6.75pt; text-align: justify; line-height: 13.5pt; background-image: initial; background-attachment: initial; background-position: initial; background-repeat: initial;\">&nbsp;<\/p>\n<p style=\"margin-bottom: 6.75pt; text-align: justify; line-height: 13.5pt; background-image: initial; background-attachment: initial; background-position: initial; background-repeat: initial;\"><strong><span style=\"color: #1f497d;\">17:45h. &#8211; 18:15h.&nbsp;<\/span><\/strong><strong style=\"line-height: 13.5pt;\"><span style=\"color: #1f497d;\">Debat<\/span><\/strong><\/p>\n<p style=\"margin-bottom: 6.75pt; text-align: justify; line-height: 13.5pt; background-image: initial; background-attachment: initial; background-position: initial; background-repeat: initial;\"><span style=\"text-decoration: underline;\"><span style=\"font-size-anulat: 10pt; font-family-anulat: Helvetica, sans-serif;\">Modera:<\/span><\/span><span style=\"font-size-anulat: 10pt; font-family-anulat: Helvetica, sans-serif;\">&nbsp;<\/span><strong>Excm. Sr. Fernando Perpi\u00f1\u00e1-Robert<\/strong>, Ambaixador d\u2019Espanya i tutor del CEI International Affairs.<\/p>\n<p style=\"margin: 15pt 0cm 7.5pt; line-height: 12pt; background-image: initial; background-attachment: initial; background-position: initial; background-repeat: initial;\">&nbsp;<\/p>\n<p style=\"margin: 15pt 0cm 7.5pt; line-height: 12pt; background-image: initial; background-attachment: initial; background-position: initial; background-repeat: initial;\"><strong><span style=\"font-size-anulat: 10.5pt; font-family-anulat: Helvetica, sans-serif; color: #118ec9;\">Informaci\u00f3 General<\/span><\/strong><\/p>\n<p style=\"margin-bottom: 6.75pt; line-height: 13.5pt; background-image: initial; background-attachment: initial; background-position: initial; background-repeat: initial;\"><span style=\"font-size-anulat: 10pt; font-family-anulat: Helvetica, sans-serif;\">Data:&nbsp;<strong>12 de novembre de 2015<\/strong><\/span><\/p>\n<p style=\"margin-bottom: 6.75pt; line-height: 13.5pt; background-image: initial; background-attachment: initial; background-position: initial; background-repeat: initial;\"><span style=\"font-size-anulat: 10pt; font-family-anulat: Helvetica, sans-serif;\">Preu:&nbsp;<strong>5 Euros*&nbsp;<\/strong>(<\/span>destinats \u00edntegrament a la <a href=\"http:\/\/www.ccar.cat\/\">Comissi\u00f3 Catalana d&#8217;Ajuda al Refugiat<\/a>)<\/p>\n<p style=\"margin-bottom: 6.75pt; line-height: 13.5pt; background-image: initial; background-attachment: initial; background-position: initial; background-repeat: initial;\"><span style=\"font-size-anulat: 10pt; font-family-anulat: Helvetica, sans-serif;\">Lloc:&nbsp;<strong>Seu del CEI International Affairs<\/strong>.&nbsp;<a href=\"index.php?Itemid=301\">Avinguda Vallvidrera, 25. 08017 Barcelona<\/a><\/span><\/p>\n<p style=\"margin-bottom: 6.75pt; line-height: 13.5pt; background-image: initial; background-attachment: initial; background-position: initial; background-repeat: initial;\">&nbsp;<\/p>\n<p style=\"margin-bottom: 6.75pt; line-height: 13.5pt; background-image: initial; background-attachment: initial; background-position: initial; background-repeat: initial;\">PLACES LIMITADES!<\/p>\n<p style=\"margin-bottom: 6.75pt; line-height: 13.5pt; background-image: initial; background-attachment: initial; background-position: initial; background-repeat: initial;\">&nbsp;<\/p>\n<p style=\"margin-bottom: 6.75pt; line-height: 13.5pt; background-image: initial; background-attachment: initial; background-position: initial; background-repeat: initial;\"><em style=\"line-height: 13.5pt;\"><span style=\"font-size-anulat: 10pt; font-family-anulat: Helvetica, sans-serif;\">*&nbsp;<em>El pagament en efectiu haur\u00e0 de realitzar-se el mateix dia del Seminari a la secretaria del centre.<\/em><\/span><\/em><\/p>\n<p style=\"margin-bottom: 6.75pt; line-height: 13.5pt; background-image: initial; background-attachment: initial; background-position: initial; background-repeat: initial;\">&nbsp;<em style=\"line-height: 13.5pt;\"><span style=\"font-size-anulat: 10pt; font-family-anulat: Helvetica, sans-serif;\">Data l\u00edmit d\u2019inscripci\u00f3: 11 de novembre de 2015<\/span><\/em><\/p>\n<p style=\"margin-bottom: 6.75pt; line-height: 13.5pt; background-image: initial; background-attachment: initial; background-position: initial; background-repeat: initial;\">&nbsp;<\/p>\n<p style=\"margin-bottom: 6.75pt; line-height: 13.5pt; background-image: initial; background-attachment: initial; background-position: initial; background-repeat: initial;\"><span style=\"color: red;\">Assignaci\u00f3 de places per rigor\u00f3s ordre d&#8217;inscripci\u00f3. Per a assistir \u00e9s imprescindible inscriure\u2019s pr\u00e8viament indicant el seu nom i cognoms a la seg\u00fcent adre\u00e7a de correu electr\u00f2nic: <a href=\"mailto:info@ceibcn.com\">info@ceibcn.com<\/a><\/span><\/p>\n","protected":false},"excerpt":{"rendered":"<p>Seminari dedicat a l&#8217;estudi i reflexi\u00f3 sobre la situaci\u00f3 actual dels refugiats a Europa. Proper 12 de novembre de 2015 a les 16:30h.<\/p>\n","protected":false},"author":6,"featured_media":1708,"comment_status":"open","ping_status":"closed","sticky":false,"template":"","format":"standard","meta":{"_acf_changed":false,"_crdt_document":"","inline_featured_image":false,"footnotes":""},"categories":[25],"tags":[],"class_list":["post-1711","post","type-post","status-publish","format-standard","has-post-thumbnail","hentry","category-aula-internacional"],"acf":[],"yoast_head":"<!-- This site is optimized with the Yoast SEO plugin v27.0 - https:\/\/yoast.com\/product\/yoast-seo-wordpress\/ -->\n<title>La crisi dels refugiats: \u00c9s possible encara una resposta europea conjunta? - CEI International Affairs<\/title>\n<meta name=\"robots\" content=\"index, follow, max-snippet:-1, max-image-preview:large, max-video-preview:-1\" \/>\n<link rel=\"canonical\" href=\"https:\/\/www.ceibcn.com\/en\/2015\/10\/la-crisi-dels-refugiats-es-possible-encara-una-resposta-europea-conjunta\/\" \/>\n<meta property=\"og:locale\" content=\"en_US\" \/>\n<meta property=\"og:type\" content=\"article\" \/>\n<meta property=\"og:title\" content=\"La crisi dels refugiats: \u00c9s possible encara una resposta europea conjunta? - CEI International Affairs\" \/>\n<meta property=\"og:description\" content=\"Seminari dedicat a l&#8217;estudi i reflexi\u00f3 sobre la situaci\u00f3 actual dels refugiats a Europa. Proper 12 de novembre de 2015 a les 16:30h.\" \/>\n<meta property=\"og:url\" content=\"https:\/\/www.ceibcn.com\/en\/2015\/10\/la-crisi-dels-refugiats-es-possible-encara-una-resposta-europea-conjunta\/\" \/>\n<meta property=\"og:site_name\" content=\"CEI International Affairs\" \/>\n<meta property=\"article:publisher\" content=\"https:\/\/www.facebook.com\/CEI.CentroDeEstudiosInternacionales\/\" \/>\n<meta property=\"article:published_time\" content=\"2015-10-29T09:57:56+00:00\" \/>\n<meta property=\"og:image\" content=\"https:\/\/www.ceibcn.com\/wp-content\/uploads\/2015\/10\/JornadaRefugiats_CAT.png\" \/>\n\t<meta property=\"og:image:width\" content=\"600\" \/>\n\t<meta property=\"og:image:height\" content=\"232\" \/>\n\t<meta property=\"og:image:type\" content=\"image\/png\" \/>\n<meta name=\"author\" content=\"Cristian Romero Velasco\" \/>\n<meta name=\"twitter:card\" content=\"summary_large_image\" \/>\n<meta name=\"twitter:creator\" content=\"@CEIbcn\" \/>\n<meta name=\"twitter:site\" content=\"@CEIbcn\" \/>\n<meta name=\"twitter:label1\" content=\"Written by\" \/>\n\t<meta name=\"twitter:data1\" content=\"Cristian Romero Velasco\" \/>\n\t<meta name=\"twitter:label2\" content=\"Est. reading time\" \/>\n\t<meta name=\"twitter:data2\" content=\"1 minute\" \/>\n<script type=\"application\/ld+json\" class=\"yoast-schema-graph\">{\"@context\":\"https:\/\/schema.org\",\"@graph\":[{\"@type\":\"Article\",\"@id\":\"https:\/\/www.ceibcn.com\/en\/2015\/10\/la-crisi-dels-refugiats-es-possible-encara-una-resposta-europea-conjunta\/#article\",\"isPartOf\":{\"@id\":\"https:\/\/www.ceibcn.com\/en\/2015\/10\/la-crisi-dels-refugiats-es-possible-encara-una-resposta-europea-conjunta\/\"},\"author\":{\"name\":\"Cristian Romero Velasco\",\"@id\":\"https:\/\/www.ceibcn.com\/en\/#\/schema\/person\/4ef9992ee2fbd3987a5e1834e5d5808d\"},\"headline\":\"La crisi dels refugiats: \u00c9s possible encara una resposta europea conjunta?\",\"datePublished\":\"2015-10-29T09:57:56+00:00\",\"mainEntityOfPage\":{\"@id\":\"https:\/\/www.ceibcn.com\/en\/2015\/10\/la-crisi-dels-refugiats-es-possible-encara-una-resposta-europea-conjunta\/\"},\"wordCount\":302,\"commentCount\":0,\"publisher\":{\"@id\":\"https:\/\/www.ceibcn.com\/en\/#organization\"},\"image\":{\"@id\":\"https:\/\/www.ceibcn.com\/en\/2015\/10\/la-crisi-dels-refugiats-es-possible-encara-una-resposta-europea-conjunta\/#primaryimage\"},\"thumbnailUrl\":\"https:\/\/www.ceibcn.com\/wp-content\/uploads\/2015\/10\/JornadaRefugiats_CAT.png\",\"articleSection\":[\"Aula Internacional\"],\"inLanguage\":\"en-US\",\"potentialAction\":[{\"@type\":\"CommentAction\",\"name\":\"Comment\",\"target\":[\"https:\/\/www.ceibcn.com\/en\/2015\/10\/la-crisi-dels-refugiats-es-possible-encara-una-resposta-europea-conjunta\/#respond\"]}]},{\"@type\":\"WebPage\",\"@id\":\"https:\/\/www.ceibcn.com\/en\/2015\/10\/la-crisi-dels-refugiats-es-possible-encara-una-resposta-europea-conjunta\/\",\"url\":\"https:\/\/www.ceibcn.com\/en\/2015\/10\/la-crisi-dels-refugiats-es-possible-encara-una-resposta-europea-conjunta\/\",\"name\":\"La crisi dels refugiats: \u00c9s possible encara una resposta europea conjunta? - CEI International Affairs\",\"isPartOf\":{\"@id\":\"https:\/\/www.ceibcn.com\/en\/#website\"},\"primaryImageOfPage\":{\"@id\":\"https:\/\/www.ceibcn.com\/en\/2015\/10\/la-crisi-dels-refugiats-es-possible-encara-una-resposta-europea-conjunta\/#primaryimage\"},\"image\":{\"@id\":\"https:\/\/www.ceibcn.com\/en\/2015\/10\/la-crisi-dels-refugiats-es-possible-encara-una-resposta-europea-conjunta\/#primaryimage\"},\"thumbnailUrl\":\"https:\/\/www.ceibcn.com\/wp-content\/uploads\/2015\/10\/JornadaRefugiats_CAT.png\",\"datePublished\":\"2015-10-29T09:57:56+00:00\",\"breadcrumb\":{\"@id\":\"https:\/\/www.ceibcn.com\/en\/2015\/10\/la-crisi-dels-refugiats-es-possible-encara-una-resposta-europea-conjunta\/#breadcrumb\"},\"inLanguage\":\"en-US\",\"potentialAction\":[{\"@type\":\"ReadAction\",\"target\":[\"https:\/\/www.ceibcn.com\/en\/2015\/10\/la-crisi-dels-refugiats-es-possible-encara-una-resposta-europea-conjunta\/\"]}]},{\"@type\":\"ImageObject\",\"inLanguage\":\"en-US\",\"@id\":\"https:\/\/www.ceibcn.com\/en\/2015\/10\/la-crisi-dels-refugiats-es-possible-encara-una-resposta-europea-conjunta\/#primaryimage\",\"url\":\"https:\/\/www.ceibcn.com\/wp-content\/uploads\/2015\/10\/JornadaRefugiats_CAT.png\",\"contentUrl\":\"https:\/\/www.ceibcn.com\/wp-content\/uploads\/2015\/10\/JornadaRefugiats_CAT.png\",\"width\":600,\"height\":232,\"caption\":\"JornadaRefugiats CAT\"},{\"@type\":\"BreadcrumbList\",\"@id\":\"https:\/\/www.ceibcn.com\/en\/2015\/10\/la-crisi-dels-refugiats-es-possible-encara-una-resposta-europea-conjunta\/#breadcrumb\",\"itemListElement\":[{\"@type\":\"ListItem\",\"position\":1,\"name\":\"Portada\",\"item\":\"https:\/\/www.ceibcn.com\/en\/\"},{\"@type\":\"ListItem\",\"position\":2,\"name\":\"La crisi dels refugiats: \u00c9s possible encara una resposta europea conjunta?\"}]},{\"@type\":\"WebSite\",\"@id\":\"https:\/\/www.ceibcn.com\/en\/#website\",\"url\":\"https:\/\/www.ceibcn.com\/en\/\",\"name\":\"CEI International Affairs\",\"description\":\"CEI International Affairs\",\"publisher\":{\"@id\":\"https:\/\/www.ceibcn.com\/en\/#organization\"},\"alternateName\":\"CEI International Affairs\",\"potentialAction\":[{\"@type\":\"SearchAction\",\"target\":{\"@type\":\"EntryPoint\",\"urlTemplate\":\"https:\/\/www.ceibcn.com\/en\/?s={search_term_string}\"},\"query-input\":{\"@type\":\"PropertyValueSpecification\",\"valueRequired\":true,\"valueName\":\"search_term_string\"}}],\"inLanguage\":\"en-US\"},{\"@type\":\"Organization\",\"@id\":\"https:\/\/www.ceibcn.com\/en\/#organization\",\"name\":\"CEI International Affairs\",\"url\":\"https:\/\/www.ceibcn.com\/en\/\",\"logo\":{\"@type\":\"ImageObject\",\"inLanguage\":\"en-US\",\"@id\":\"https:\/\/www.ceibcn.com\/en\/#\/schema\/logo\/image\/\",\"url\":\"https:\/\/www.ceibcn.com\/wp-content\/uploads\/2021\/09\/CeiLogo_EscuelaDiploVectorized_vectorizedSIN_FONDO.png\",\"contentUrl\":\"https:\/\/www.ceibcn.com\/wp-content\/uploads\/2021\/09\/CeiLogo_EscuelaDiploVectorized_vectorizedSIN_FONDO.png\",\"width\":1591,\"height\":629,\"caption\":\"CEI International Affairs\"},\"image\":{\"@id\":\"https:\/\/www.ceibcn.com\/en\/#\/schema\/logo\/image\/\"},\"sameAs\":[\"https:\/\/www.facebook.com\/CEI.CentroDeEstudiosInternacionales\/\",\"https:\/\/x.com\/CEIbcn\",\"https:\/\/www.instagram.com\/cei_international\/\"]},{\"@type\":\"Person\",\"@id\":\"https:\/\/www.ceibcn.com\/en\/#\/schema\/person\/4ef9992ee2fbd3987a5e1834e5d5808d\",\"name\":\"Cristian Romero Velasco\",\"image\":{\"@type\":\"ImageObject\",\"inLanguage\":\"en-US\",\"@id\":\"https:\/\/www.ceibcn.com\/en\/#\/schema\/person\/image\/\",\"url\":\"https:\/\/secure.gravatar.com\/avatar\/d78c33ad7f1570635ae9c9cb6274fe682bd5872dfde7a5448127d7825dd90943?s=96&d=mm&r=g\",\"contentUrl\":\"https:\/\/secure.gravatar.com\/avatar\/d78c33ad7f1570635ae9c9cb6274fe682bd5872dfde7a5448127d7825dd90943?s=96&d=mm&r=g\",\"caption\":\"Cristian Romero Velasco\"},\"url\":\"https:\/\/www.ceibcn.com\/en\/author\/cristian\/\"}]}<\/script>\n<!-- \/ Yoast SEO plugin. -->","yoast_head_json":{"title":"La crisi dels refugiats: \u00c9s possible encara una resposta europea conjunta? - CEI International Affairs","robots":{"index":"index","follow":"follow","max-snippet":"max-snippet:-1","max-image-preview":"max-image-preview:large","max-video-preview":"max-video-preview:-1"},"canonical":"https:\/\/www.ceibcn.com\/en\/2015\/10\/la-crisi-dels-refugiats-es-possible-encara-una-resposta-europea-conjunta\/","og_locale":"en_US","og_type":"article","og_title":"La crisi dels refugiats: \u00c9s possible encara una resposta europea conjunta? - CEI International Affairs","og_description":"Seminari dedicat a l&#8217;estudi i reflexi\u00f3 sobre la situaci\u00f3 actual dels refugiats a Europa. Proper 12 de novembre de 2015 a les 16:30h.","og_url":"https:\/\/www.ceibcn.com\/en\/2015\/10\/la-crisi-dels-refugiats-es-possible-encara-una-resposta-europea-conjunta\/","og_site_name":"CEI International Affairs","article_publisher":"https:\/\/www.facebook.com\/CEI.CentroDeEstudiosInternacionales\/","article_published_time":"2015-10-29T09:57:56+00:00","og_image":[{"width":600,"height":232,"url":"https:\/\/www.ceibcn.com\/wp-content\/uploads\/2015\/10\/JornadaRefugiats_CAT.png","type":"image\/png"}],"author":"Cristian Romero Velasco","twitter_card":"summary_large_image","twitter_creator":"@CEIbcn","twitter_site":"@CEIbcn","twitter_misc":{"Written by":"Cristian Romero Velasco","Est. reading time":"1 minute"},"schema":{"@context":"https:\/\/schema.org","@graph":[{"@type":"Article","@id":"https:\/\/www.ceibcn.com\/en\/2015\/10\/la-crisi-dels-refugiats-es-possible-encara-una-resposta-europea-conjunta\/#article","isPartOf":{"@id":"https:\/\/www.ceibcn.com\/en\/2015\/10\/la-crisi-dels-refugiats-es-possible-encara-una-resposta-europea-conjunta\/"},"author":{"name":"Cristian Romero Velasco","@id":"https:\/\/www.ceibcn.com\/en\/#\/schema\/person\/4ef9992ee2fbd3987a5e1834e5d5808d"},"headline":"La crisi dels refugiats: \u00c9s possible encara una resposta europea conjunta?","datePublished":"2015-10-29T09:57:56+00:00","mainEntityOfPage":{"@id":"https:\/\/www.ceibcn.com\/en\/2015\/10\/la-crisi-dels-refugiats-es-possible-encara-una-resposta-europea-conjunta\/"},"wordCount":302,"commentCount":0,"publisher":{"@id":"https:\/\/www.ceibcn.com\/en\/#organization"},"image":{"@id":"https:\/\/www.ceibcn.com\/en\/2015\/10\/la-crisi-dels-refugiats-es-possible-encara-una-resposta-europea-conjunta\/#primaryimage"},"thumbnailUrl":"https:\/\/www.ceibcn.com\/wp-content\/uploads\/2015\/10\/JornadaRefugiats_CAT.png","articleSection":["Aula Internacional"],"inLanguage":"en-US","potentialAction":[{"@type":"CommentAction","name":"Comment","target":["https:\/\/www.ceibcn.com\/en\/2015\/10\/la-crisi-dels-refugiats-es-possible-encara-una-resposta-europea-conjunta\/#respond"]}]},{"@type":"WebPage","@id":"https:\/\/www.ceibcn.com\/en\/2015\/10\/la-crisi-dels-refugiats-es-possible-encara-una-resposta-europea-conjunta\/","url":"https:\/\/www.ceibcn.com\/en\/2015\/10\/la-crisi-dels-refugiats-es-possible-encara-una-resposta-europea-conjunta\/","name":"La crisi dels refugiats: \u00c9s possible encara una resposta europea conjunta? - CEI International Affairs","isPartOf":{"@id":"https:\/\/www.ceibcn.com\/en\/#website"},"primaryImageOfPage":{"@id":"https:\/\/www.ceibcn.com\/en\/2015\/10\/la-crisi-dels-refugiats-es-possible-encara-una-resposta-europea-conjunta\/#primaryimage"},"image":{"@id":"https:\/\/www.ceibcn.com\/en\/2015\/10\/la-crisi-dels-refugiats-es-possible-encara-una-resposta-europea-conjunta\/#primaryimage"},"thumbnailUrl":"https:\/\/www.ceibcn.com\/wp-content\/uploads\/2015\/10\/JornadaRefugiats_CAT.png","datePublished":"2015-10-29T09:57:56+00:00","breadcrumb":{"@id":"https:\/\/www.ceibcn.com\/en\/2015\/10\/la-crisi-dels-refugiats-es-possible-encara-una-resposta-europea-conjunta\/#breadcrumb"},"inLanguage":"en-US","potentialAction":[{"@type":"ReadAction","target":["https:\/\/www.ceibcn.com\/en\/2015\/10\/la-crisi-dels-refugiats-es-possible-encara-una-resposta-europea-conjunta\/"]}]},{"@type":"ImageObject","inLanguage":"en-US","@id":"https:\/\/www.ceibcn.com\/en\/2015\/10\/la-crisi-dels-refugiats-es-possible-encara-una-resposta-europea-conjunta\/#primaryimage","url":"https:\/\/www.ceibcn.com\/wp-content\/uploads\/2015\/10\/JornadaRefugiats_CAT.png","contentUrl":"https:\/\/www.ceibcn.com\/wp-content\/uploads\/2015\/10\/JornadaRefugiats_CAT.png","width":600,"height":232,"caption":"JornadaRefugiats CAT"},{"@type":"BreadcrumbList","@id":"https:\/\/www.ceibcn.com\/en\/2015\/10\/la-crisi-dels-refugiats-es-possible-encara-una-resposta-europea-conjunta\/#breadcrumb","itemListElement":[{"@type":"ListItem","position":1,"name":"Portada","item":"https:\/\/www.ceibcn.com\/en\/"},{"@type":"ListItem","position":2,"name":"La crisi dels refugiats: \u00c9s possible encara una resposta europea conjunta?"}]},{"@type":"WebSite","@id":"https:\/\/www.ceibcn.com\/en\/#website","url":"https:\/\/www.ceibcn.com\/en\/","name":"CEI International Affairs","description":"CEI International Affairs","publisher":{"@id":"https:\/\/www.ceibcn.com\/en\/#organization"},"alternateName":"CEI International Affairs","potentialAction":[{"@type":"SearchAction","target":{"@type":"EntryPoint","urlTemplate":"https:\/\/www.ceibcn.com\/en\/?s={search_term_string}"},"query-input":{"@type":"PropertyValueSpecification","valueRequired":true,"valueName":"search_term_string"}}],"inLanguage":"en-US"},{"@type":"Organization","@id":"https:\/\/www.ceibcn.com\/en\/#organization","name":"CEI International Affairs","url":"https:\/\/www.ceibcn.com\/en\/","logo":{"@type":"ImageObject","inLanguage":"en-US","@id":"https:\/\/www.ceibcn.com\/en\/#\/schema\/logo\/image\/","url":"https:\/\/www.ceibcn.com\/wp-content\/uploads\/2021\/09\/CeiLogo_EscuelaDiploVectorized_vectorizedSIN_FONDO.png","contentUrl":"https:\/\/www.ceibcn.com\/wp-content\/uploads\/2021\/09\/CeiLogo_EscuelaDiploVectorized_vectorizedSIN_FONDO.png","width":1591,"height":629,"caption":"CEI International Affairs"},"image":{"@id":"https:\/\/www.ceibcn.com\/en\/#\/schema\/logo\/image\/"},"sameAs":["https:\/\/www.facebook.com\/CEI.CentroDeEstudiosInternacionales\/","https:\/\/x.com\/CEIbcn","https:\/\/www.instagram.com\/cei_international\/"]},{"@type":"Person","@id":"https:\/\/www.ceibcn.com\/en\/#\/schema\/person\/4ef9992ee2fbd3987a5e1834e5d5808d","name":"Cristian Romero Velasco","image":{"@type":"ImageObject","inLanguage":"en-US","@id":"https:\/\/www.ceibcn.com\/en\/#\/schema\/person\/image\/","url":"https:\/\/secure.gravatar.com\/avatar\/d78c33ad7f1570635ae9c9cb6274fe682bd5872dfde7a5448127d7825dd90943?s=96&d=mm&r=g","contentUrl":"https:\/\/secure.gravatar.com\/avatar\/d78c33ad7f1570635ae9c9cb6274fe682bd5872dfde7a5448127d7825dd90943?s=96&d=mm&r=g","caption":"Cristian Romero Velasco"},"url":"https:\/\/www.ceibcn.com\/en\/author\/cristian\/"}]}},"_links":{"self":[{"href":"https:\/\/www.ceibcn.com\/en\/wp-json\/wp\/v2\/posts\/1711","targetHints":{"allow":["GET"]}}],"collection":[{"href":"https:\/\/www.ceibcn.com\/en\/wp-json\/wp\/v2\/posts"}],"about":[{"href":"https:\/\/www.ceibcn.com\/en\/wp-json\/wp\/v2\/types\/post"}],"author":[{"embeddable":true,"href":"https:\/\/www.ceibcn.com\/en\/wp-json\/wp\/v2\/users\/6"}],"replies":[{"embeddable":true,"href":"https:\/\/www.ceibcn.com\/en\/wp-json\/wp\/v2\/comments?post=1711"}],"version-history":[{"count":0,"href":"https:\/\/www.ceibcn.com\/en\/wp-json\/wp\/v2\/posts\/1711\/revisions"}],"wp:featuredmedia":[{"embeddable":true,"href":"https:\/\/www.ceibcn.com\/en\/wp-json\/wp\/v2\/media\/1708"}],"wp:attachment":[{"href":"https:\/\/www.ceibcn.com\/en\/wp-json\/wp\/v2\/media?parent=1711"}],"wp:term":[{"taxonomy":"category","embeddable":true,"href":"https:\/\/www.ceibcn.com\/en\/wp-json\/wp\/v2\/categories?post=1711"},{"taxonomy":"post_tag","embeddable":true,"href":"https:\/\/www.ceibcn.com\/en\/wp-json\/wp\/v2\/tags?post=1711"}],"curies":[{"name":"wp","href":"https:\/\/api.w.org\/{rel}","templated":true}]}}