{"id":1933,"date":"2016-05-10T10:23:21","date_gmt":"2016-05-10T10:23:21","guid":{"rendered":"https:\/\/www.ceibcn.com\/2016\/05\/conferencia-sesion-japon\/"},"modified":"2016-05-10T10:23:21","modified_gmt":"2016-05-10T10:23:21","slug":"conferencia-sesion-japon","status":"publish","type":"post","link":"https:\/\/www.ceibcn.com\/en\/2016\/05\/conferencia-sesion-japon\/","title":{"rendered":"Conferencia Sesi\u00f3n Jap\u00f3n"},"content":{"rendered":"<p>El pr\u00f3ximo martes<strong>&nbsp;31 de mayo<\/strong>&nbsp;a las 17h., el Embajador de Espa\u00f1a en Jap\u00f3n, ofrecer\u00e1 la conferencia&nbsp;<strong>&#8220;<strong>Las relaciones entre Espa\u00f1a y Jap\u00f3n<\/strong>&#8220;<\/strong>.<\/p>\n<p><!--more--><\/p>\n<h2 style=\"font-family-anulat: 'Helvetica Neue', Helvetica, Arial, sans-serif;\">Presentaci\u00f3n<\/h2>\n<p>El pr\u00f3ximo 31 de mayo el CEI International Affairs le invita a la conferencia&nbsp;<strong>&#8220;Las relaciones entre Espa\u00f1a y Jap\u00f3n&#8221;<\/strong>, que ofrecer\u00e1 el Embajador de Espa\u00f1a en Jap\u00f3n, el&nbsp;<strong>Excmo. Sr. Gonzalo de Benito Secades<\/strong>.<\/p>\n<p>El Sr. de Benito analizar\u00e1&nbsp;<span style=\"font-family-anulat: Helvetica, sans-serif; font-size-anulat: 13.3333px;\">la&nbsp;<strong>situaci\u00f3n actual econ\u00f3mica, pol\u00edtica y social<\/strong>&nbsp;del pa\u00eds y su&nbsp;<strong>relaci\u00f3n con<\/strong>&nbsp;el&nbsp;<strong>estado espa\u00f1ol<\/strong>&nbsp;a nivel comercial y diplom\u00e1tico.<\/span><\/p>\n<p>&nbsp;<\/p>\n<p><a href=\"http:\/\/www.exteriores.gob.es\/Embajadas\/TOKIO\/es\/Embajada\/Paginas\/CVEmbajador.aspx\">CV del Embajador<\/a>&nbsp;<\/p>\n<p><a href=\"https:\/\/www.ceibcn.com\/wp-content\/uploads\/2016\/05\/japon_ficha_pais.pdf\">Ficha pa\u00eds Jap\u00f3n<\/a><\/p>\n<p><em>(Fuente: Ministerio de Asuntos Exteriores y de Cooperaci\u00f3n)<\/em><\/p>\n<h2 style=\"font-family-anulat: 'Helvetica Neue', Helvetica, Arial, sans-serif;\">&nbsp;<\/h2>\n<h2 style=\"font-family-anulat: 'Helvetica Neue', Helvetica, Arial, sans-serif;\">Conferencia<\/h2>\n<p><span title=\"Data: 26\/11\/2013\"><strong>Fecha:<\/strong>&nbsp;31\/05\/2016<\/span><\/p>\n<p><span title=\"Dirigida a: XXX\"><strong>Dirigida a:<\/strong>&nbsp;Abierto a todo el p\u00fablico<br \/><\/span><\/p>\n<p><span title=\"Sessi\u00f3 de mat\u00ed: de 13:30h.\"><strong>Horario:<\/strong>&nbsp;18h.<\/span><span title=\"a 16:00h.\"><br \/><\/span><\/p>\n<p><span title=\"Lloc: Av.\"><strong>Lugar:<\/strong>&nbsp;<a href=\"http:\/\/www.casaasia.es\/casa_asia\/donde_estamos\">Casa Asia<\/a> (para acceder al recinto es necesario presentar el DNI o pasaporte)<br \/><\/span><\/p>\n<p><span style=\"font-size-anulat: 9.5pt; line-height: 14.5667px; font-family-anulat: arial, helvetica, sans-serif;\"><span title=\"Es prega confirmaci\u00f3 abans del XXX a la Sra.\">Se ruega confirmaci\u00f3n <\/span><span title=\"\u00c0ngels Vara ( &lt;a href=\">por correo electr\u00f3nico a&nbsp;<span style=\"font-size-anulat: 10pt; font-family-anulat: Arial, sans-serif; color: black;\"><a href=\"mailto:spascual@casaasia.es\">spascual@casaasia.es<\/a><\/span><\/span><\/span><\/p>\n","protected":false},"excerpt":{"rendered":"<p>El pr\u00f3ximo martes&nbsp;31 de mayo&nbsp;a las 17h., el Embajador de Espa\u00f1a en Jap\u00f3n, ofrecer\u00e1 la conferencia&nbsp;&#8220;Las relaciones entre Espa\u00f1a y Jap\u00f3n&#8220;.<\/p>\n","protected":false},"author":6,"featured_media":0,"comment_status":"open","ping_status":"closed","sticky":false,"template":"","format":"standard","meta":{"_acf_changed":false,"_crdt_document":"","inline_featured_image":false,"footnotes":""},"categories":[25],"tags":[],"class_list":["post-1933","post","type-post","status-publish","format-standard","hentry","category-aula-internacional"],"acf":[],"yoast_head":"<!-- This site is optimized with the Yoast SEO plugin v27.0 - https:\/\/yoast.com\/product\/yoast-seo-wordpress\/ -->\n<title>Conferencia Sesi\u00f3n Jap\u00f3n - CEI International Affairs<\/title>\n<meta name=\"robots\" content=\"index, follow, max-snippet:-1, max-image-preview:large, max-video-preview:-1\" \/>\n<link rel=\"canonical\" href=\"https:\/\/www.ceibcn.com\/en\/2016\/05\/conferencia-sesion-japon\/\" \/>\n<meta property=\"og:locale\" content=\"en_US\" \/>\n<meta property=\"og:type\" content=\"article\" \/>\n<meta property=\"og:title\" content=\"Conferencia Sesi\u00f3n Jap\u00f3n - CEI International Affairs\" \/>\n<meta property=\"og:description\" content=\"El pr\u00f3ximo martes&nbsp;31 de mayo&nbsp;a las 17h., el Embajador de Espa\u00f1a en Jap\u00f3n, ofrecer\u00e1 la conferencia&nbsp;&#8220;Las relaciones entre Espa\u00f1a y Jap\u00f3n&#8220;.\" \/>\n<meta property=\"og:url\" content=\"https:\/\/www.ceibcn.com\/en\/2016\/05\/conferencia-sesion-japon\/\" \/>\n<meta property=\"og:site_name\" content=\"CEI International Affairs\" \/>\n<meta property=\"article:publisher\" content=\"https:\/\/www.facebook.com\/CEI.CentroDeEstudiosInternacionales\/\" \/>\n<meta property=\"article:published_time\" content=\"2016-05-10T10:23:21+00:00\" \/>\n<meta property=\"og:image\" content=\"https:\/\/www.ceibcn.com\/wp-content\/uploads\/2023\/01\/Logo-CEI.png\" \/>\n\t<meta property=\"og:image:width\" content=\"500\" \/>\n\t<meta property=\"og:image:height\" content=\"500\" \/>\n\t<meta property=\"og:image:type\" content=\"image\/png\" \/>\n<meta name=\"author\" content=\"Cristian Romero Velasco\" \/>\n<meta name=\"twitter:card\" content=\"summary_large_image\" \/>\n<meta name=\"twitter:creator\" content=\"@CEIbcn\" \/>\n<meta name=\"twitter:site\" content=\"@CEIbcn\" \/>\n<meta name=\"twitter:label1\" content=\"Written by\" \/>\n\t<meta name=\"twitter:data1\" content=\"Cristian Romero Velasco\" \/>\n\t<meta name=\"twitter:label2\" content=\"Est. reading time\" \/>\n\t<meta name=\"twitter:data2\" content=\"1 minute\" \/>\n<script type=\"application\/ld+json\" class=\"yoast-schema-graph\">{\"@context\":\"https:\/\/schema.org\",\"@graph\":[{\"@type\":\"Article\",\"@id\":\"https:\/\/www.ceibcn.com\/en\/2016\/05\/conferencia-sesion-japon\/#article\",\"isPartOf\":{\"@id\":\"https:\/\/www.ceibcn.com\/en\/2016\/05\/conferencia-sesion-japon\/\"},\"author\":{\"name\":\"Cristian Romero Velasco\",\"@id\":\"https:\/\/www.ceibcn.com\/en\/#\/schema\/person\/4ef9992ee2fbd3987a5e1834e5d5808d\"},\"headline\":\"Conferencia Sesi\u00f3n Jap\u00f3n\",\"datePublished\":\"2016-05-10T10:23:21+00:00\",\"mainEntityOfPage\":{\"@id\":\"https:\/\/www.ceibcn.com\/en\/2016\/05\/conferencia-sesion-japon\/\"},\"wordCount\":182,\"commentCount\":0,\"publisher\":{\"@id\":\"https:\/\/www.ceibcn.com\/en\/#organization\"},\"articleSection\":[\"Aula Internacional\"],\"inLanguage\":\"en-US\",\"potentialAction\":[{\"@type\":\"CommentAction\",\"name\":\"Comment\",\"target\":[\"https:\/\/www.ceibcn.com\/en\/2016\/05\/conferencia-sesion-japon\/#respond\"]}]},{\"@type\":\"WebPage\",\"@id\":\"https:\/\/www.ceibcn.com\/en\/2016\/05\/conferencia-sesion-japon\/\",\"url\":\"https:\/\/www.ceibcn.com\/en\/2016\/05\/conferencia-sesion-japon\/\",\"name\":\"Conferencia Sesi\u00f3n Jap\u00f3n - CEI International Affairs\",\"isPartOf\":{\"@id\":\"https:\/\/www.ceibcn.com\/en\/#website\"},\"datePublished\":\"2016-05-10T10:23:21+00:00\",\"breadcrumb\":{\"@id\":\"https:\/\/www.ceibcn.com\/en\/2016\/05\/conferencia-sesion-japon\/#breadcrumb\"},\"inLanguage\":\"en-US\",\"potentialAction\":[{\"@type\":\"ReadAction\",\"target\":[\"https:\/\/www.ceibcn.com\/en\/2016\/05\/conferencia-sesion-japon\/\"]}]},{\"@type\":\"BreadcrumbList\",\"@id\":\"https:\/\/www.ceibcn.com\/en\/2016\/05\/conferencia-sesion-japon\/#breadcrumb\",\"itemListElement\":[{\"@type\":\"ListItem\",\"position\":1,\"name\":\"Portada\",\"item\":\"https:\/\/www.ceibcn.com\/en\/\"},{\"@type\":\"ListItem\",\"position\":2,\"name\":\"Conferencia Sesi\u00f3n Jap\u00f3n\"}]},{\"@type\":\"WebSite\",\"@id\":\"https:\/\/www.ceibcn.com\/en\/#website\",\"url\":\"https:\/\/www.ceibcn.com\/en\/\",\"name\":\"CEI International Affairs\",\"description\":\"CEI International Affairs\",\"publisher\":{\"@id\":\"https:\/\/www.ceibcn.com\/en\/#organization\"},\"alternateName\":\"CEI International Affairs\",\"potentialAction\":[{\"@type\":\"SearchAction\",\"target\":{\"@type\":\"EntryPoint\",\"urlTemplate\":\"https:\/\/www.ceibcn.com\/en\/?s={search_term_string}\"},\"query-input\":{\"@type\":\"PropertyValueSpecification\",\"valueRequired\":true,\"valueName\":\"search_term_string\"}}],\"inLanguage\":\"en-US\"},{\"@type\":\"Organization\",\"@id\":\"https:\/\/www.ceibcn.com\/en\/#organization\",\"name\":\"CEI International Affairs\",\"url\":\"https:\/\/www.ceibcn.com\/en\/\",\"logo\":{\"@type\":\"ImageObject\",\"inLanguage\":\"en-US\",\"@id\":\"https:\/\/www.ceibcn.com\/en\/#\/schema\/logo\/image\/\",\"url\":\"https:\/\/www.ceibcn.com\/wp-content\/uploads\/2021\/09\/CeiLogo_EscuelaDiploVectorized_vectorizedSIN_FONDO.png\",\"contentUrl\":\"https:\/\/www.ceibcn.com\/wp-content\/uploads\/2021\/09\/CeiLogo_EscuelaDiploVectorized_vectorizedSIN_FONDO.png\",\"width\":1591,\"height\":629,\"caption\":\"CEI International Affairs\"},\"image\":{\"@id\":\"https:\/\/www.ceibcn.com\/en\/#\/schema\/logo\/image\/\"},\"sameAs\":[\"https:\/\/www.facebook.com\/CEI.CentroDeEstudiosInternacionales\/\",\"https:\/\/x.com\/CEIbcn\",\"https:\/\/www.instagram.com\/cei_international\/\"]},{\"@type\":\"Person\",\"@id\":\"https:\/\/www.ceibcn.com\/en\/#\/schema\/person\/4ef9992ee2fbd3987a5e1834e5d5808d\",\"name\":\"Cristian Romero Velasco\",\"image\":{\"@type\":\"ImageObject\",\"inLanguage\":\"en-US\",\"@id\":\"https:\/\/www.ceibcn.com\/en\/#\/schema\/person\/image\/\",\"url\":\"https:\/\/secure.gravatar.com\/avatar\/d78c33ad7f1570635ae9c9cb6274fe682bd5872dfde7a5448127d7825dd90943?s=96&d=mm&r=g\",\"contentUrl\":\"https:\/\/secure.gravatar.com\/avatar\/d78c33ad7f1570635ae9c9cb6274fe682bd5872dfde7a5448127d7825dd90943?s=96&d=mm&r=g\",\"caption\":\"Cristian Romero Velasco\"},\"url\":\"https:\/\/www.ceibcn.com\/en\/author\/cristian\/\"}]}<\/script>\n<!-- \/ Yoast SEO plugin. -->","yoast_head_json":{"title":"Conferencia Sesi\u00f3n Jap\u00f3n - CEI International Affairs","robots":{"index":"index","follow":"follow","max-snippet":"max-snippet:-1","max-image-preview":"max-image-preview:large","max-video-preview":"max-video-preview:-1"},"canonical":"https:\/\/www.ceibcn.com\/en\/2016\/05\/conferencia-sesion-japon\/","og_locale":"en_US","og_type":"article","og_title":"Conferencia Sesi\u00f3n Jap\u00f3n - CEI International Affairs","og_description":"El pr\u00f3ximo martes&nbsp;31 de mayo&nbsp;a las 17h., el Embajador de Espa\u00f1a en Jap\u00f3n, ofrecer\u00e1 la conferencia&nbsp;&#8220;Las relaciones entre Espa\u00f1a y Jap\u00f3n&#8220;.","og_url":"https:\/\/www.ceibcn.com\/en\/2016\/05\/conferencia-sesion-japon\/","og_site_name":"CEI International Affairs","article_publisher":"https:\/\/www.facebook.com\/CEI.CentroDeEstudiosInternacionales\/","article_published_time":"2016-05-10T10:23:21+00:00","og_image":[{"width":500,"height":500,"url":"https:\/\/www.ceibcn.com\/wp-content\/uploads\/2023\/01\/Logo-CEI.png","type":"image\/png"}],"author":"Cristian Romero Velasco","twitter_card":"summary_large_image","twitter_creator":"@CEIbcn","twitter_site":"@CEIbcn","twitter_misc":{"Written by":"Cristian Romero Velasco","Est. reading time":"1 minute"},"schema":{"@context":"https:\/\/schema.org","@graph":[{"@type":"Article","@id":"https:\/\/www.ceibcn.com\/en\/2016\/05\/conferencia-sesion-japon\/#article","isPartOf":{"@id":"https:\/\/www.ceibcn.com\/en\/2016\/05\/conferencia-sesion-japon\/"},"author":{"name":"Cristian Romero Velasco","@id":"https:\/\/www.ceibcn.com\/en\/#\/schema\/person\/4ef9992ee2fbd3987a5e1834e5d5808d"},"headline":"Conferencia Sesi\u00f3n Jap\u00f3n","datePublished":"2016-05-10T10:23:21+00:00","mainEntityOfPage":{"@id":"https:\/\/www.ceibcn.com\/en\/2016\/05\/conferencia-sesion-japon\/"},"wordCount":182,"commentCount":0,"publisher":{"@id":"https:\/\/www.ceibcn.com\/en\/#organization"},"articleSection":["Aula Internacional"],"inLanguage":"en-US","potentialAction":[{"@type":"CommentAction","name":"Comment","target":["https:\/\/www.ceibcn.com\/en\/2016\/05\/conferencia-sesion-japon\/#respond"]}]},{"@type":"WebPage","@id":"https:\/\/www.ceibcn.com\/en\/2016\/05\/conferencia-sesion-japon\/","url":"https:\/\/www.ceibcn.com\/en\/2016\/05\/conferencia-sesion-japon\/","name":"Conferencia Sesi\u00f3n Jap\u00f3n - CEI International Affairs","isPartOf":{"@id":"https:\/\/www.ceibcn.com\/en\/#website"},"datePublished":"2016-05-10T10:23:21+00:00","breadcrumb":{"@id":"https:\/\/www.ceibcn.com\/en\/2016\/05\/conferencia-sesion-japon\/#breadcrumb"},"inLanguage":"en-US","potentialAction":[{"@type":"ReadAction","target":["https:\/\/www.ceibcn.com\/en\/2016\/05\/conferencia-sesion-japon\/"]}]},{"@type":"BreadcrumbList","@id":"https:\/\/www.ceibcn.com\/en\/2016\/05\/conferencia-sesion-japon\/#breadcrumb","itemListElement":[{"@type":"ListItem","position":1,"name":"Portada","item":"https:\/\/www.ceibcn.com\/en\/"},{"@type":"ListItem","position":2,"name":"Conferencia Sesi\u00f3n Jap\u00f3n"}]},{"@type":"WebSite","@id":"https:\/\/www.ceibcn.com\/en\/#website","url":"https:\/\/www.ceibcn.com\/en\/","name":"CEI International Affairs","description":"CEI International Affairs","publisher":{"@id":"https:\/\/www.ceibcn.com\/en\/#organization"},"alternateName":"CEI International Affairs","potentialAction":[{"@type":"SearchAction","target":{"@type":"EntryPoint","urlTemplate":"https:\/\/www.ceibcn.com\/en\/?s={search_term_string}"},"query-input":{"@type":"PropertyValueSpecification","valueRequired":true,"valueName":"search_term_string"}}],"inLanguage":"en-US"},{"@type":"Organization","@id":"https:\/\/www.ceibcn.com\/en\/#organization","name":"CEI International Affairs","url":"https:\/\/www.ceibcn.com\/en\/","logo":{"@type":"ImageObject","inLanguage":"en-US","@id":"https:\/\/www.ceibcn.com\/en\/#\/schema\/logo\/image\/","url":"https:\/\/www.ceibcn.com\/wp-content\/uploads\/2021\/09\/CeiLogo_EscuelaDiploVectorized_vectorizedSIN_FONDO.png","contentUrl":"https:\/\/www.ceibcn.com\/wp-content\/uploads\/2021\/09\/CeiLogo_EscuelaDiploVectorized_vectorizedSIN_FONDO.png","width":1591,"height":629,"caption":"CEI International Affairs"},"image":{"@id":"https:\/\/www.ceibcn.com\/en\/#\/schema\/logo\/image\/"},"sameAs":["https:\/\/www.facebook.com\/CEI.CentroDeEstudiosInternacionales\/","https:\/\/x.com\/CEIbcn","https:\/\/www.instagram.com\/cei_international\/"]},{"@type":"Person","@id":"https:\/\/www.ceibcn.com\/en\/#\/schema\/person\/4ef9992ee2fbd3987a5e1834e5d5808d","name":"Cristian Romero Velasco","image":{"@type":"ImageObject","inLanguage":"en-US","@id":"https:\/\/www.ceibcn.com\/en\/#\/schema\/person\/image\/","url":"https:\/\/secure.gravatar.com\/avatar\/d78c33ad7f1570635ae9c9cb6274fe682bd5872dfde7a5448127d7825dd90943?s=96&d=mm&r=g","contentUrl":"https:\/\/secure.gravatar.com\/avatar\/d78c33ad7f1570635ae9c9cb6274fe682bd5872dfde7a5448127d7825dd90943?s=96&d=mm&r=g","caption":"Cristian Romero Velasco"},"url":"https:\/\/www.ceibcn.com\/en\/author\/cristian\/"}]}},"_links":{"self":[{"href":"https:\/\/www.ceibcn.com\/en\/wp-json\/wp\/v2\/posts\/1933","targetHints":{"allow":["GET"]}}],"collection":[{"href":"https:\/\/www.ceibcn.com\/en\/wp-json\/wp\/v2\/posts"}],"about":[{"href":"https:\/\/www.ceibcn.com\/en\/wp-json\/wp\/v2\/types\/post"}],"author":[{"embeddable":true,"href":"https:\/\/www.ceibcn.com\/en\/wp-json\/wp\/v2\/users\/6"}],"replies":[{"embeddable":true,"href":"https:\/\/www.ceibcn.com\/en\/wp-json\/wp\/v2\/comments?post=1933"}],"version-history":[{"count":0,"href":"https:\/\/www.ceibcn.com\/en\/wp-json\/wp\/v2\/posts\/1933\/revisions"}],"wp:attachment":[{"href":"https:\/\/www.ceibcn.com\/en\/wp-json\/wp\/v2\/media?parent=1933"}],"wp:term":[{"taxonomy":"category","embeddable":true,"href":"https:\/\/www.ceibcn.com\/en\/wp-json\/wp\/v2\/categories?post=1933"},{"taxonomy":"post_tag","embeddable":true,"href":"https:\/\/www.ceibcn.com\/en\/wp-json\/wp\/v2\/tags?post=1933"}],"curies":[{"name":"wp","href":"https:\/\/api.w.org\/{rel}","templated":true}]}}