{"id":1936,"date":"2016-05-11T10:14:51","date_gmt":"2016-05-11T10:14:51","guid":{"rendered":"https:\/\/www.ceibcn.com\/2016\/05\/trobada-amb-l-ambaixador-d-espanya-al-japo\/"},"modified":"2016-05-11T10:14:51","modified_gmt":"2016-05-11T10:14:51","slug":"trobada-amb-l-ambaixador-d-espanya-al-japo","status":"publish","type":"post","link":"https:\/\/www.ceibcn.com\/en\/2016\/05\/trobada-amb-l-ambaixador-d-espanya-al-japo\/","title":{"rendered":"Trobada amb l&#8217;Ambaixador d&#8217;Espanya al Jap\u00f3"},"content":{"rendered":"<h2 style=\"margin: 15pt 0cm 7.5pt; font-family-anulat: 'Helvetica Neue', Helvetica, Arial, sans-serif; line-height: 12pt; background-image: initial; background-attachment: initial; background-position: initial; background-repeat: initial;\"><strong><span style=\"font-size-anulat: 10.5pt; font-family-anulat: Arial, sans-serif; color: #118ec9;\">Presentaci\u00f3<\/span><\/strong><\/h2>\n<p>Jap\u00f3 forma part de les principals estructures multilaterals de cooperaci\u00f3 internacional; \u00e9s membre de l&#8217;Organitzaci\u00f3 de Nacions Unides i dels diferents fons i programes (UNICEF, UNCTAD, PNUD, ACNUR, PNUMA, etc.), instituts (UNICRI, UNITAR, etc.), comissions, ag\u00e8ncies especialitzades (OIT, FAO, OMS , UNESCO) etc. que componen el sistema. Aix\u00ed mateix forma part de les principals organitzacions internacionals d&#8217;\u00e0mbit econ\u00f2mic financer, de l&#8217;energia, etc.<\/p>\n<p>Les seves relacions exteriors v\u00e9nen marcades pel binomi economia i seguretat. Jap\u00f3 mant\u00e9 un fort vincle diplom\u00e0tic i de seguretat amb els EUA, a trav\u00e9s dels Acords de Seguretat EUA &#8211; Jap\u00f3, contrets despr\u00e9s de la II Guerra Mundial.<\/p>\n<p>Tot i que les seves exportacions i importacions de b\u00e9ns i serveis amb prou feines representen el 16% i el 17% del seu PIB respectivament, Jap\u00f3 \u00e9s el quart major exportador i importador mundial de mercaderies (prenent a la UE com un \u00fanic pa\u00eds). Jap\u00f3 \u00e9s un important mercat, i ofereix un gran potencial de creixement per a les empreses espanyoles i al seu torn Espanya \u00e9s la tercera destinaci\u00f3 tur\u00edstica europeu per als japonesos.<\/p>\n<p>L&#8217;Excm. Sr.&nbsp;<strong>Gonzalo de Benito Secades<\/strong>, ambaixador d&#8217;Espanya a Tokio, exposar\u00e0 la situaci\u00f3 actual econ\u00f2mica, pol\u00edtica i social del pa\u00eds i la seva relaci\u00f3 amb l&#8217;estat espanyol a nivell comercial i diplom\u00e0tic.<\/p>\n<p style=\"margin-bottom: 6.75pt; line-height: 13.5pt; background-image: initial; background-attachment: initial; background-position: initial; background-repeat: initial;\"><em><span style=\"font-size-anulat: 10pt; font-family-anulat: Helvetica, sans-serif;\">Font: Fitxa Pa\u00eds Jap\u00f3 (Ministeri d&#8217;Afers Exteriors i de Cooperaci\u00f3)&nbsp;<\/span><\/em><\/p>\n<p><a href=\"https:\/\/www.ceibcn.com\/wp-content\/uploads\/2016\/05\/japon_ficha_pais.pdf\">Veure la fitxa completa del pa\u00eds<\/a><\/p>\n<h2 style=\"margin: 15pt 0cm 7.5pt; font-family-anulat: 'Helvetica Neue', Helvetica, Arial, sans-serif; line-height: 12pt; background-image: initial; background-attachment: initial; background-position: initial; background-repeat: initial;\">&nbsp;<\/h2>\n<h2 style=\"margin: 15pt 0cm 7.5pt; font-family-anulat: 'Helvetica Neue', Helvetica, Arial, sans-serif; line-height: 12pt; background-image: initial; background-attachment: initial; background-position: initial; background-repeat: initial;\"><strong><span style=\"font-size-anulat: 10.5pt; font-family-anulat: Arial, sans-serif; color: #118ec9;\">Trobada i dinar<br \/><\/span><\/strong><\/h2>\n<p style=\"margin-bottom: 6.75pt; line-height: 13.5pt; background-image: initial; background-attachment: initial; background-position: initial; background-repeat: initial;\"><strong><span style=\"font-size-anulat: 10pt; font-family-anulat: Helvetica, sans-serif;\">Data:<\/span><\/strong><span style=\"font-size-anulat: 10pt; font-family-anulat: Helvetica, sans-serif;\">&nbsp;31\/05\/2016<\/span><\/p>\n<p style=\"margin-bottom: 6.75pt; line-height: 13.5pt; background-image: initial; background-attachment: initial; background-position: initial; background-repeat: initial;\"><strong><span style=\"font-size-anulat: 10pt; font-family-anulat: Helvetica, sans-serif;\">Dirigida a:<\/span><\/strong><span style=\"font-size-anulat: 10pt; font-family-anulat: Helvetica, sans-serif;\">&nbsp;Periodistes, acad\u00e8mics, representants d&#8217;institucions i empresaris (per invitaci\u00f3 expressa del CEI International Affairs)<\/span><\/p>\n<p style=\"margin-bottom: 6.75pt; line-height: 13.5pt; background-image: initial; background-attachment: initial; background-position: initial; background-repeat: initial;\"><strong><span style=\"font-size-anulat: 10pt; font-family-anulat: Helvetica, sans-serif;\">Horari:<\/span><\/strong><span style=\"font-size-anulat: 10pt; font-family-anulat: Helvetica, sans-serif;\">&nbsp;de 13:30 h.&nbsp;a 16:00 h.<\/span><\/p>\n<p style=\"margin-bottom: 6.75pt; line-height: 13.5pt; background-image: initial; background-attachment: initial; background-position: initial; background-repeat: initial;\"><strong><span style=\"font-size-anulat: 10pt; font-family-anulat: Helvetica, sans-serif;\">Lloc:<\/span><\/strong><span style=\"font-size-anulat: 10pt; font-family-anulat: Helvetica, sans-serif;\">&nbsp;<a href=\"index.php?Itemid=301\">Av.&nbsp;Vallvidrera, 25. Barcelona.<\/a><\/span><\/p>\n<p style=\"margin-bottom: 6.75pt; line-height: 13.5pt; background-image: initial; background-attachment: initial; background-position: initial; background-repeat: initial;\"><strong><span style=\"font-size-anulat: 10pt; font-family-anulat: Helvetica, sans-serif;\">Contacte:<\/span><\/strong><span style=\"font-size-anulat: 10pt; font-family-anulat: Helvetica, sans-serif;\">&nbsp;Sra. \u00c0ngels Vara<\/span><\/p>\n<p style=\"margin-bottom: 6.75pt; line-height: 13.5pt; background-image: initial; background-attachment: initial; background-position: initial; background-repeat: initial;\"><strong><span style=\"font-size-anulat: 10pt; font-family-anulat: Helvetica, sans-serif;\">Preu:<\/span><\/strong><span style=\"font-size-anulat: 10pt; font-family-anulat: Helvetica, sans-serif;\">&nbsp;75 Euros (corresponents al dinar)<\/span><\/p>\n","protected":false},"excerpt":{"rendered":"<p>Presentaci\u00f3 Jap\u00f3 forma part de les principals estructures multilaterals de cooperaci\u00f3 internacional; \u00e9s membre de l&#8217;Organitzaci\u00f3 de Nacions Unides i dels diferents fons i programes (UNICEF, UNCTAD, PNUD, ACNUR, PNUMA, etc.), instituts (UNICRI, UNITAR, etc.), comissions, ag\u00e8ncies especialitzades (OIT, FAO, OMS , UNESCO) etc. que componen el sistema. Aix\u00ed mateix forma part de les principals [&hellip;]<\/p>\n","protected":false},"author":6,"featured_media":0,"comment_status":"open","ping_status":"closed","sticky":false,"template":"","format":"standard","meta":{"_acf_changed":false,"_crdt_document":"","inline_featured_image":false,"footnotes":""},"categories":[25],"tags":[],"class_list":["post-1936","post","type-post","status-publish","format-standard","hentry","category-aula-internacional"],"acf":[],"yoast_head":"<!-- This site is optimized with the Yoast SEO plugin v27.0 - https:\/\/yoast.com\/product\/yoast-seo-wordpress\/ -->\n<title>Trobada amb l&#039;Ambaixador d&#039;Espanya al Jap\u00f3 - CEI International Affairs<\/title>\n<meta name=\"robots\" content=\"index, follow, max-snippet:-1, max-image-preview:large, max-video-preview:-1\" \/>\n<link rel=\"canonical\" href=\"https:\/\/www.ceibcn.com\/en\/2016\/05\/trobada-amb-l-ambaixador-d-espanya-al-japo\/\" \/>\n<meta property=\"og:locale\" content=\"en_US\" \/>\n<meta property=\"og:type\" content=\"article\" \/>\n<meta property=\"og:title\" content=\"Trobada amb l&#039;Ambaixador d&#039;Espanya al Jap\u00f3 - CEI International Affairs\" \/>\n<meta property=\"og:description\" content=\"Presentaci\u00f3 Jap\u00f3 forma part de les principals estructures multilaterals de cooperaci\u00f3 internacional; \u00e9s membre de l&#8217;Organitzaci\u00f3 de Nacions Unides i dels diferents fons i programes (UNICEF, UNCTAD, PNUD, ACNUR, PNUMA, etc.), instituts (UNICRI, UNITAR, etc.), comissions, ag\u00e8ncies especialitzades (OIT, FAO, OMS , UNESCO) etc. que componen el sistema. Aix\u00ed mateix forma part de les principals [&hellip;]\" \/>\n<meta property=\"og:url\" content=\"https:\/\/www.ceibcn.com\/en\/2016\/05\/trobada-amb-l-ambaixador-d-espanya-al-japo\/\" \/>\n<meta property=\"og:site_name\" content=\"CEI International Affairs\" \/>\n<meta property=\"article:publisher\" content=\"https:\/\/www.facebook.com\/CEI.CentroDeEstudiosInternacionales\/\" \/>\n<meta property=\"article:published_time\" content=\"2016-05-11T10:14:51+00:00\" \/>\n<meta property=\"og:image\" content=\"https:\/\/www.ceibcn.com\/wp-content\/uploads\/2023\/01\/Logo-CEI.png\" \/>\n\t<meta property=\"og:image:width\" content=\"500\" \/>\n\t<meta property=\"og:image:height\" content=\"500\" \/>\n\t<meta property=\"og:image:type\" content=\"image\/png\" \/>\n<meta name=\"author\" content=\"Cristian Romero Velasco\" \/>\n<meta name=\"twitter:card\" content=\"summary_large_image\" \/>\n<meta name=\"twitter:creator\" content=\"@CEIbcn\" \/>\n<meta name=\"twitter:site\" content=\"@CEIbcn\" \/>\n<meta name=\"twitter:label1\" content=\"Written by\" \/>\n\t<meta name=\"twitter:data1\" content=\"Cristian Romero Velasco\" \/>\n\t<meta name=\"twitter:label2\" content=\"Est. reading time\" \/>\n\t<meta name=\"twitter:data2\" content=\"1 minute\" \/>\n<script type=\"application\/ld+json\" class=\"yoast-schema-graph\">{\"@context\":\"https:\/\/schema.org\",\"@graph\":[{\"@type\":\"Article\",\"@id\":\"https:\/\/www.ceibcn.com\/en\/2016\/05\/trobada-amb-l-ambaixador-d-espanya-al-japo\/#article\",\"isPartOf\":{\"@id\":\"https:\/\/www.ceibcn.com\/en\/2016\/05\/trobada-amb-l-ambaixador-d-espanya-al-japo\/\"},\"author\":{\"name\":\"Cristian Romero Velasco\",\"@id\":\"https:\/\/www.ceibcn.com\/en\/#\/schema\/person\/4ef9992ee2fbd3987a5e1834e5d5808d\"},\"headline\":\"Trobada amb l&#8217;Ambaixador d&#8217;Espanya al Jap\u00f3\",\"datePublished\":\"2016-05-11T10:14:51+00:00\",\"mainEntityOfPage\":{\"@id\":\"https:\/\/www.ceibcn.com\/en\/2016\/05\/trobada-amb-l-ambaixador-d-espanya-al-japo\/\"},\"wordCount\":302,\"commentCount\":0,\"publisher\":{\"@id\":\"https:\/\/www.ceibcn.com\/en\/#organization\"},\"articleSection\":[\"Aula Internacional\"],\"inLanguage\":\"en-US\",\"potentialAction\":[{\"@type\":\"CommentAction\",\"name\":\"Comment\",\"target\":[\"https:\/\/www.ceibcn.com\/en\/2016\/05\/trobada-amb-l-ambaixador-d-espanya-al-japo\/#respond\"]}]},{\"@type\":\"WebPage\",\"@id\":\"https:\/\/www.ceibcn.com\/en\/2016\/05\/trobada-amb-l-ambaixador-d-espanya-al-japo\/\",\"url\":\"https:\/\/www.ceibcn.com\/en\/2016\/05\/trobada-amb-l-ambaixador-d-espanya-al-japo\/\",\"name\":\"Trobada amb l'Ambaixador d'Espanya al Jap\u00f3 - CEI International Affairs\",\"isPartOf\":{\"@id\":\"https:\/\/www.ceibcn.com\/en\/#website\"},\"datePublished\":\"2016-05-11T10:14:51+00:00\",\"breadcrumb\":{\"@id\":\"https:\/\/www.ceibcn.com\/en\/2016\/05\/trobada-amb-l-ambaixador-d-espanya-al-japo\/#breadcrumb\"},\"inLanguage\":\"en-US\",\"potentialAction\":[{\"@type\":\"ReadAction\",\"target\":[\"https:\/\/www.ceibcn.com\/en\/2016\/05\/trobada-amb-l-ambaixador-d-espanya-al-japo\/\"]}]},{\"@type\":\"BreadcrumbList\",\"@id\":\"https:\/\/www.ceibcn.com\/en\/2016\/05\/trobada-amb-l-ambaixador-d-espanya-al-japo\/#breadcrumb\",\"itemListElement\":[{\"@type\":\"ListItem\",\"position\":1,\"name\":\"Portada\",\"item\":\"https:\/\/www.ceibcn.com\/en\/\"},{\"@type\":\"ListItem\",\"position\":2,\"name\":\"Trobada amb l&#8217;Ambaixador d&#8217;Espanya al Jap\u00f3\"}]},{\"@type\":\"WebSite\",\"@id\":\"https:\/\/www.ceibcn.com\/en\/#website\",\"url\":\"https:\/\/www.ceibcn.com\/en\/\",\"name\":\"CEI International Affairs\",\"description\":\"CEI International Affairs\",\"publisher\":{\"@id\":\"https:\/\/www.ceibcn.com\/en\/#organization\"},\"alternateName\":\"CEI International Affairs\",\"potentialAction\":[{\"@type\":\"SearchAction\",\"target\":{\"@type\":\"EntryPoint\",\"urlTemplate\":\"https:\/\/www.ceibcn.com\/en\/?s={search_term_string}\"},\"query-input\":{\"@type\":\"PropertyValueSpecification\",\"valueRequired\":true,\"valueName\":\"search_term_string\"}}],\"inLanguage\":\"en-US\"},{\"@type\":\"Organization\",\"@id\":\"https:\/\/www.ceibcn.com\/en\/#organization\",\"name\":\"CEI International Affairs\",\"url\":\"https:\/\/www.ceibcn.com\/en\/\",\"logo\":{\"@type\":\"ImageObject\",\"inLanguage\":\"en-US\",\"@id\":\"https:\/\/www.ceibcn.com\/en\/#\/schema\/logo\/image\/\",\"url\":\"https:\/\/www.ceibcn.com\/wp-content\/uploads\/2021\/09\/CeiLogo_EscuelaDiploVectorized_vectorizedSIN_FONDO.png\",\"contentUrl\":\"https:\/\/www.ceibcn.com\/wp-content\/uploads\/2021\/09\/CeiLogo_EscuelaDiploVectorized_vectorizedSIN_FONDO.png\",\"width\":1591,\"height\":629,\"caption\":\"CEI International Affairs\"},\"image\":{\"@id\":\"https:\/\/www.ceibcn.com\/en\/#\/schema\/logo\/image\/\"},\"sameAs\":[\"https:\/\/www.facebook.com\/CEI.CentroDeEstudiosInternacionales\/\",\"https:\/\/x.com\/CEIbcn\",\"https:\/\/www.instagram.com\/cei_international\/\"]},{\"@type\":\"Person\",\"@id\":\"https:\/\/www.ceibcn.com\/en\/#\/schema\/person\/4ef9992ee2fbd3987a5e1834e5d5808d\",\"name\":\"Cristian Romero Velasco\",\"image\":{\"@type\":\"ImageObject\",\"inLanguage\":\"en-US\",\"@id\":\"https:\/\/www.ceibcn.com\/en\/#\/schema\/person\/image\/\",\"url\":\"https:\/\/secure.gravatar.com\/avatar\/d78c33ad7f1570635ae9c9cb6274fe682bd5872dfde7a5448127d7825dd90943?s=96&d=mm&r=g\",\"contentUrl\":\"https:\/\/secure.gravatar.com\/avatar\/d78c33ad7f1570635ae9c9cb6274fe682bd5872dfde7a5448127d7825dd90943?s=96&d=mm&r=g\",\"caption\":\"Cristian Romero Velasco\"},\"url\":\"https:\/\/www.ceibcn.com\/en\/author\/cristian\/\"}]}<\/script>\n<!-- \/ Yoast SEO plugin. -->","yoast_head_json":{"title":"Trobada amb l'Ambaixador d'Espanya al Jap\u00f3 - CEI International Affairs","robots":{"index":"index","follow":"follow","max-snippet":"max-snippet:-1","max-image-preview":"max-image-preview:large","max-video-preview":"max-video-preview:-1"},"canonical":"https:\/\/www.ceibcn.com\/en\/2016\/05\/trobada-amb-l-ambaixador-d-espanya-al-japo\/","og_locale":"en_US","og_type":"article","og_title":"Trobada amb l'Ambaixador d'Espanya al Jap\u00f3 - CEI International Affairs","og_description":"Presentaci\u00f3 Jap\u00f3 forma part de les principals estructures multilaterals de cooperaci\u00f3 internacional; \u00e9s membre de l&#8217;Organitzaci\u00f3 de Nacions Unides i dels diferents fons i programes (UNICEF, UNCTAD, PNUD, ACNUR, PNUMA, etc.), instituts (UNICRI, UNITAR, etc.), comissions, ag\u00e8ncies especialitzades (OIT, FAO, OMS , UNESCO) etc. que componen el sistema. Aix\u00ed mateix forma part de les principals [&hellip;]","og_url":"https:\/\/www.ceibcn.com\/en\/2016\/05\/trobada-amb-l-ambaixador-d-espanya-al-japo\/","og_site_name":"CEI International Affairs","article_publisher":"https:\/\/www.facebook.com\/CEI.CentroDeEstudiosInternacionales\/","article_published_time":"2016-05-11T10:14:51+00:00","og_image":[{"width":500,"height":500,"url":"https:\/\/www.ceibcn.com\/wp-content\/uploads\/2023\/01\/Logo-CEI.png","type":"image\/png"}],"author":"Cristian Romero Velasco","twitter_card":"summary_large_image","twitter_creator":"@CEIbcn","twitter_site":"@CEIbcn","twitter_misc":{"Written by":"Cristian Romero Velasco","Est. reading time":"1 minute"},"schema":{"@context":"https:\/\/schema.org","@graph":[{"@type":"Article","@id":"https:\/\/www.ceibcn.com\/en\/2016\/05\/trobada-amb-l-ambaixador-d-espanya-al-japo\/#article","isPartOf":{"@id":"https:\/\/www.ceibcn.com\/en\/2016\/05\/trobada-amb-l-ambaixador-d-espanya-al-japo\/"},"author":{"name":"Cristian Romero Velasco","@id":"https:\/\/www.ceibcn.com\/en\/#\/schema\/person\/4ef9992ee2fbd3987a5e1834e5d5808d"},"headline":"Trobada amb l&#8217;Ambaixador d&#8217;Espanya al Jap\u00f3","datePublished":"2016-05-11T10:14:51+00:00","mainEntityOfPage":{"@id":"https:\/\/www.ceibcn.com\/en\/2016\/05\/trobada-amb-l-ambaixador-d-espanya-al-japo\/"},"wordCount":302,"commentCount":0,"publisher":{"@id":"https:\/\/www.ceibcn.com\/en\/#organization"},"articleSection":["Aula Internacional"],"inLanguage":"en-US","potentialAction":[{"@type":"CommentAction","name":"Comment","target":["https:\/\/www.ceibcn.com\/en\/2016\/05\/trobada-amb-l-ambaixador-d-espanya-al-japo\/#respond"]}]},{"@type":"WebPage","@id":"https:\/\/www.ceibcn.com\/en\/2016\/05\/trobada-amb-l-ambaixador-d-espanya-al-japo\/","url":"https:\/\/www.ceibcn.com\/en\/2016\/05\/trobada-amb-l-ambaixador-d-espanya-al-japo\/","name":"Trobada amb l'Ambaixador d'Espanya al Jap\u00f3 - CEI International Affairs","isPartOf":{"@id":"https:\/\/www.ceibcn.com\/en\/#website"},"datePublished":"2016-05-11T10:14:51+00:00","breadcrumb":{"@id":"https:\/\/www.ceibcn.com\/en\/2016\/05\/trobada-amb-l-ambaixador-d-espanya-al-japo\/#breadcrumb"},"inLanguage":"en-US","potentialAction":[{"@type":"ReadAction","target":["https:\/\/www.ceibcn.com\/en\/2016\/05\/trobada-amb-l-ambaixador-d-espanya-al-japo\/"]}]},{"@type":"BreadcrumbList","@id":"https:\/\/www.ceibcn.com\/en\/2016\/05\/trobada-amb-l-ambaixador-d-espanya-al-japo\/#breadcrumb","itemListElement":[{"@type":"ListItem","position":1,"name":"Portada","item":"https:\/\/www.ceibcn.com\/en\/"},{"@type":"ListItem","position":2,"name":"Trobada amb l&#8217;Ambaixador d&#8217;Espanya al Jap\u00f3"}]},{"@type":"WebSite","@id":"https:\/\/www.ceibcn.com\/en\/#website","url":"https:\/\/www.ceibcn.com\/en\/","name":"CEI International Affairs","description":"CEI International Affairs","publisher":{"@id":"https:\/\/www.ceibcn.com\/en\/#organization"},"alternateName":"CEI International Affairs","potentialAction":[{"@type":"SearchAction","target":{"@type":"EntryPoint","urlTemplate":"https:\/\/www.ceibcn.com\/en\/?s={search_term_string}"},"query-input":{"@type":"PropertyValueSpecification","valueRequired":true,"valueName":"search_term_string"}}],"inLanguage":"en-US"},{"@type":"Organization","@id":"https:\/\/www.ceibcn.com\/en\/#organization","name":"CEI International Affairs","url":"https:\/\/www.ceibcn.com\/en\/","logo":{"@type":"ImageObject","inLanguage":"en-US","@id":"https:\/\/www.ceibcn.com\/en\/#\/schema\/logo\/image\/","url":"https:\/\/www.ceibcn.com\/wp-content\/uploads\/2021\/09\/CeiLogo_EscuelaDiploVectorized_vectorizedSIN_FONDO.png","contentUrl":"https:\/\/www.ceibcn.com\/wp-content\/uploads\/2021\/09\/CeiLogo_EscuelaDiploVectorized_vectorizedSIN_FONDO.png","width":1591,"height":629,"caption":"CEI International Affairs"},"image":{"@id":"https:\/\/www.ceibcn.com\/en\/#\/schema\/logo\/image\/"},"sameAs":["https:\/\/www.facebook.com\/CEI.CentroDeEstudiosInternacionales\/","https:\/\/x.com\/CEIbcn","https:\/\/www.instagram.com\/cei_international\/"]},{"@type":"Person","@id":"https:\/\/www.ceibcn.com\/en\/#\/schema\/person\/4ef9992ee2fbd3987a5e1834e5d5808d","name":"Cristian Romero Velasco","image":{"@type":"ImageObject","inLanguage":"en-US","@id":"https:\/\/www.ceibcn.com\/en\/#\/schema\/person\/image\/","url":"https:\/\/secure.gravatar.com\/avatar\/d78c33ad7f1570635ae9c9cb6274fe682bd5872dfde7a5448127d7825dd90943?s=96&d=mm&r=g","contentUrl":"https:\/\/secure.gravatar.com\/avatar\/d78c33ad7f1570635ae9c9cb6274fe682bd5872dfde7a5448127d7825dd90943?s=96&d=mm&r=g","caption":"Cristian Romero Velasco"},"url":"https:\/\/www.ceibcn.com\/en\/author\/cristian\/"}]}},"_links":{"self":[{"href":"https:\/\/www.ceibcn.com\/en\/wp-json\/wp\/v2\/posts\/1936","targetHints":{"allow":["GET"]}}],"collection":[{"href":"https:\/\/www.ceibcn.com\/en\/wp-json\/wp\/v2\/posts"}],"about":[{"href":"https:\/\/www.ceibcn.com\/en\/wp-json\/wp\/v2\/types\/post"}],"author":[{"embeddable":true,"href":"https:\/\/www.ceibcn.com\/en\/wp-json\/wp\/v2\/users\/6"}],"replies":[{"embeddable":true,"href":"https:\/\/www.ceibcn.com\/en\/wp-json\/wp\/v2\/comments?post=1936"}],"version-history":[{"count":0,"href":"https:\/\/www.ceibcn.com\/en\/wp-json\/wp\/v2\/posts\/1936\/revisions"}],"wp:attachment":[{"href":"https:\/\/www.ceibcn.com\/en\/wp-json\/wp\/v2\/media?parent=1936"}],"wp:term":[{"taxonomy":"category","embeddable":true,"href":"https:\/\/www.ceibcn.com\/en\/wp-json\/wp\/v2\/categories?post=1936"},{"taxonomy":"post_tag","embeddable":true,"href":"https:\/\/www.ceibcn.com\/en\/wp-json\/wp\/v2\/tags?post=1936"}],"curies":[{"name":"wp","href":"https:\/\/api.w.org\/{rel}","templated":true}]}}