{"id":2074,"date":"2015-10-29T09:42:50","date_gmt":"2015-10-29T09:42:50","guid":{"rendered":"https:\/\/www.ceibcn.com\/2015\/10\/the-refugee-crisis-is-it-still-possible-joint-european-response\/"},"modified":"2015-10-29T09:42:50","modified_gmt":"2015-10-29T09:42:50","slug":"the-refugee-crisis-is-it-still-possible-joint-european-response","status":"publish","type":"post","link":"https:\/\/www.ceibcn.com\/en\/2015\/10\/the-refugee-crisis-is-it-still-possible-joint-european-response\/","title":{"rendered":"The refugee crisis: Is a joint European Response still possible?"},"content":{"rendered":"<p><strong><span style=\"font-size-anulat: 10.5pt; font-family-anulat: Helvetica, sans-serif; color: #118ec9;\">PROGRAMME:<\/span><\/strong><\/p>\n<p><strong>4:30 pm. Opening remarks<\/strong><\/p>\n<p><strong>H.E. Mr Fernando Perpi\u00f1\u00e1-Robert<\/strong>, Ambassador of Spain and tutor, CEI International Affairs<br \/><strong>Mr Ra\u00fcl Blanco<\/strong>, professor of Applied Economics, University of Barcelona <\/p>\n<p><strong>4:45 pm &#8211; 5:00 pm. The View from Germany<\/strong><br \/><em>H.E. Mr Rainer Eberle<\/em>, Consul General of Germany in Barcelona<\/p>\n<p><strong>5:00 pm &#8211; 5:15 pm. The View from Hungary<\/strong><br \/><strong>Dr S\u00e1ndor Gyula Nagy<\/strong>, senior research fellow, Institute of Foreign Affairs and Trade, Foreign Ministry, Hungary<\/p>\n<p><strong>5:15 pm &#8211; 5:30 pm. The Right of Asylum in Europe as a Human Right<\/strong><br \/><strong>Dr David Bondia,<\/strong> professor of International Public Law and International Relations, University of Barcelona<\/p>\n<p><strong>5:30 pm &#8211; 5:45 pm. Where Do Things Stand in Catalonia and What Is Being Done about It?<\/strong><br \/><strong>Ms Estel\u00b7la Pareja<\/strong>, director, Catalan Commission for Refugee Aid<\/p>\n<p><strong>5:45 pm &#8211; 6:15 pm. Debate<\/strong><br \/>Moderated by: H.E. Mr Fernando Perpi\u00f1\u00e1-Robert, Ambassador of Spain and tutor, CEI International Affairs<\/p>\n<p>&nbsp;<\/p>\n<p><strong><span style=\"font-size-anulat: 10.5pt; font-family-anulat: Helvetica, sans-serif; color: #118ec9;\">GENERAL INFORMATION<\/span><\/strong><\/p>\n<p><strong>Date:<\/strong> 12 November 2015<\/p>\n<p><strong>Price:<\/strong> 5 euros* (to be donated in full to the Catalan Commission for Refugee Aid (CCAR)<\/p>\n<p><strong>Place:<\/strong> CEI International Affairs headquarters, Av. Vallvidrera, 25, 08017 Barcelona<\/p>\n<p>SPACES ARE LIMITED!<\/p>\n<p>*Cash payments should be made the day of the conference at the CEI secretary\u2019s office. <br \/>Registration deadline: 11 October 2015<br \/>Spaces will be allocated strictly on a first-come-first-serve basis. Registration required. To register, e-mail <a href=\"mailto:info@ceibcn.com\">info@ceibcn.com<\/a>, indicating your name and surname.<\/p>\n","protected":false},"excerpt":{"rendered":"<p>PROGRAMME: 4:30 pm. Opening remarks H.E. Mr Fernando Perpi\u00f1\u00e1-Robert, Ambassador of Spain and tutor, CEI International AffairsMr Ra\u00fcl Blanco, professor of Applied Economics, University of Barcelona 4:45 pm &#8211; 5:00 pm. The View from GermanyH.E. Mr Rainer Eberle, Consul General of Germany in Barcelona 5:00 pm &#8211; 5:15 pm. The View from HungaryDr S\u00e1ndor Gyula [&hellip;]<\/p>\n","protected":false},"author":6,"featured_media":0,"comment_status":"open","ping_status":"closed","sticky":false,"template":"","format":"standard","meta":{"_acf_changed":false,"_crdt_document":"","inline_featured_image":false,"footnotes":""},"categories":[1],"tags":[],"class_list":["post-2074","post","type-post","status-publish","format-standard","hentry","category-sin-categoria"],"acf":[],"yoast_head":"<!-- This site is optimized with the Yoast SEO plugin v27.0 - https:\/\/yoast.com\/product\/yoast-seo-wordpress\/ -->\n<title>The refugee crisis: Is a joint European Response still possible? - CEI International Affairs<\/title>\n<meta name=\"robots\" content=\"index, follow, max-snippet:-1, max-image-preview:large, max-video-preview:-1\" \/>\n<link rel=\"canonical\" href=\"https:\/\/www.ceibcn.com\/en\/2015\/10\/the-refugee-crisis-is-it-still-possible-joint-european-response\/\" \/>\n<meta property=\"og:locale\" content=\"en_US\" \/>\n<meta property=\"og:type\" content=\"article\" \/>\n<meta property=\"og:title\" content=\"The refugee crisis: Is a joint European Response still possible? - CEI International Affairs\" \/>\n<meta property=\"og:description\" content=\"PROGRAMME: 4:30 pm. Opening remarks H.E. Mr Fernando Perpi\u00f1\u00e1-Robert, Ambassador of Spain and tutor, CEI International AffairsMr Ra\u00fcl Blanco, professor of Applied Economics, University of Barcelona 4:45 pm &#8211; 5:00 pm. The View from GermanyH.E. Mr Rainer Eberle, Consul General of Germany in Barcelona 5:00 pm &#8211; 5:15 pm. The View from HungaryDr S\u00e1ndor Gyula [&hellip;]\" \/>\n<meta property=\"og:url\" content=\"https:\/\/www.ceibcn.com\/en\/2015\/10\/the-refugee-crisis-is-it-still-possible-joint-european-response\/\" \/>\n<meta property=\"og:site_name\" content=\"CEI International Affairs\" \/>\n<meta property=\"article:publisher\" content=\"https:\/\/www.facebook.com\/CEI.CentroDeEstudiosInternacionales\/\" \/>\n<meta property=\"article:published_time\" content=\"2015-10-29T09:42:50+00:00\" \/>\n<meta property=\"og:image\" content=\"https:\/\/www.ceibcn.com\/wp-content\/uploads\/2023\/01\/Logo-CEI.png\" \/>\n\t<meta property=\"og:image:width\" content=\"500\" \/>\n\t<meta property=\"og:image:height\" content=\"500\" \/>\n\t<meta property=\"og:image:type\" content=\"image\/png\" \/>\n<meta name=\"author\" content=\"Cristian Romero Velasco\" \/>\n<meta name=\"twitter:card\" content=\"summary_large_image\" \/>\n<meta name=\"twitter:creator\" content=\"@CEIbcn\" \/>\n<meta name=\"twitter:site\" content=\"@CEIbcn\" \/>\n<meta name=\"twitter:label1\" content=\"Written by\" \/>\n\t<meta name=\"twitter:data1\" content=\"Cristian Romero Velasco\" \/>\n\t<meta name=\"twitter:label2\" content=\"Est. reading time\" \/>\n\t<meta name=\"twitter:data2\" content=\"1 minute\" \/>\n<script type=\"application\/ld+json\" class=\"yoast-schema-graph\">{\"@context\":\"https:\/\/schema.org\",\"@graph\":[{\"@type\":\"Article\",\"@id\":\"https:\/\/www.ceibcn.com\/en\/2015\/10\/the-refugee-crisis-is-it-still-possible-joint-european-response\/#article\",\"isPartOf\":{\"@id\":\"https:\/\/www.ceibcn.com\/en\/2015\/10\/the-refugee-crisis-is-it-still-possible-joint-european-response\/\"},\"author\":{\"name\":\"Cristian Romero Velasco\",\"@id\":\"https:\/\/www.ceibcn.com\/en\/#\/schema\/person\/4ef9992ee2fbd3987a5e1834e5d5808d\"},\"headline\":\"The refugee crisis: Is a joint European Response still possible?\",\"datePublished\":\"2015-10-29T09:42:50+00:00\",\"mainEntityOfPage\":{\"@id\":\"https:\/\/www.ceibcn.com\/en\/2015\/10\/the-refugee-crisis-is-it-still-possible-joint-european-response\/\"},\"wordCount\":226,\"commentCount\":0,\"publisher\":{\"@id\":\"https:\/\/www.ceibcn.com\/en\/#organization\"},\"articleSection\":[\"Sin categor\u00eda\"],\"inLanguage\":\"en-US\",\"potentialAction\":[{\"@type\":\"CommentAction\",\"name\":\"Comment\",\"target\":[\"https:\/\/www.ceibcn.com\/en\/2015\/10\/the-refugee-crisis-is-it-still-possible-joint-european-response\/#respond\"]}]},{\"@type\":\"WebPage\",\"@id\":\"https:\/\/www.ceibcn.com\/en\/2015\/10\/the-refugee-crisis-is-it-still-possible-joint-european-response\/\",\"url\":\"https:\/\/www.ceibcn.com\/en\/2015\/10\/the-refugee-crisis-is-it-still-possible-joint-european-response\/\",\"name\":\"The refugee crisis: Is a joint European Response still possible? - CEI International Affairs\",\"isPartOf\":{\"@id\":\"https:\/\/www.ceibcn.com\/en\/#website\"},\"datePublished\":\"2015-10-29T09:42:50+00:00\",\"breadcrumb\":{\"@id\":\"https:\/\/www.ceibcn.com\/en\/2015\/10\/the-refugee-crisis-is-it-still-possible-joint-european-response\/#breadcrumb\"},\"inLanguage\":\"en-US\",\"potentialAction\":[{\"@type\":\"ReadAction\",\"target\":[\"https:\/\/www.ceibcn.com\/en\/2015\/10\/the-refugee-crisis-is-it-still-possible-joint-european-response\/\"]}]},{\"@type\":\"BreadcrumbList\",\"@id\":\"https:\/\/www.ceibcn.com\/en\/2015\/10\/the-refugee-crisis-is-it-still-possible-joint-european-response\/#breadcrumb\",\"itemListElement\":[{\"@type\":\"ListItem\",\"position\":1,\"name\":\"Portada\",\"item\":\"https:\/\/www.ceibcn.com\/en\/\"},{\"@type\":\"ListItem\",\"position\":2,\"name\":\"The refugee crisis: Is a joint European Response still possible?\"}]},{\"@type\":\"WebSite\",\"@id\":\"https:\/\/www.ceibcn.com\/en\/#website\",\"url\":\"https:\/\/www.ceibcn.com\/en\/\",\"name\":\"CEI International Affairs\",\"description\":\"CEI International Affairs\",\"publisher\":{\"@id\":\"https:\/\/www.ceibcn.com\/en\/#organization\"},\"alternateName\":\"CEI International Affairs\",\"potentialAction\":[{\"@type\":\"SearchAction\",\"target\":{\"@type\":\"EntryPoint\",\"urlTemplate\":\"https:\/\/www.ceibcn.com\/en\/?s={search_term_string}\"},\"query-input\":{\"@type\":\"PropertyValueSpecification\",\"valueRequired\":true,\"valueName\":\"search_term_string\"}}],\"inLanguage\":\"en-US\"},{\"@type\":\"Organization\",\"@id\":\"https:\/\/www.ceibcn.com\/en\/#organization\",\"name\":\"CEI International Affairs\",\"url\":\"https:\/\/www.ceibcn.com\/en\/\",\"logo\":{\"@type\":\"ImageObject\",\"inLanguage\":\"en-US\",\"@id\":\"https:\/\/www.ceibcn.com\/en\/#\/schema\/logo\/image\/\",\"url\":\"https:\/\/www.ceibcn.com\/wp-content\/uploads\/2021\/09\/CeiLogo_EscuelaDiploVectorized_vectorizedSIN_FONDO.png\",\"contentUrl\":\"https:\/\/www.ceibcn.com\/wp-content\/uploads\/2021\/09\/CeiLogo_EscuelaDiploVectorized_vectorizedSIN_FONDO.png\",\"width\":1591,\"height\":629,\"caption\":\"CEI International Affairs\"},\"image\":{\"@id\":\"https:\/\/www.ceibcn.com\/en\/#\/schema\/logo\/image\/\"},\"sameAs\":[\"https:\/\/www.facebook.com\/CEI.CentroDeEstudiosInternacionales\/\",\"https:\/\/x.com\/CEIbcn\",\"https:\/\/www.instagram.com\/cei_international\/\"]},{\"@type\":\"Person\",\"@id\":\"https:\/\/www.ceibcn.com\/en\/#\/schema\/person\/4ef9992ee2fbd3987a5e1834e5d5808d\",\"name\":\"Cristian Romero Velasco\",\"image\":{\"@type\":\"ImageObject\",\"inLanguage\":\"en-US\",\"@id\":\"https:\/\/www.ceibcn.com\/en\/#\/schema\/person\/image\/\",\"url\":\"https:\/\/secure.gravatar.com\/avatar\/d78c33ad7f1570635ae9c9cb6274fe682bd5872dfde7a5448127d7825dd90943?s=96&d=mm&r=g\",\"contentUrl\":\"https:\/\/secure.gravatar.com\/avatar\/d78c33ad7f1570635ae9c9cb6274fe682bd5872dfde7a5448127d7825dd90943?s=96&d=mm&r=g\",\"caption\":\"Cristian Romero Velasco\"},\"url\":\"https:\/\/www.ceibcn.com\/en\/author\/cristian\/\"}]}<\/script>\n<!-- \/ Yoast SEO plugin. -->","yoast_head_json":{"title":"The refugee crisis: Is a joint European Response still possible? - CEI International Affairs","robots":{"index":"index","follow":"follow","max-snippet":"max-snippet:-1","max-image-preview":"max-image-preview:large","max-video-preview":"max-video-preview:-1"},"canonical":"https:\/\/www.ceibcn.com\/en\/2015\/10\/the-refugee-crisis-is-it-still-possible-joint-european-response\/","og_locale":"en_US","og_type":"article","og_title":"The refugee crisis: Is a joint European Response still possible? - CEI International Affairs","og_description":"PROGRAMME: 4:30 pm. Opening remarks H.E. Mr Fernando Perpi\u00f1\u00e1-Robert, Ambassador of Spain and tutor, CEI International AffairsMr Ra\u00fcl Blanco, professor of Applied Economics, University of Barcelona 4:45 pm &#8211; 5:00 pm. The View from GermanyH.E. Mr Rainer Eberle, Consul General of Germany in Barcelona 5:00 pm &#8211; 5:15 pm. The View from HungaryDr S\u00e1ndor Gyula [&hellip;]","og_url":"https:\/\/www.ceibcn.com\/en\/2015\/10\/the-refugee-crisis-is-it-still-possible-joint-european-response\/","og_site_name":"CEI International Affairs","article_publisher":"https:\/\/www.facebook.com\/CEI.CentroDeEstudiosInternacionales\/","article_published_time":"2015-10-29T09:42:50+00:00","og_image":[{"width":500,"height":500,"url":"https:\/\/www.ceibcn.com\/wp-content\/uploads\/2023\/01\/Logo-CEI.png","type":"image\/png"}],"author":"Cristian Romero Velasco","twitter_card":"summary_large_image","twitter_creator":"@CEIbcn","twitter_site":"@CEIbcn","twitter_misc":{"Written by":"Cristian Romero Velasco","Est. reading time":"1 minute"},"schema":{"@context":"https:\/\/schema.org","@graph":[{"@type":"Article","@id":"https:\/\/www.ceibcn.com\/en\/2015\/10\/the-refugee-crisis-is-it-still-possible-joint-european-response\/#article","isPartOf":{"@id":"https:\/\/www.ceibcn.com\/en\/2015\/10\/the-refugee-crisis-is-it-still-possible-joint-european-response\/"},"author":{"name":"Cristian Romero Velasco","@id":"https:\/\/www.ceibcn.com\/en\/#\/schema\/person\/4ef9992ee2fbd3987a5e1834e5d5808d"},"headline":"The refugee crisis: Is a joint European Response still possible?","datePublished":"2015-10-29T09:42:50+00:00","mainEntityOfPage":{"@id":"https:\/\/www.ceibcn.com\/en\/2015\/10\/the-refugee-crisis-is-it-still-possible-joint-european-response\/"},"wordCount":226,"commentCount":0,"publisher":{"@id":"https:\/\/www.ceibcn.com\/en\/#organization"},"articleSection":["Sin categor\u00eda"],"inLanguage":"en-US","potentialAction":[{"@type":"CommentAction","name":"Comment","target":["https:\/\/www.ceibcn.com\/en\/2015\/10\/the-refugee-crisis-is-it-still-possible-joint-european-response\/#respond"]}]},{"@type":"WebPage","@id":"https:\/\/www.ceibcn.com\/en\/2015\/10\/the-refugee-crisis-is-it-still-possible-joint-european-response\/","url":"https:\/\/www.ceibcn.com\/en\/2015\/10\/the-refugee-crisis-is-it-still-possible-joint-european-response\/","name":"The refugee crisis: Is a joint European Response still possible? - CEI International Affairs","isPartOf":{"@id":"https:\/\/www.ceibcn.com\/en\/#website"},"datePublished":"2015-10-29T09:42:50+00:00","breadcrumb":{"@id":"https:\/\/www.ceibcn.com\/en\/2015\/10\/the-refugee-crisis-is-it-still-possible-joint-european-response\/#breadcrumb"},"inLanguage":"en-US","potentialAction":[{"@type":"ReadAction","target":["https:\/\/www.ceibcn.com\/en\/2015\/10\/the-refugee-crisis-is-it-still-possible-joint-european-response\/"]}]},{"@type":"BreadcrumbList","@id":"https:\/\/www.ceibcn.com\/en\/2015\/10\/the-refugee-crisis-is-it-still-possible-joint-european-response\/#breadcrumb","itemListElement":[{"@type":"ListItem","position":1,"name":"Portada","item":"https:\/\/www.ceibcn.com\/en\/"},{"@type":"ListItem","position":2,"name":"The refugee crisis: Is a joint European Response still possible?"}]},{"@type":"WebSite","@id":"https:\/\/www.ceibcn.com\/en\/#website","url":"https:\/\/www.ceibcn.com\/en\/","name":"CEI International Affairs","description":"CEI International Affairs","publisher":{"@id":"https:\/\/www.ceibcn.com\/en\/#organization"},"alternateName":"CEI International Affairs","potentialAction":[{"@type":"SearchAction","target":{"@type":"EntryPoint","urlTemplate":"https:\/\/www.ceibcn.com\/en\/?s={search_term_string}"},"query-input":{"@type":"PropertyValueSpecification","valueRequired":true,"valueName":"search_term_string"}}],"inLanguage":"en-US"},{"@type":"Organization","@id":"https:\/\/www.ceibcn.com\/en\/#organization","name":"CEI International Affairs","url":"https:\/\/www.ceibcn.com\/en\/","logo":{"@type":"ImageObject","inLanguage":"en-US","@id":"https:\/\/www.ceibcn.com\/en\/#\/schema\/logo\/image\/","url":"https:\/\/www.ceibcn.com\/wp-content\/uploads\/2021\/09\/CeiLogo_EscuelaDiploVectorized_vectorizedSIN_FONDO.png","contentUrl":"https:\/\/www.ceibcn.com\/wp-content\/uploads\/2021\/09\/CeiLogo_EscuelaDiploVectorized_vectorizedSIN_FONDO.png","width":1591,"height":629,"caption":"CEI International Affairs"},"image":{"@id":"https:\/\/www.ceibcn.com\/en\/#\/schema\/logo\/image\/"},"sameAs":["https:\/\/www.facebook.com\/CEI.CentroDeEstudiosInternacionales\/","https:\/\/x.com\/CEIbcn","https:\/\/www.instagram.com\/cei_international\/"]},{"@type":"Person","@id":"https:\/\/www.ceibcn.com\/en\/#\/schema\/person\/4ef9992ee2fbd3987a5e1834e5d5808d","name":"Cristian Romero Velasco","image":{"@type":"ImageObject","inLanguage":"en-US","@id":"https:\/\/www.ceibcn.com\/en\/#\/schema\/person\/image\/","url":"https:\/\/secure.gravatar.com\/avatar\/d78c33ad7f1570635ae9c9cb6274fe682bd5872dfde7a5448127d7825dd90943?s=96&d=mm&r=g","contentUrl":"https:\/\/secure.gravatar.com\/avatar\/d78c33ad7f1570635ae9c9cb6274fe682bd5872dfde7a5448127d7825dd90943?s=96&d=mm&r=g","caption":"Cristian Romero Velasco"},"url":"https:\/\/www.ceibcn.com\/en\/author\/cristian\/"}]}},"_links":{"self":[{"href":"https:\/\/www.ceibcn.com\/en\/wp-json\/wp\/v2\/posts\/2074","targetHints":{"allow":["GET"]}}],"collection":[{"href":"https:\/\/www.ceibcn.com\/en\/wp-json\/wp\/v2\/posts"}],"about":[{"href":"https:\/\/www.ceibcn.com\/en\/wp-json\/wp\/v2\/types\/post"}],"author":[{"embeddable":true,"href":"https:\/\/www.ceibcn.com\/en\/wp-json\/wp\/v2\/users\/6"}],"replies":[{"embeddable":true,"href":"https:\/\/www.ceibcn.com\/en\/wp-json\/wp\/v2\/comments?post=2074"}],"version-history":[{"count":0,"href":"https:\/\/www.ceibcn.com\/en\/wp-json\/wp\/v2\/posts\/2074\/revisions"}],"wp:attachment":[{"href":"https:\/\/www.ceibcn.com\/en\/wp-json\/wp\/v2\/media?parent=2074"}],"wp:term":[{"taxonomy":"category","embeddable":true,"href":"https:\/\/www.ceibcn.com\/en\/wp-json\/wp\/v2\/categories?post=2074"},{"taxonomy":"post_tag","embeddable":true,"href":"https:\/\/www.ceibcn.com\/en\/wp-json\/wp\/v2\/tags?post=2074"}],"curies":[{"name":"wp","href":"https:\/\/api.w.org\/{rel}","templated":true}]}}