{"id":2075,"date":"2015-09-09T09:31:19","date_gmt":"2015-09-09T09:31:19","guid":{"rendered":"https:\/\/www.ceibcn.com\/2015\/09\/iv-seminar-on-security-and-defence\/"},"modified":"2015-09-09T09:31:19","modified_gmt":"2015-09-09T09:31:19","slug":"iv-seminar-on-security-and-defence","status":"publish","type":"post","link":"https:\/\/www.ceibcn.com\/en\/2015\/09\/iv-seminar-on-security-and-defence\/","title":{"rendered":"4th Conference on Security and Defence"},"content":{"rendered":"<h3 style=\"font-family-anulat: 'Helvetica Neue', Helvetica, Arial, sans-serif; color: # 333333;\"><span style=\"font-family-anulat: Calibri, sans-serif; font-size-anulat: 11pt; color: #043a69; text-align: justify;\">PRESENTATION:<\/span><\/h3>\n<p>The Islamic State in Iraq and Syria, or ISIS, is a jihadist organisation unrelated to Al Qaeda that has gained control of areas of Iraqi, Syrian and Libyan territory by subduing the population through acts of terror, genocide and, at times, the provision of public services to Sunnis. It draws on various sources of financing and recruits followers around the world using sophisticated communication techniques and social media, making it one of the main global terrorism threats.<\/p>\n<p>In addition to explanations related to the lack of future opportunities and feelings of rootlessness and disaffection amongst young people, whether they are the children of Muslims in the west or not, the jihadists also manage to recruit well-educated people with money, who are seduced by their message and come to integrate atrocity into their way of life.<\/p>\n<p>Consequently, the problem has cross-cutting, multidimensional causes that must be taken into consideration when tackling the challenge of security and defence against it. <br \/>This conference will focus on three general areas of the group\u2019s action: military, economic and communication-related.<\/p>\n<p style=\"text-align: justify;\">&nbsp;<\/p>\n<p style=\"text-align: justify;\"><strong> <span style=\"text-decoration: underline;\"> <span style=\"font-size-anulat: 11pt; font-family-anulat: Calibri, sans-serif;\"> Directed by: <strong> <span style=\"font-size-anulat: 11pt; font-family-anulat: Calibri, sans-serif;\"> Dr Sonia G\u00fcell<span style=\"font-size-anulat: 11pt; font-family-anulat: Calibri, sans-serif;\">, Associate Professor of <strong style=\"text-align: justify;\"><span style=\"text-decoration: underline;\"><span style=\"font-size-anulat: 11pt; font-family-anulat: Calibri, sans-serif;\"><strong><span style=\"font-size-anulat: 11pt;\"><span style=\"font-size-anulat: 11pt;\">International&nbsp;<\/span><\/span><\/strong><\/span><\/span><\/strong>Public Law, Universitat Pompeu Fabra.<\/span><\/span><\/strong><\/span><\/span><\/strong><\/p>\n<h2 style=\"text-align: justify;\"><span style=\"font-size-anulat: 11pt; font-family-anulat: Calibri, sans-serif;\"> PROGRAMME:<\/span><\/h2>\n<p><strong>4:00 pm Opening remarks <\/strong><br \/><strong>H. E. Mr Fernando Perpi\u00f1\u00e1-Robert<\/strong>, Ambassador of Spain and tutor, CEI International Affairs<br \/><strong>Colonel Emilio S\u00e1nchez de Rojas<\/strong>, analyst, Spanish Institute for Strategic Studies (IEEE)<\/p>\n<p><strong>4:05 pm &#8211; 4:35 pm. INITIAL TALK. ISIS: Overview and Current Status<\/strong><br \/><strong>Mr Jordi Quero,<\/strong> professor of International Relations, Pompeu Fabra University (UPF)<br \/>Introduction: H.E. Mr Fernando Perpi\u00f1\u00e1-Robert, Ambassador of Spain and tutor, CEI International Affairs<\/p>\n<p><em>4:40 pm &#8211; 5:20 pm. ISIS: Military Means<\/em><br \/><strong>Colonel Emilio S\u00e1nchez de Rojas,<\/strong> analyst, Spanish Institute for Strategic Studies (IEEE)<br \/>Introduction: H.E. Mr Fernando Perpi\u00f1\u00e1-Robert, Ambassador of Spain and tutor, CEI International Affairs<\/p>\n<p><strong>5:20 pm &#8211; 5:35 pm. COFFEE BREAK<\/strong><\/p>\n<p><strong>5:35 pm &#8211; 6:15 pm. ISIS: Financial Means<\/strong><br \/><strong>Mr Jes\u00fas A. N\u00fa\u00f1ez Villaverde<\/strong>, Co-director, Institute of Studies on Conflicts and Humanitarian Action (IECAH)<br \/>Introduction: Dr Sonia G\u00fcell, associate professor of International Public Law, Pompeu Fabra University (UPF)<\/p>\n<p><strong>6:20 pm &#8211; 7:00 pm. ISIS: Communication and Image<\/strong><br \/><strong>Mr Gabriel Garroum,<\/strong> political scientist specialised in Middle Eastern Politics and MSc from the School of Oriental and African Studies, University of London<br \/>Introduction: Dr Sonia G\u00fcell, associate professor of International Public Law, Pompeu Fabra University (UPF)<\/p>\n<h2 style=\"font-family-anulat: 'Helvetica Neue', Helvetica, Arial, sans-serif;\">&nbsp;<\/h2>\n<h2 style=\"font-family-anulat: 'Helvetica Neue', Helvetica, Arial, sans-serif;\">General information<\/h2>\n<p><strong>Date:<\/strong> 14 October 2015<\/p>\n<p><strong>Price:<\/strong> 5 euros*<\/p>\n<p><strong>Place<\/strong>: CEI International Affairs headquarters, Av. Vallvidrera, 25, 08017 Barcelona<\/p>\n<p>*The activity is free for CEI partners and students, UB students and the unemployed. Cash payments should be made on the day of the event at the CEI secretary\u2019s office. <br \/>Registration deadline: 12 October 2015<\/p>\n<p>Registration required. To register, indicate your name, surname and Spanish ID (DNI or NIE) number by e-mail at: <a href=\"mailto:info@ceibcn.com.\">info@ceibcn.com.<\/a><\/p>\n","protected":false},"excerpt":{"rendered":"<p>PRESENTATION: The Islamic State in Iraq and Syria, or ISIS, is a jihadist organisation unrelated to Al Qaeda that has gained control of areas of Iraqi, Syrian and Libyan territory by subduing the population through acts of terror, genocide and, at times, the provision of public services to Sunnis. It draws on various sources of [&hellip;]<\/p>\n","protected":false},"author":6,"featured_media":0,"comment_status":"open","ping_status":"closed","sticky":false,"template":"","format":"standard","meta":{"_acf_changed":false,"_crdt_document":"","inline_featured_image":false,"footnotes":""},"categories":[1],"tags":[],"class_list":["post-2075","post","type-post","status-publish","format-standard","hentry","category-sin-categoria"],"acf":[],"yoast_head":"<!-- This site is optimized with the Yoast SEO plugin v27.0 - https:\/\/yoast.com\/product\/yoast-seo-wordpress\/ -->\n<title>4th Conference on Security and Defence - CEI International Affairs<\/title>\n<meta name=\"robots\" content=\"index, follow, max-snippet:-1, max-image-preview:large, max-video-preview:-1\" \/>\n<link rel=\"canonical\" href=\"https:\/\/www.ceibcn.com\/en\/2015\/09\/iv-seminar-on-security-and-defence\/\" \/>\n<meta property=\"og:locale\" content=\"en_US\" \/>\n<meta property=\"og:type\" content=\"article\" \/>\n<meta property=\"og:title\" content=\"4th Conference on Security and Defence - CEI International Affairs\" \/>\n<meta property=\"og:description\" content=\"PRESENTATION: The Islamic State in Iraq and Syria, or ISIS, is a jihadist organisation unrelated to Al Qaeda that has gained control of areas of Iraqi, Syrian and Libyan territory by subduing the population through acts of terror, genocide and, at times, the provision of public services to Sunnis. It draws on various sources of [&hellip;]\" \/>\n<meta property=\"og:url\" content=\"https:\/\/www.ceibcn.com\/en\/2015\/09\/iv-seminar-on-security-and-defence\/\" \/>\n<meta property=\"og:site_name\" content=\"CEI International Affairs\" \/>\n<meta property=\"article:publisher\" content=\"https:\/\/www.facebook.com\/CEI.CentroDeEstudiosInternacionales\/\" \/>\n<meta property=\"article:published_time\" content=\"2015-09-09T09:31:19+00:00\" \/>\n<meta property=\"og:image\" content=\"https:\/\/www.ceibcn.com\/wp-content\/uploads\/2023\/01\/Logo-CEI.png\" \/>\n\t<meta property=\"og:image:width\" content=\"500\" \/>\n\t<meta property=\"og:image:height\" content=\"500\" \/>\n\t<meta property=\"og:image:type\" content=\"image\/png\" \/>\n<meta name=\"author\" content=\"Cristian Romero Velasco\" \/>\n<meta name=\"twitter:card\" content=\"summary_large_image\" \/>\n<meta name=\"twitter:creator\" content=\"@CEIbcn\" \/>\n<meta name=\"twitter:site\" content=\"@CEIbcn\" \/>\n<meta name=\"twitter:label1\" content=\"Written by\" \/>\n\t<meta name=\"twitter:data1\" content=\"Cristian Romero Velasco\" \/>\n\t<meta name=\"twitter:label2\" content=\"Est. reading time\" \/>\n\t<meta name=\"twitter:data2\" content=\"2 minutes\" \/>\n<script type=\"application\/ld+json\" class=\"yoast-schema-graph\">{\"@context\":\"https:\/\/schema.org\",\"@graph\":[{\"@type\":\"Article\",\"@id\":\"https:\/\/www.ceibcn.com\/en\/2015\/09\/iv-seminar-on-security-and-defence\/#article\",\"isPartOf\":{\"@id\":\"https:\/\/www.ceibcn.com\/en\/2015\/09\/iv-seminar-on-security-and-defence\/\"},\"author\":{\"name\":\"Cristian Romero Velasco\",\"@id\":\"https:\/\/www.ceibcn.com\/en\/#\/schema\/person\/4ef9992ee2fbd3987a5e1834e5d5808d\"},\"headline\":\"4th Conference on Security and Defence\",\"datePublished\":\"2015-09-09T09:31:19+00:00\",\"mainEntityOfPage\":{\"@id\":\"https:\/\/www.ceibcn.com\/en\/2015\/09\/iv-seminar-on-security-and-defence\/\"},\"wordCount\":457,\"commentCount\":0,\"publisher\":{\"@id\":\"https:\/\/www.ceibcn.com\/en\/#organization\"},\"articleSection\":[\"Sin categor\u00eda\"],\"inLanguage\":\"en-US\",\"potentialAction\":[{\"@type\":\"CommentAction\",\"name\":\"Comment\",\"target\":[\"https:\/\/www.ceibcn.com\/en\/2015\/09\/iv-seminar-on-security-and-defence\/#respond\"]}]},{\"@type\":\"WebPage\",\"@id\":\"https:\/\/www.ceibcn.com\/en\/2015\/09\/iv-seminar-on-security-and-defence\/\",\"url\":\"https:\/\/www.ceibcn.com\/en\/2015\/09\/iv-seminar-on-security-and-defence\/\",\"name\":\"4th Conference on Security and Defence - CEI International Affairs\",\"isPartOf\":{\"@id\":\"https:\/\/www.ceibcn.com\/en\/#website\"},\"datePublished\":\"2015-09-09T09:31:19+00:00\",\"breadcrumb\":{\"@id\":\"https:\/\/www.ceibcn.com\/en\/2015\/09\/iv-seminar-on-security-and-defence\/#breadcrumb\"},\"inLanguage\":\"en-US\",\"potentialAction\":[{\"@type\":\"ReadAction\",\"target\":[\"https:\/\/www.ceibcn.com\/en\/2015\/09\/iv-seminar-on-security-and-defence\/\"]}]},{\"@type\":\"BreadcrumbList\",\"@id\":\"https:\/\/www.ceibcn.com\/en\/2015\/09\/iv-seminar-on-security-and-defence\/#breadcrumb\",\"itemListElement\":[{\"@type\":\"ListItem\",\"position\":1,\"name\":\"Portada\",\"item\":\"https:\/\/www.ceibcn.com\/en\/\"},{\"@type\":\"ListItem\",\"position\":2,\"name\":\"4th Conference on Security and Defence\"}]},{\"@type\":\"WebSite\",\"@id\":\"https:\/\/www.ceibcn.com\/en\/#website\",\"url\":\"https:\/\/www.ceibcn.com\/en\/\",\"name\":\"CEI International Affairs\",\"description\":\"CEI International Affairs\",\"publisher\":{\"@id\":\"https:\/\/www.ceibcn.com\/en\/#organization\"},\"alternateName\":\"CEI International Affairs\",\"potentialAction\":[{\"@type\":\"SearchAction\",\"target\":{\"@type\":\"EntryPoint\",\"urlTemplate\":\"https:\/\/www.ceibcn.com\/en\/?s={search_term_string}\"},\"query-input\":{\"@type\":\"PropertyValueSpecification\",\"valueRequired\":true,\"valueName\":\"search_term_string\"}}],\"inLanguage\":\"en-US\"},{\"@type\":\"Organization\",\"@id\":\"https:\/\/www.ceibcn.com\/en\/#organization\",\"name\":\"CEI International Affairs\",\"url\":\"https:\/\/www.ceibcn.com\/en\/\",\"logo\":{\"@type\":\"ImageObject\",\"inLanguage\":\"en-US\",\"@id\":\"https:\/\/www.ceibcn.com\/en\/#\/schema\/logo\/image\/\",\"url\":\"https:\/\/www.ceibcn.com\/wp-content\/uploads\/2021\/09\/CeiLogo_EscuelaDiploVectorized_vectorizedSIN_FONDO.png\",\"contentUrl\":\"https:\/\/www.ceibcn.com\/wp-content\/uploads\/2021\/09\/CeiLogo_EscuelaDiploVectorized_vectorizedSIN_FONDO.png\",\"width\":1591,\"height\":629,\"caption\":\"CEI International Affairs\"},\"image\":{\"@id\":\"https:\/\/www.ceibcn.com\/en\/#\/schema\/logo\/image\/\"},\"sameAs\":[\"https:\/\/www.facebook.com\/CEI.CentroDeEstudiosInternacionales\/\",\"https:\/\/x.com\/CEIbcn\",\"https:\/\/www.instagram.com\/cei_international\/\"]},{\"@type\":\"Person\",\"@id\":\"https:\/\/www.ceibcn.com\/en\/#\/schema\/person\/4ef9992ee2fbd3987a5e1834e5d5808d\",\"name\":\"Cristian Romero Velasco\",\"image\":{\"@type\":\"ImageObject\",\"inLanguage\":\"en-US\",\"@id\":\"https:\/\/www.ceibcn.com\/en\/#\/schema\/person\/image\/\",\"url\":\"https:\/\/secure.gravatar.com\/avatar\/d78c33ad7f1570635ae9c9cb6274fe682bd5872dfde7a5448127d7825dd90943?s=96&d=mm&r=g\",\"contentUrl\":\"https:\/\/secure.gravatar.com\/avatar\/d78c33ad7f1570635ae9c9cb6274fe682bd5872dfde7a5448127d7825dd90943?s=96&d=mm&r=g\",\"caption\":\"Cristian Romero Velasco\"},\"url\":\"https:\/\/www.ceibcn.com\/en\/author\/cristian\/\"}]}<\/script>\n<!-- \/ Yoast SEO plugin. -->","yoast_head_json":{"title":"4th Conference on Security and Defence - CEI International Affairs","robots":{"index":"index","follow":"follow","max-snippet":"max-snippet:-1","max-image-preview":"max-image-preview:large","max-video-preview":"max-video-preview:-1"},"canonical":"https:\/\/www.ceibcn.com\/en\/2015\/09\/iv-seminar-on-security-and-defence\/","og_locale":"en_US","og_type":"article","og_title":"4th Conference on Security and Defence - CEI International Affairs","og_description":"PRESENTATION: The Islamic State in Iraq and Syria, or ISIS, is a jihadist organisation unrelated to Al Qaeda that has gained control of areas of Iraqi, Syrian and Libyan territory by subduing the population through acts of terror, genocide and, at times, the provision of public services to Sunnis. It draws on various sources of [&hellip;]","og_url":"https:\/\/www.ceibcn.com\/en\/2015\/09\/iv-seminar-on-security-and-defence\/","og_site_name":"CEI International Affairs","article_publisher":"https:\/\/www.facebook.com\/CEI.CentroDeEstudiosInternacionales\/","article_published_time":"2015-09-09T09:31:19+00:00","og_image":[{"width":500,"height":500,"url":"https:\/\/www.ceibcn.com\/wp-content\/uploads\/2023\/01\/Logo-CEI.png","type":"image\/png"}],"author":"Cristian Romero Velasco","twitter_card":"summary_large_image","twitter_creator":"@CEIbcn","twitter_site":"@CEIbcn","twitter_misc":{"Written by":"Cristian Romero Velasco","Est. reading time":"2 minutes"},"schema":{"@context":"https:\/\/schema.org","@graph":[{"@type":"Article","@id":"https:\/\/www.ceibcn.com\/en\/2015\/09\/iv-seminar-on-security-and-defence\/#article","isPartOf":{"@id":"https:\/\/www.ceibcn.com\/en\/2015\/09\/iv-seminar-on-security-and-defence\/"},"author":{"name":"Cristian Romero Velasco","@id":"https:\/\/www.ceibcn.com\/en\/#\/schema\/person\/4ef9992ee2fbd3987a5e1834e5d5808d"},"headline":"4th Conference on Security and Defence","datePublished":"2015-09-09T09:31:19+00:00","mainEntityOfPage":{"@id":"https:\/\/www.ceibcn.com\/en\/2015\/09\/iv-seminar-on-security-and-defence\/"},"wordCount":457,"commentCount":0,"publisher":{"@id":"https:\/\/www.ceibcn.com\/en\/#organization"},"articleSection":["Sin categor\u00eda"],"inLanguage":"en-US","potentialAction":[{"@type":"CommentAction","name":"Comment","target":["https:\/\/www.ceibcn.com\/en\/2015\/09\/iv-seminar-on-security-and-defence\/#respond"]}]},{"@type":"WebPage","@id":"https:\/\/www.ceibcn.com\/en\/2015\/09\/iv-seminar-on-security-and-defence\/","url":"https:\/\/www.ceibcn.com\/en\/2015\/09\/iv-seminar-on-security-and-defence\/","name":"4th Conference on Security and Defence - CEI International Affairs","isPartOf":{"@id":"https:\/\/www.ceibcn.com\/en\/#website"},"datePublished":"2015-09-09T09:31:19+00:00","breadcrumb":{"@id":"https:\/\/www.ceibcn.com\/en\/2015\/09\/iv-seminar-on-security-and-defence\/#breadcrumb"},"inLanguage":"en-US","potentialAction":[{"@type":"ReadAction","target":["https:\/\/www.ceibcn.com\/en\/2015\/09\/iv-seminar-on-security-and-defence\/"]}]},{"@type":"BreadcrumbList","@id":"https:\/\/www.ceibcn.com\/en\/2015\/09\/iv-seminar-on-security-and-defence\/#breadcrumb","itemListElement":[{"@type":"ListItem","position":1,"name":"Portada","item":"https:\/\/www.ceibcn.com\/en\/"},{"@type":"ListItem","position":2,"name":"4th Conference on Security and Defence"}]},{"@type":"WebSite","@id":"https:\/\/www.ceibcn.com\/en\/#website","url":"https:\/\/www.ceibcn.com\/en\/","name":"CEI International Affairs","description":"CEI International Affairs","publisher":{"@id":"https:\/\/www.ceibcn.com\/en\/#organization"},"alternateName":"CEI International Affairs","potentialAction":[{"@type":"SearchAction","target":{"@type":"EntryPoint","urlTemplate":"https:\/\/www.ceibcn.com\/en\/?s={search_term_string}"},"query-input":{"@type":"PropertyValueSpecification","valueRequired":true,"valueName":"search_term_string"}}],"inLanguage":"en-US"},{"@type":"Organization","@id":"https:\/\/www.ceibcn.com\/en\/#organization","name":"CEI International Affairs","url":"https:\/\/www.ceibcn.com\/en\/","logo":{"@type":"ImageObject","inLanguage":"en-US","@id":"https:\/\/www.ceibcn.com\/en\/#\/schema\/logo\/image\/","url":"https:\/\/www.ceibcn.com\/wp-content\/uploads\/2021\/09\/CeiLogo_EscuelaDiploVectorized_vectorizedSIN_FONDO.png","contentUrl":"https:\/\/www.ceibcn.com\/wp-content\/uploads\/2021\/09\/CeiLogo_EscuelaDiploVectorized_vectorizedSIN_FONDO.png","width":1591,"height":629,"caption":"CEI International Affairs"},"image":{"@id":"https:\/\/www.ceibcn.com\/en\/#\/schema\/logo\/image\/"},"sameAs":["https:\/\/www.facebook.com\/CEI.CentroDeEstudiosInternacionales\/","https:\/\/x.com\/CEIbcn","https:\/\/www.instagram.com\/cei_international\/"]},{"@type":"Person","@id":"https:\/\/www.ceibcn.com\/en\/#\/schema\/person\/4ef9992ee2fbd3987a5e1834e5d5808d","name":"Cristian Romero Velasco","image":{"@type":"ImageObject","inLanguage":"en-US","@id":"https:\/\/www.ceibcn.com\/en\/#\/schema\/person\/image\/","url":"https:\/\/secure.gravatar.com\/avatar\/d78c33ad7f1570635ae9c9cb6274fe682bd5872dfde7a5448127d7825dd90943?s=96&d=mm&r=g","contentUrl":"https:\/\/secure.gravatar.com\/avatar\/d78c33ad7f1570635ae9c9cb6274fe682bd5872dfde7a5448127d7825dd90943?s=96&d=mm&r=g","caption":"Cristian Romero Velasco"},"url":"https:\/\/www.ceibcn.com\/en\/author\/cristian\/"}]}},"_links":{"self":[{"href":"https:\/\/www.ceibcn.com\/en\/wp-json\/wp\/v2\/posts\/2075","targetHints":{"allow":["GET"]}}],"collection":[{"href":"https:\/\/www.ceibcn.com\/en\/wp-json\/wp\/v2\/posts"}],"about":[{"href":"https:\/\/www.ceibcn.com\/en\/wp-json\/wp\/v2\/types\/post"}],"author":[{"embeddable":true,"href":"https:\/\/www.ceibcn.com\/en\/wp-json\/wp\/v2\/users\/6"}],"replies":[{"embeddable":true,"href":"https:\/\/www.ceibcn.com\/en\/wp-json\/wp\/v2\/comments?post=2075"}],"version-history":[{"count":0,"href":"https:\/\/www.ceibcn.com\/en\/wp-json\/wp\/v2\/posts\/2075\/revisions"}],"wp:attachment":[{"href":"https:\/\/www.ceibcn.com\/en\/wp-json\/wp\/v2\/media?parent=2075"}],"wp:term":[{"taxonomy":"category","embeddable":true,"href":"https:\/\/www.ceibcn.com\/en\/wp-json\/wp\/v2\/categories?post=2075"},{"taxonomy":"post_tag","embeddable":true,"href":"https:\/\/www.ceibcn.com\/en\/wp-json\/wp\/v2\/tags?post=2075"}],"curies":[{"name":"wp","href":"https:\/\/api.w.org\/{rel}","templated":true}]}}