{"id":2165,"date":"2016-09-20T07:55:57","date_gmt":"2016-09-20T07:55:57","guid":{"rendered":"https:\/\/www.ceibcn.com\/2016\/09\/trobada-amb-l-ambaixador-de-l-argentina\/"},"modified":"2016-09-20T07:55:57","modified_gmt":"2016-09-20T07:55:57","slug":"trobada-amb-l-ambaixador-de-l-argentina","status":"publish","type":"post","link":"https:\/\/www.ceibcn.com\/en\/2016\/09\/trobada-amb-l-ambaixador-de-l-argentina\/","title":{"rendered":"Trobada amb l&#8217;Ambaixador d&#8217;Espanya a l&#8217;Argentina"},"content":{"rendered":"<p style=\"margin: 15pt 0cm 7.5pt; line-height: 12pt;\"><strong><span style=\"font-size-anulat: 10.5pt; font-family-anulat: Arial, sans-serif; color: #118ec9;\">Presentaci\u00f3<\/span><\/strong><\/p>\n<p style=\"margin-bottom: 6.75pt; line-height: 150%;\"><span style=\"font-size-anulat: 10pt; line-height: 150%; font-family-anulat: Helvetica, sans-serif; background: whitesmoke;\">La Rep\u00fablica d&#8217;Argentina t\u00e9 capital a Buenos Aires. Es tracta d&#8217;una <strong>Rep\u00fablica Federal<\/strong>, organitzada en 23 prov\u00edncies i la Ciutat Aut\u00f2noma de Buenos Aires.<\/span><span style=\"font-size-anulat: 10pt; line-height: 150%; font-family-anulat: Helvetica, sans-serif;\"><br \/> <span style=\"background: whitesmoke;\">La <strong>pol\u00edtica exterior<\/strong> d&#8217;Argentina tradicionalment busca revertir la seva condici\u00f3 geogr\u00e0fica perif\u00e8rica a trav\u00e9s de la seva pertinen\u00e7a a organitzacions internacionals multilaterals (Nacions Unides, OMC), organitzacions regionals (MERCOSUR, UNASUR, CELAC, OEA, Cim Iberoameric\u00e0) i grups de concertaci\u00f3.<\/span><\/span><\/p>\n<p><!--more--><\/p>\n<p style=\"margin-bottom: 6.75pt; line-height: 150%;\">&nbsp;<\/p>\n<p style=\"margin-bottom: 6.75pt; line-height: 150%;\"><span style=\"font-size-anulat: 10pt; line-height: 150%; font-family-anulat: Helvetica, sans-serif;\"><span style=\"background: whitesmoke;\"><span style=\"font-size-anulat: 10pt; line-height: 20px; font-family-anulat: Helvetica, sans-serif; background: whitesmoke;\">La Rep\u00fablica d&#8217;Argentina t\u00e9 capital a Buenos Aires. Es tracta d&#8217;una&nbsp;<strong>Rep\u00fablica Federal<\/strong>, organitzada en 23 prov\u00edncies i la Ciutat Aut\u00f2noma de Buenos Aires.<\/span><span style=\"font-size-anulat: 10pt; line-height: 20px; font-family-anulat: Helvetica, sans-serif;\"><br \/><span style=\"background: whitesmoke;\">La&nbsp;<strong>pol\u00edtica exterior<\/strong>&nbsp;d&#8217;Argentina tradicionalment busca revertir la seva condici\u00f3 geogr\u00e0fica perif\u00e8rica a trav\u00e9s de la seva pertinen\u00e7a a organitzacions internacionals multilaterals (Nacions Unides, OMC), organitzacions regionals (MERCOSUR, UNASUR, CELAC, OEA, Cim Iberoameric\u00e0) i grups de concertaci\u00f3.<\/span><\/span><\/span><\/span><\/p>\n<p style=\"margin-bottom: 6.75pt; line-height: 150%;\"><span style=\"font-size-anulat: 10pt; line-height: 150%; font-family-anulat: Helvetica, sans-serif;\"><span style=\"background: whitesmoke;\">En concret, dins d&#8217;Am\u00e8rica Llatina, Argentina forma part de la zona de lliure canvi del MERCOSUR (on revesteix particular import\u00e0ncia la relaci\u00f3 amb Brasil, el seu ve\u00ed i primer soci comercial).<\/span><br \/> <span style=\"background: whitesmoke;\">Tanmateix, Espanya \u00e9s un dels socis m\u00e9s importants d&#8217;Argentina, amb relacions pol\u00edtiques, econ\u00f2miques, culturals i de cooperaci\u00f3 de llarga durada.<\/span><br \/> <span style=\"background: whitesmoke;\">Pel que fa a les relacions entre la Uni\u00f3 Europea i Argentina, es regeixen per l&#8217;Acord Marc de Cooperaci\u00f3 (1990). Es troben en curs les negociacions per a la signatura d&#8217;un Acord d&#8217;Associaci\u00f3 entre la Uni\u00f3 Europea i MERCOSUR.<\/span><\/span><\/p>\n<p style=\"margin-bottom: 6.75pt; line-height: 150%;\"><span style=\"font-size-anulat: 10pt; line-height: 150%; font-family-anulat: Helvetica, sans-serif;\"> <span style=\"background: whitesmoke;\">Espanya i Argentina mantenen una intensa relaci\u00f3 bilateral, marcada pels fluxos migratoris, la inversi\u00f3 espanyola, el comer\u00e7 i el turisme. L&#8217;oferta comercial espanyola \u00e9s ben valorada pels argentins, per\u00f2 s&#8217;enfronta al problema de les barreres proteccionistes argentines.<\/span><br \/> <span style=\"background: whitesmoke;\">L&#8217;Excm. Sr. <strong>Estanislao de Grandes Pascual<\/strong>, Ambaixador d&#8217;Espanya a Argentina, exposar\u00e0 la situaci\u00f3 actual econ\u00f2mica, pol\u00edtica i social del pa\u00eds i la seva relaci\u00f3 amb l&#8217;estat espanyol a nivell comercial i diplom\u00e0tic.<\/span><\/span><\/p>\n<p style=\"margin-bottom: 6.75pt; line-height: 13.5pt;\"><em><span style=\"font-size-anulat: 10pt; font-family-anulat: Helvetica, sans-serif;\">Font: Fitxa Pa\u00eds Argentina (Ministeri d\u2019Assumptes Exteriors i de Cooperaci\u00f3) <\/span><\/em><\/p>\n<p style=\"margin-bottom: 6.75pt; line-height: 13.5pt;\"><a href=\"http:\/\/www.exteriores.gob.es\/Documents\/FichasPais\/ARGENTINA_FICHA%20PAIS.pdf\" target=\"_blank\" rel=\"noopener\"><span style=\"font-size-anulat: 10pt; font-family-anulat: Helvetica, sans-serif;\">Veure fitxa completa del pa\u00eds&nbsp;<\/span><\/a><\/p>\n<p style=\"margin: 15pt 0cm 7.5pt; line-height: 12pt;\">&nbsp;<\/p>\n<p style=\"margin: 15pt 0cm 7.5pt; line-height: 12pt;\"><strong><span style=\"font-size-anulat: 10.5pt; font-family-anulat: Arial, sans-serif; color: #118ec9;\">Trobada i esmorzar<\/p>\n<p> <\/span><\/strong><\/p>\n<p style=\"margin-bottom: 6.75pt; line-height: 13.5pt;\"><strong><span style=\"font-size-anulat: 10pt; font-family-anulat: Helvetica, sans-serif;\">Data:<\/span><\/strong><span style=\"font-size-anulat: 10pt; font-family-anulat: Helvetica, sans-serif;\">&nbsp;25\/10\/2016<\/span><\/p>\n<p style=\"margin-bottom: 6.75pt; line-height: 13.5pt;\"><strong><span style=\"font-size-anulat: 10pt; font-family-anulat: Helvetica, sans-serif;\">Dirigit a: <\/span><\/strong><span style=\"font-size-anulat: 10pt; font-family-anulat: Helvetica, sans-serif; background: whitesmoke;\">Periodistes, acad\u00e8mics, representants d&#8217;institucions i empresaris (per invitaci\u00f3 expressa del CEI International Affairs)<\/span><\/p>\n<p style=\"margin-bottom: 6.75pt; line-height: 13.5pt;\"><strong><span style=\"font-size-anulat: 10pt; font-family-anulat: Helvetica, sans-serif;\">Horari:<\/span><\/strong><span style=\"font-size-anulat: 10pt; font-family-anulat: Helvetica, sans-serif;\">&nbsp;de 13:30 h.&nbsp;a 16:00 h.<\/span><\/p>\n<p style=\"margin-bottom: 6.75pt; line-height: 13.5pt;\"><strong><span style=\"font-size-anulat: 10pt; font-family-anulat: Helvetica, sans-serif;\">Lloc:<\/span><\/strong><a href=\"index.php?Itemid=317\"><span style=\"font-size-anulat: 10pt; font-family-anulat: Helvetica, sans-serif;\">Av.&nbsp;Vallvidrera, 25. Barcelona.<\/span><\/a><\/p>\n<p style=\"margin-bottom: 6.75pt; line-height: 13.5pt;\"><strong><span style=\"font-size-anulat: 10pt; font-family-anulat: Helvetica, sans-serif;\">Contacte:<\/span><\/strong><span style=\"font-size-anulat: 10pt; font-family-anulat: Helvetica, sans-serif;\">&nbsp;Sra. \u00c0ngels Vara<\/span><\/p>\n<p style=\"margin-bottom: 6.75pt; line-height: 13.5pt;\"><strong><span style=\"font-size-anulat: 10pt; font-family-anulat: Helvetica, sans-serif;\">Preu:<\/span><\/strong><span style=\"font-size-anulat: 10pt; font-family-anulat: Helvetica, sans-serif;\">&nbsp;75 Euros (corresponents a l\u2019esmorzar)&nbsp;<\/span><\/p>\n","protected":false},"excerpt":{"rendered":"<p>Presentaci\u00f3 La Rep\u00fablica d&#8217;Argentina t\u00e9 capital a Buenos Aires. Es tracta d&#8217;una Rep\u00fablica Federal, organitzada en 23 prov\u00edncies i la Ciutat Aut\u00f2noma de Buenos Aires. La pol\u00edtica exterior d&#8217;Argentina tradicionalment busca revertir la seva condici\u00f3 geogr\u00e0fica perif\u00e8rica a trav\u00e9s de la seva pertinen\u00e7a a organitzacions internacionals multilaterals (Nacions Unides, OMC), organitzacions regionals (MERCOSUR, UNASUR, CELAC, [&hellip;]<\/p>\n","protected":false},"author":6,"featured_media":0,"comment_status":"open","ping_status":"closed","sticky":false,"template":"","format":"standard","meta":{"_acf_changed":false,"_crdt_document":"","inline_featured_image":false,"footnotes":""},"categories":[25],"tags":[],"class_list":["post-2165","post","type-post","status-publish","format-standard","hentry","category-aula-internacional"],"acf":[],"yoast_head":"<!-- This site is optimized with the Yoast SEO plugin v27.0 - https:\/\/yoast.com\/product\/yoast-seo-wordpress\/ -->\n<title>Trobada amb l&#039;Ambaixador d&#039;Espanya a l&#039;Argentina - CEI International Affairs<\/title>\n<meta name=\"robots\" content=\"index, follow, max-snippet:-1, max-image-preview:large, max-video-preview:-1\" \/>\n<link rel=\"canonical\" href=\"https:\/\/www.ceibcn.com\/en\/2016\/09\/trobada-amb-l-ambaixador-de-l-argentina\/\" \/>\n<meta property=\"og:locale\" content=\"en_US\" \/>\n<meta property=\"og:type\" content=\"article\" \/>\n<meta property=\"og:title\" content=\"Trobada amb l&#039;Ambaixador d&#039;Espanya a l&#039;Argentina - CEI International Affairs\" \/>\n<meta property=\"og:description\" content=\"Presentaci\u00f3 La Rep\u00fablica d&#8217;Argentina t\u00e9 capital a Buenos Aires. Es tracta d&#8217;una Rep\u00fablica Federal, organitzada en 23 prov\u00edncies i la Ciutat Aut\u00f2noma de Buenos Aires. La pol\u00edtica exterior d&#8217;Argentina tradicionalment busca revertir la seva condici\u00f3 geogr\u00e0fica perif\u00e8rica a trav\u00e9s de la seva pertinen\u00e7a a organitzacions internacionals multilaterals (Nacions Unides, OMC), organitzacions regionals (MERCOSUR, UNASUR, CELAC, [&hellip;]\" \/>\n<meta property=\"og:url\" content=\"https:\/\/www.ceibcn.com\/en\/2016\/09\/trobada-amb-l-ambaixador-de-l-argentina\/\" \/>\n<meta property=\"og:site_name\" content=\"CEI International Affairs\" \/>\n<meta property=\"article:publisher\" content=\"https:\/\/www.facebook.com\/CEI.CentroDeEstudiosInternacionales\/\" \/>\n<meta property=\"article:published_time\" content=\"2016-09-20T07:55:57+00:00\" \/>\n<meta property=\"og:image\" content=\"https:\/\/www.ceibcn.com\/wp-content\/uploads\/2023\/01\/Logo-CEI.png\" \/>\n\t<meta property=\"og:image:width\" content=\"500\" \/>\n\t<meta property=\"og:image:height\" content=\"500\" \/>\n\t<meta property=\"og:image:type\" content=\"image\/png\" \/>\n<meta name=\"author\" content=\"Cristian Romero Velasco\" \/>\n<meta name=\"twitter:card\" content=\"summary_large_image\" \/>\n<meta name=\"twitter:creator\" content=\"@CEIbcn\" \/>\n<meta name=\"twitter:site\" content=\"@CEIbcn\" \/>\n<meta name=\"twitter:label1\" content=\"Written by\" \/>\n\t<meta name=\"twitter:data1\" content=\"Cristian Romero Velasco\" \/>\n\t<meta name=\"twitter:label2\" content=\"Est. reading time\" \/>\n\t<meta name=\"twitter:data2\" content=\"2 minutes\" \/>\n<script type=\"application\/ld+json\" class=\"yoast-schema-graph\">{\"@context\":\"https:\/\/schema.org\",\"@graph\":[{\"@type\":\"Article\",\"@id\":\"https:\/\/www.ceibcn.com\/en\/2016\/09\/trobada-amb-l-ambaixador-de-l-argentina\/#article\",\"isPartOf\":{\"@id\":\"https:\/\/www.ceibcn.com\/en\/2016\/09\/trobada-amb-l-ambaixador-de-l-argentina\/\"},\"author\":{\"name\":\"Cristian Romero Velasco\",\"@id\":\"https:\/\/www.ceibcn.com\/en\/#\/schema\/person\/4ef9992ee2fbd3987a5e1834e5d5808d\"},\"headline\":\"Trobada amb l&#8217;Ambaixador d&#8217;Espanya a l&#8217;Argentina\",\"datePublished\":\"2016-09-20T07:55:57+00:00\",\"mainEntityOfPage\":{\"@id\":\"https:\/\/www.ceibcn.com\/en\/2016\/09\/trobada-amb-l-ambaixador-de-l-argentina\/\"},\"wordCount\":402,\"commentCount\":0,\"publisher\":{\"@id\":\"https:\/\/www.ceibcn.com\/en\/#organization\"},\"articleSection\":[\"Aula Internacional\"],\"inLanguage\":\"en-US\",\"potentialAction\":[{\"@type\":\"CommentAction\",\"name\":\"Comment\",\"target\":[\"https:\/\/www.ceibcn.com\/en\/2016\/09\/trobada-amb-l-ambaixador-de-l-argentina\/#respond\"]}]},{\"@type\":\"WebPage\",\"@id\":\"https:\/\/www.ceibcn.com\/en\/2016\/09\/trobada-amb-l-ambaixador-de-l-argentina\/\",\"url\":\"https:\/\/www.ceibcn.com\/en\/2016\/09\/trobada-amb-l-ambaixador-de-l-argentina\/\",\"name\":\"Trobada amb l'Ambaixador d'Espanya a l'Argentina - CEI International Affairs\",\"isPartOf\":{\"@id\":\"https:\/\/www.ceibcn.com\/en\/#website\"},\"datePublished\":\"2016-09-20T07:55:57+00:00\",\"breadcrumb\":{\"@id\":\"https:\/\/www.ceibcn.com\/en\/2016\/09\/trobada-amb-l-ambaixador-de-l-argentina\/#breadcrumb\"},\"inLanguage\":\"en-US\",\"potentialAction\":[{\"@type\":\"ReadAction\",\"target\":[\"https:\/\/www.ceibcn.com\/en\/2016\/09\/trobada-amb-l-ambaixador-de-l-argentina\/\"]}]},{\"@type\":\"BreadcrumbList\",\"@id\":\"https:\/\/www.ceibcn.com\/en\/2016\/09\/trobada-amb-l-ambaixador-de-l-argentina\/#breadcrumb\",\"itemListElement\":[{\"@type\":\"ListItem\",\"position\":1,\"name\":\"Portada\",\"item\":\"https:\/\/www.ceibcn.com\/en\/\"},{\"@type\":\"ListItem\",\"position\":2,\"name\":\"Trobada amb l&#8217;Ambaixador d&#8217;Espanya a l&#8217;Argentina\"}]},{\"@type\":\"WebSite\",\"@id\":\"https:\/\/www.ceibcn.com\/en\/#website\",\"url\":\"https:\/\/www.ceibcn.com\/en\/\",\"name\":\"CEI International Affairs\",\"description\":\"CEI International Affairs\",\"publisher\":{\"@id\":\"https:\/\/www.ceibcn.com\/en\/#organization\"},\"alternateName\":\"CEI International Affairs\",\"potentialAction\":[{\"@type\":\"SearchAction\",\"target\":{\"@type\":\"EntryPoint\",\"urlTemplate\":\"https:\/\/www.ceibcn.com\/en\/?s={search_term_string}\"},\"query-input\":{\"@type\":\"PropertyValueSpecification\",\"valueRequired\":true,\"valueName\":\"search_term_string\"}}],\"inLanguage\":\"en-US\"},{\"@type\":\"Organization\",\"@id\":\"https:\/\/www.ceibcn.com\/en\/#organization\",\"name\":\"CEI International Affairs\",\"url\":\"https:\/\/www.ceibcn.com\/en\/\",\"logo\":{\"@type\":\"ImageObject\",\"inLanguage\":\"en-US\",\"@id\":\"https:\/\/www.ceibcn.com\/en\/#\/schema\/logo\/image\/\",\"url\":\"https:\/\/www.ceibcn.com\/wp-content\/uploads\/2021\/09\/CeiLogo_EscuelaDiploVectorized_vectorizedSIN_FONDO.png\",\"contentUrl\":\"https:\/\/www.ceibcn.com\/wp-content\/uploads\/2021\/09\/CeiLogo_EscuelaDiploVectorized_vectorizedSIN_FONDO.png\",\"width\":1591,\"height\":629,\"caption\":\"CEI International Affairs\"},\"image\":{\"@id\":\"https:\/\/www.ceibcn.com\/en\/#\/schema\/logo\/image\/\"},\"sameAs\":[\"https:\/\/www.facebook.com\/CEI.CentroDeEstudiosInternacionales\/\",\"https:\/\/x.com\/CEIbcn\",\"https:\/\/www.instagram.com\/cei_international\/\"]},{\"@type\":\"Person\",\"@id\":\"https:\/\/www.ceibcn.com\/en\/#\/schema\/person\/4ef9992ee2fbd3987a5e1834e5d5808d\",\"name\":\"Cristian Romero Velasco\",\"image\":{\"@type\":\"ImageObject\",\"inLanguage\":\"en-US\",\"@id\":\"https:\/\/www.ceibcn.com\/en\/#\/schema\/person\/image\/\",\"url\":\"https:\/\/secure.gravatar.com\/avatar\/d78c33ad7f1570635ae9c9cb6274fe682bd5872dfde7a5448127d7825dd90943?s=96&d=mm&r=g\",\"contentUrl\":\"https:\/\/secure.gravatar.com\/avatar\/d78c33ad7f1570635ae9c9cb6274fe682bd5872dfde7a5448127d7825dd90943?s=96&d=mm&r=g\",\"caption\":\"Cristian Romero Velasco\"},\"url\":\"https:\/\/www.ceibcn.com\/en\/author\/cristian\/\"}]}<\/script>\n<!-- \/ Yoast SEO plugin. -->","yoast_head_json":{"title":"Trobada amb l'Ambaixador d'Espanya a l'Argentina - CEI International Affairs","robots":{"index":"index","follow":"follow","max-snippet":"max-snippet:-1","max-image-preview":"max-image-preview:large","max-video-preview":"max-video-preview:-1"},"canonical":"https:\/\/www.ceibcn.com\/en\/2016\/09\/trobada-amb-l-ambaixador-de-l-argentina\/","og_locale":"en_US","og_type":"article","og_title":"Trobada amb l'Ambaixador d'Espanya a l'Argentina - CEI International Affairs","og_description":"Presentaci\u00f3 La Rep\u00fablica d&#8217;Argentina t\u00e9 capital a Buenos Aires. Es tracta d&#8217;una Rep\u00fablica Federal, organitzada en 23 prov\u00edncies i la Ciutat Aut\u00f2noma de Buenos Aires. La pol\u00edtica exterior d&#8217;Argentina tradicionalment busca revertir la seva condici\u00f3 geogr\u00e0fica perif\u00e8rica a trav\u00e9s de la seva pertinen\u00e7a a organitzacions internacionals multilaterals (Nacions Unides, OMC), organitzacions regionals (MERCOSUR, UNASUR, CELAC, [&hellip;]","og_url":"https:\/\/www.ceibcn.com\/en\/2016\/09\/trobada-amb-l-ambaixador-de-l-argentina\/","og_site_name":"CEI International Affairs","article_publisher":"https:\/\/www.facebook.com\/CEI.CentroDeEstudiosInternacionales\/","article_published_time":"2016-09-20T07:55:57+00:00","og_image":[{"width":500,"height":500,"url":"https:\/\/www.ceibcn.com\/wp-content\/uploads\/2023\/01\/Logo-CEI.png","type":"image\/png"}],"author":"Cristian Romero Velasco","twitter_card":"summary_large_image","twitter_creator":"@CEIbcn","twitter_site":"@CEIbcn","twitter_misc":{"Written by":"Cristian Romero Velasco","Est. reading time":"2 minutes"},"schema":{"@context":"https:\/\/schema.org","@graph":[{"@type":"Article","@id":"https:\/\/www.ceibcn.com\/en\/2016\/09\/trobada-amb-l-ambaixador-de-l-argentina\/#article","isPartOf":{"@id":"https:\/\/www.ceibcn.com\/en\/2016\/09\/trobada-amb-l-ambaixador-de-l-argentina\/"},"author":{"name":"Cristian Romero Velasco","@id":"https:\/\/www.ceibcn.com\/en\/#\/schema\/person\/4ef9992ee2fbd3987a5e1834e5d5808d"},"headline":"Trobada amb l&#8217;Ambaixador d&#8217;Espanya a l&#8217;Argentina","datePublished":"2016-09-20T07:55:57+00:00","mainEntityOfPage":{"@id":"https:\/\/www.ceibcn.com\/en\/2016\/09\/trobada-amb-l-ambaixador-de-l-argentina\/"},"wordCount":402,"commentCount":0,"publisher":{"@id":"https:\/\/www.ceibcn.com\/en\/#organization"},"articleSection":["Aula Internacional"],"inLanguage":"en-US","potentialAction":[{"@type":"CommentAction","name":"Comment","target":["https:\/\/www.ceibcn.com\/en\/2016\/09\/trobada-amb-l-ambaixador-de-l-argentina\/#respond"]}]},{"@type":"WebPage","@id":"https:\/\/www.ceibcn.com\/en\/2016\/09\/trobada-amb-l-ambaixador-de-l-argentina\/","url":"https:\/\/www.ceibcn.com\/en\/2016\/09\/trobada-amb-l-ambaixador-de-l-argentina\/","name":"Trobada amb l'Ambaixador d'Espanya a l'Argentina - CEI International Affairs","isPartOf":{"@id":"https:\/\/www.ceibcn.com\/en\/#website"},"datePublished":"2016-09-20T07:55:57+00:00","breadcrumb":{"@id":"https:\/\/www.ceibcn.com\/en\/2016\/09\/trobada-amb-l-ambaixador-de-l-argentina\/#breadcrumb"},"inLanguage":"en-US","potentialAction":[{"@type":"ReadAction","target":["https:\/\/www.ceibcn.com\/en\/2016\/09\/trobada-amb-l-ambaixador-de-l-argentina\/"]}]},{"@type":"BreadcrumbList","@id":"https:\/\/www.ceibcn.com\/en\/2016\/09\/trobada-amb-l-ambaixador-de-l-argentina\/#breadcrumb","itemListElement":[{"@type":"ListItem","position":1,"name":"Portada","item":"https:\/\/www.ceibcn.com\/en\/"},{"@type":"ListItem","position":2,"name":"Trobada amb l&#8217;Ambaixador d&#8217;Espanya a l&#8217;Argentina"}]},{"@type":"WebSite","@id":"https:\/\/www.ceibcn.com\/en\/#website","url":"https:\/\/www.ceibcn.com\/en\/","name":"CEI International Affairs","description":"CEI International Affairs","publisher":{"@id":"https:\/\/www.ceibcn.com\/en\/#organization"},"alternateName":"CEI International Affairs","potentialAction":[{"@type":"SearchAction","target":{"@type":"EntryPoint","urlTemplate":"https:\/\/www.ceibcn.com\/en\/?s={search_term_string}"},"query-input":{"@type":"PropertyValueSpecification","valueRequired":true,"valueName":"search_term_string"}}],"inLanguage":"en-US"},{"@type":"Organization","@id":"https:\/\/www.ceibcn.com\/en\/#organization","name":"CEI International Affairs","url":"https:\/\/www.ceibcn.com\/en\/","logo":{"@type":"ImageObject","inLanguage":"en-US","@id":"https:\/\/www.ceibcn.com\/en\/#\/schema\/logo\/image\/","url":"https:\/\/www.ceibcn.com\/wp-content\/uploads\/2021\/09\/CeiLogo_EscuelaDiploVectorized_vectorizedSIN_FONDO.png","contentUrl":"https:\/\/www.ceibcn.com\/wp-content\/uploads\/2021\/09\/CeiLogo_EscuelaDiploVectorized_vectorizedSIN_FONDO.png","width":1591,"height":629,"caption":"CEI International Affairs"},"image":{"@id":"https:\/\/www.ceibcn.com\/en\/#\/schema\/logo\/image\/"},"sameAs":["https:\/\/www.facebook.com\/CEI.CentroDeEstudiosInternacionales\/","https:\/\/x.com\/CEIbcn","https:\/\/www.instagram.com\/cei_international\/"]},{"@type":"Person","@id":"https:\/\/www.ceibcn.com\/en\/#\/schema\/person\/4ef9992ee2fbd3987a5e1834e5d5808d","name":"Cristian Romero Velasco","image":{"@type":"ImageObject","inLanguage":"en-US","@id":"https:\/\/www.ceibcn.com\/en\/#\/schema\/person\/image\/","url":"https:\/\/secure.gravatar.com\/avatar\/d78c33ad7f1570635ae9c9cb6274fe682bd5872dfde7a5448127d7825dd90943?s=96&d=mm&r=g","contentUrl":"https:\/\/secure.gravatar.com\/avatar\/d78c33ad7f1570635ae9c9cb6274fe682bd5872dfde7a5448127d7825dd90943?s=96&d=mm&r=g","caption":"Cristian Romero Velasco"},"url":"https:\/\/www.ceibcn.com\/en\/author\/cristian\/"}]}},"_links":{"self":[{"href":"https:\/\/www.ceibcn.com\/en\/wp-json\/wp\/v2\/posts\/2165","targetHints":{"allow":["GET"]}}],"collection":[{"href":"https:\/\/www.ceibcn.com\/en\/wp-json\/wp\/v2\/posts"}],"about":[{"href":"https:\/\/www.ceibcn.com\/en\/wp-json\/wp\/v2\/types\/post"}],"author":[{"embeddable":true,"href":"https:\/\/www.ceibcn.com\/en\/wp-json\/wp\/v2\/users\/6"}],"replies":[{"embeddable":true,"href":"https:\/\/www.ceibcn.com\/en\/wp-json\/wp\/v2\/comments?post=2165"}],"version-history":[{"count":0,"href":"https:\/\/www.ceibcn.com\/en\/wp-json\/wp\/v2\/posts\/2165\/revisions"}],"wp:attachment":[{"href":"https:\/\/www.ceibcn.com\/en\/wp-json\/wp\/v2\/media?parent=2165"}],"wp:term":[{"taxonomy":"category","embeddable":true,"href":"https:\/\/www.ceibcn.com\/en\/wp-json\/wp\/v2\/categories?post=2165"},{"taxonomy":"post_tag","embeddable":true,"href":"https:\/\/www.ceibcn.com\/en\/wp-json\/wp\/v2\/tags?post=2165"}],"curies":[{"name":"wp","href":"https:\/\/api.w.org\/{rel}","templated":true}]}}