{"id":2175,"date":"2016-10-26T08:51:37","date_gmt":"2016-10-26T08:51:37","guid":{"rendered":"https:\/\/www.ceibcn.com\/2016\/10\/aula-internacional-egipto-en-la-actualidad-internacional\/"},"modified":"2016-10-26T08:51:37","modified_gmt":"2016-10-26T08:51:37","slug":"aula-internacional-egipto-en-la-actualidad-internacional","status":"publish","type":"post","link":"https:\/\/www.ceibcn.com\/en\/2016\/10\/aula-internacional-egipto-en-la-actualidad-internacional\/","title":{"rendered":"Aula Internacional: Di\u00e1logo con el Embajador de Espa\u00f1a en Egipto"},"content":{"rendered":"<h2 style=\"margin: 15pt 0cm 7.5pt; font-family-anulat: Arial, Helvetica, sans-serif; line-height: 12pt; color: #118ec9; font-size-anulat: 14px; padding: 0px; background-image: initial; background-attachment: initial; background-position: initial; background-repeat: initial;\"><span style=\"font-size-anulat: 10.5pt; font-family-anulat: Helvetica, sans-serif;\">Presentaci\u00f3n<\/span><\/h2>\n<p style=\"margin: 0cm 0cm 6.75pt; line-height: 13.5pt; background-image: initial; background-attachment: initial; background-position: initial; background-repeat: initial;\"><span style=\"font-size-anulat: 10pt; font-family-anulat: Helvetica, sans-serif;\">El pr\u00f3ximo 29 de noviembre el CEI International Affairs os invita a la conferencia&nbsp;<strong>&#8220;Di\u00e1logo con el Embajador de Espa\u00f1a en Egipto&#8221;<\/strong>, ofrecida por el Embajador de Espa\u00f1a en Egipto.<\/span><\/p>\n<p style=\"margin: 0cm 0cm 6.75pt; line-height: 13.5pt; background-image: initial; background-attachment: initial; background-position: initial; background-repeat: initial;\"><span style=\"font-family-anulat: Helvetica, sans-serif; font-size-anulat: 10pt;\">El Excmo. <strong>Sr. Arturo Avello D\u00edez del Corral<\/strong> nos hablar\u00e1 sobre las relaciones econ\u00f3micas, comerciales y diplom\u00e1ticas del pa\u00eds con el <\/span><strong style=\"font-family-anulat: Helvetica, sans-serif; font-size-anulat: 10pt;\">estado espa\u00f1ol.<\/strong><\/p>\n<p style=\"margin: 0cm 0cm 6.75pt; line-height: 13.5pt; background-image: initial; background-attachment: initial; background-position: initial; background-repeat: initial;\"><a href=\"http:\/\/www.exteriores.gob.es\/Embajadas\/ELCAIRO\/es\/Embajada\/Paginas\/Embajador.aspx\" target=\"_blank\" rel=\"noopener\"><span style=\"font-size-anulat: 10pt; font-family-anulat: Helvetica, sans-serif;\">CV del Embajador&nbsp;<\/span><\/a><span style=\"font-size-anulat: 10pt; font-family-anulat: Helvetica, sans-serif;\"><br \/><\/span><\/p>\n<p style=\"margin: 0cm 0cm 6.75pt; line-height: 13.5pt; background-image: initial; background-attachment: initial; background-position: initial; background-repeat: initial;\"><a href=\"http:\/\/www.exteriores.gob.es\/Documents\/FichasPais\/EGIPTO_FICHA%20PAIS.pdf\" target=\"_blank\" rel=\"noopener\"><span style=\"font-size-anulat: 10pt; font-family-anulat: Helvetica, sans-serif;\">Ficha pa\u00eds&nbsp;Egipto<\/span><\/a><\/p>\n<p style=\"margin-bottom: 6.75pt; line-height: 13.5pt;\"><em style=\"line-height: 13.5pt;\"><span style=\"font-size-anulat: 10pt; font-family-anulat: Helvetica, sans-serif;\">(Fuente: Ministerio de Asuntos Exteriores y de Cooperaci\u00f3n)<\/span><\/em><\/p>\n<h2 style=\"margin: 15pt 0cm 7.5pt; font-family-anulat: Arial, Helvetica, sans-serif; line-height: 12pt; color: #118ec9; font-size-anulat: 14px; padding: 0px; background-image: initial; background-attachment: initial; background-position: initial; background-repeat: initial;\">&nbsp;<\/h2>\n<h2 style=\"margin: 15pt 0cm 7.5pt; font-family-anulat: Arial, Helvetica, sans-serif; line-height: 12pt; color: #118ec9; font-size-anulat: 14px; padding: 0px; background-image: initial; background-attachment: initial; background-position: initial; background-repeat: initial;\"><span style=\"font-size-anulat: 10.5pt; font-family-anulat: Helvetica, sans-serif;\">Conferencia<\/span><\/h2>\n<p style=\"margin: 0cm 0cm 6.75pt; line-height: 13.5pt; background-image: initial; background-attachment: initial; background-position: initial; background-repeat: initial;\"><strong><span style=\"font-size-anulat: 10pt; font-family-anulat: Helvetica, sans-serif;\">Fecha:<\/span><\/strong><span style=\"font-size-anulat: 10pt; font-family-anulat: Helvetica, sans-serif;\">&nbsp;29\/11\/2016<\/span><\/p>\n<p style=\"margin: 0cm 0cm 6.75pt; line-height: 13.5pt; background-image: initial; background-attachment: initial; background-position: initial; background-repeat: initial;\"><strong><span style=\"font-size-anulat: 10pt; font-family-anulat: Helvetica, sans-serif;\">Dirigida a:<\/span><\/strong><span style=\"font-size-anulat: 10pt; font-family-anulat: Helvetica, sans-serif;\">&nbsp;Abierto a todo el p\u00fablico<\/span><\/p>\n<p style=\"margin: 0cm 0cm 6.75pt; line-height: 13.5pt; background-image: initial; background-attachment: initial; background-position: initial; background-repeat: initial;\"><strong><span style=\"font-size-anulat: 10pt; font-family-anulat: Helvetica, sans-serif;\">Horario:<\/span><\/strong><span style=\"font-size-anulat: 10pt; font-family-anulat: Helvetica, sans-serif;\">&nbsp;17.30h.<\/span><\/p>\n<p style=\"margin: 0cm 0cm 6.75pt; line-height: 13.5pt; background-image: initial; background-attachment: initial; background-position: initial; background-repeat: initial;\"><strong><span style=\"font-size-anulat: 10pt; font-family-anulat: Helvetica, sans-serif;\">Lugar:<\/span><\/strong><span style=\"font-size-anulat: 10pt; font-family-anulat: Helvetica, sans-serif;\">&nbsp;Sal\u00f3n de Grados de la Facultad de Derecho. Universitat de Barcelona.&nbsp;<\/span><a href=\"http:\/\/bit.ly\/1LnHkP5\"><span style=\"font-size-anulat: 10pt; font-family-anulat: Helvetica, sans-serif;\">Avda. Diagonal, 684 (Barcelona)<\/span><\/a><\/p>\n<p style=\"margin: 0cm 0cm 6.75pt; line-height: 13.5pt; background-image: initial; background-attachment: initial; background-position: initial; background-repeat: initial;\"><span style=\"font-size-anulat: 9.5pt; font-family-anulat: Arial, sans-serif;\">Se ruega confirmaci\u00f3n a trav\u00e9s del tel\u00e9fono 93 205 45 16&nbsp;o por correo electr\u00f3nico a&nbsp;<\/span><span style=\"font-size-anulat: 9.5pt; font-family-anulat: Arial, sans-serif;\"><a href=\"mailto:avara-cei@ub.edu\">info@ceibcn.com<\/a>, indicando nombre, apellidos y DNI.&nbsp;<\/span><\/p>\n","protected":false},"excerpt":{"rendered":"<p>Presentaci\u00f3n El pr\u00f3ximo 29 de noviembre el CEI International Affairs os invita a la conferencia&nbsp;&#8220;Di\u00e1logo con el Embajador de Espa\u00f1a en Egipto&#8221;, ofrecida por el Embajador de Espa\u00f1a en Egipto. El Excmo. Sr. Arturo Avello D\u00edez del Corral nos hablar\u00e1 sobre las relaciones econ\u00f3micas, comerciales y diplom\u00e1ticas del pa\u00eds con el estado espa\u00f1ol. CV del [&hellip;]<\/p>\n","protected":false},"author":6,"featured_media":0,"comment_status":"open","ping_status":"closed","sticky":false,"template":"","format":"standard","meta":{"_acf_changed":false,"_crdt_document":"","inline_featured_image":false,"footnotes":""},"categories":[1],"tags":[],"class_list":["post-2175","post","type-post","status-publish","format-standard","hentry","category-sin-categoria"],"acf":[],"yoast_head":"<!-- This site is optimized with the Yoast SEO plugin v27.0 - https:\/\/yoast.com\/product\/yoast-seo-wordpress\/ -->\n<title>Aula Internacional: Di\u00e1logo con el Embajador de Espa\u00f1a en Egipto - CEI International Affairs<\/title>\n<meta name=\"robots\" content=\"index, follow, max-snippet:-1, max-image-preview:large, max-video-preview:-1\" \/>\n<link rel=\"canonical\" href=\"https:\/\/www.ceibcn.com\/en\/2016\/10\/aula-internacional-egipto-en-la-actualidad-internacional\/\" \/>\n<meta property=\"og:locale\" content=\"en_US\" \/>\n<meta property=\"og:type\" content=\"article\" \/>\n<meta property=\"og:title\" content=\"Aula Internacional: Di\u00e1logo con el Embajador de Espa\u00f1a en Egipto - CEI International Affairs\" \/>\n<meta property=\"og:description\" content=\"Presentaci\u00f3n El pr\u00f3ximo 29 de noviembre el CEI International Affairs os invita a la conferencia&nbsp;&#8220;Di\u00e1logo con el Embajador de Espa\u00f1a en Egipto&#8221;, ofrecida por el Embajador de Espa\u00f1a en Egipto. El Excmo. Sr. Arturo Avello D\u00edez del Corral nos hablar\u00e1 sobre las relaciones econ\u00f3micas, comerciales y diplom\u00e1ticas del pa\u00eds con el estado espa\u00f1ol. CV del [&hellip;]\" \/>\n<meta property=\"og:url\" content=\"https:\/\/www.ceibcn.com\/en\/2016\/10\/aula-internacional-egipto-en-la-actualidad-internacional\/\" \/>\n<meta property=\"og:site_name\" content=\"CEI International Affairs\" \/>\n<meta property=\"article:publisher\" content=\"https:\/\/www.facebook.com\/CEI.CentroDeEstudiosInternacionales\/\" \/>\n<meta property=\"article:published_time\" content=\"2016-10-26T08:51:37+00:00\" \/>\n<meta property=\"og:image\" content=\"https:\/\/www.ceibcn.com\/wp-content\/uploads\/2023\/01\/Logo-CEI.png\" \/>\n\t<meta property=\"og:image:width\" content=\"500\" \/>\n\t<meta property=\"og:image:height\" content=\"500\" \/>\n\t<meta property=\"og:image:type\" content=\"image\/png\" \/>\n<meta name=\"author\" content=\"Cristian Romero Velasco\" \/>\n<meta name=\"twitter:card\" content=\"summary_large_image\" \/>\n<meta name=\"twitter:creator\" content=\"@CEIbcn\" \/>\n<meta name=\"twitter:site\" content=\"@CEIbcn\" \/>\n<meta name=\"twitter:label1\" content=\"Written by\" \/>\n\t<meta name=\"twitter:data1\" content=\"Cristian Romero Velasco\" \/>\n\t<meta name=\"twitter:label2\" content=\"Est. reading time\" \/>\n\t<meta name=\"twitter:data2\" content=\"1 minute\" \/>\n<script type=\"application\/ld+json\" class=\"yoast-schema-graph\">{\"@context\":\"https:\/\/schema.org\",\"@graph\":[{\"@type\":\"Article\",\"@id\":\"https:\/\/www.ceibcn.com\/en\/2016\/10\/aula-internacional-egipto-en-la-actualidad-internacional\/#article\",\"isPartOf\":{\"@id\":\"https:\/\/www.ceibcn.com\/en\/2016\/10\/aula-internacional-egipto-en-la-actualidad-internacional\/\"},\"author\":{\"name\":\"Cristian Romero Velasco\",\"@id\":\"https:\/\/www.ceibcn.com\/en\/#\/schema\/person\/4ef9992ee2fbd3987a5e1834e5d5808d\"},\"headline\":\"Aula Internacional: Di\u00e1logo con el Embajador de Espa\u00f1a en Egipto\",\"datePublished\":\"2016-10-26T08:51:37+00:00\",\"mainEntityOfPage\":{\"@id\":\"https:\/\/www.ceibcn.com\/en\/2016\/10\/aula-internacional-egipto-en-la-actualidad-internacional\/\"},\"wordCount\":155,\"commentCount\":0,\"publisher\":{\"@id\":\"https:\/\/www.ceibcn.com\/en\/#organization\"},\"articleSection\":[\"Sin categor\u00eda\"],\"inLanguage\":\"en-US\",\"potentialAction\":[{\"@type\":\"CommentAction\",\"name\":\"Comment\",\"target\":[\"https:\/\/www.ceibcn.com\/en\/2016\/10\/aula-internacional-egipto-en-la-actualidad-internacional\/#respond\"]}]},{\"@type\":\"WebPage\",\"@id\":\"https:\/\/www.ceibcn.com\/en\/2016\/10\/aula-internacional-egipto-en-la-actualidad-internacional\/\",\"url\":\"https:\/\/www.ceibcn.com\/en\/2016\/10\/aula-internacional-egipto-en-la-actualidad-internacional\/\",\"name\":\"Aula Internacional: Di\u00e1logo con el Embajador de Espa\u00f1a en Egipto - CEI International Affairs\",\"isPartOf\":{\"@id\":\"https:\/\/www.ceibcn.com\/en\/#website\"},\"datePublished\":\"2016-10-26T08:51:37+00:00\",\"breadcrumb\":{\"@id\":\"https:\/\/www.ceibcn.com\/en\/2016\/10\/aula-internacional-egipto-en-la-actualidad-internacional\/#breadcrumb\"},\"inLanguage\":\"en-US\",\"potentialAction\":[{\"@type\":\"ReadAction\",\"target\":[\"https:\/\/www.ceibcn.com\/en\/2016\/10\/aula-internacional-egipto-en-la-actualidad-internacional\/\"]}]},{\"@type\":\"BreadcrumbList\",\"@id\":\"https:\/\/www.ceibcn.com\/en\/2016\/10\/aula-internacional-egipto-en-la-actualidad-internacional\/#breadcrumb\",\"itemListElement\":[{\"@type\":\"ListItem\",\"position\":1,\"name\":\"Portada\",\"item\":\"https:\/\/www.ceibcn.com\/en\/\"},{\"@type\":\"ListItem\",\"position\":2,\"name\":\"Aula Internacional: Di\u00e1logo con el Embajador de Espa\u00f1a en Egipto\"}]},{\"@type\":\"WebSite\",\"@id\":\"https:\/\/www.ceibcn.com\/en\/#website\",\"url\":\"https:\/\/www.ceibcn.com\/en\/\",\"name\":\"CEI International Affairs\",\"description\":\"CEI International Affairs\",\"publisher\":{\"@id\":\"https:\/\/www.ceibcn.com\/en\/#organization\"},\"alternateName\":\"CEI International Affairs\",\"potentialAction\":[{\"@type\":\"SearchAction\",\"target\":{\"@type\":\"EntryPoint\",\"urlTemplate\":\"https:\/\/www.ceibcn.com\/en\/?s={search_term_string}\"},\"query-input\":{\"@type\":\"PropertyValueSpecification\",\"valueRequired\":true,\"valueName\":\"search_term_string\"}}],\"inLanguage\":\"en-US\"},{\"@type\":\"Organization\",\"@id\":\"https:\/\/www.ceibcn.com\/en\/#organization\",\"name\":\"CEI International Affairs\",\"url\":\"https:\/\/www.ceibcn.com\/en\/\",\"logo\":{\"@type\":\"ImageObject\",\"inLanguage\":\"en-US\",\"@id\":\"https:\/\/www.ceibcn.com\/en\/#\/schema\/logo\/image\/\",\"url\":\"https:\/\/www.ceibcn.com\/wp-content\/uploads\/2021\/09\/CeiLogo_EscuelaDiploVectorized_vectorizedSIN_FONDO.png\",\"contentUrl\":\"https:\/\/www.ceibcn.com\/wp-content\/uploads\/2021\/09\/CeiLogo_EscuelaDiploVectorized_vectorizedSIN_FONDO.png\",\"width\":1591,\"height\":629,\"caption\":\"CEI International Affairs\"},\"image\":{\"@id\":\"https:\/\/www.ceibcn.com\/en\/#\/schema\/logo\/image\/\"},\"sameAs\":[\"https:\/\/www.facebook.com\/CEI.CentroDeEstudiosInternacionales\/\",\"https:\/\/x.com\/CEIbcn\",\"https:\/\/www.instagram.com\/cei_international\/\"]},{\"@type\":\"Person\",\"@id\":\"https:\/\/www.ceibcn.com\/en\/#\/schema\/person\/4ef9992ee2fbd3987a5e1834e5d5808d\",\"name\":\"Cristian Romero Velasco\",\"image\":{\"@type\":\"ImageObject\",\"inLanguage\":\"en-US\",\"@id\":\"https:\/\/www.ceibcn.com\/en\/#\/schema\/person\/image\/\",\"url\":\"https:\/\/secure.gravatar.com\/avatar\/d78c33ad7f1570635ae9c9cb6274fe682bd5872dfde7a5448127d7825dd90943?s=96&d=mm&r=g\",\"contentUrl\":\"https:\/\/secure.gravatar.com\/avatar\/d78c33ad7f1570635ae9c9cb6274fe682bd5872dfde7a5448127d7825dd90943?s=96&d=mm&r=g\",\"caption\":\"Cristian Romero Velasco\"},\"url\":\"https:\/\/www.ceibcn.com\/en\/author\/cristian\/\"}]}<\/script>\n<!-- \/ Yoast SEO plugin. -->","yoast_head_json":{"title":"Aula Internacional: Di\u00e1logo con el Embajador de Espa\u00f1a en Egipto - CEI International Affairs","robots":{"index":"index","follow":"follow","max-snippet":"max-snippet:-1","max-image-preview":"max-image-preview:large","max-video-preview":"max-video-preview:-1"},"canonical":"https:\/\/www.ceibcn.com\/en\/2016\/10\/aula-internacional-egipto-en-la-actualidad-internacional\/","og_locale":"en_US","og_type":"article","og_title":"Aula Internacional: Di\u00e1logo con el Embajador de Espa\u00f1a en Egipto - CEI International Affairs","og_description":"Presentaci\u00f3n El pr\u00f3ximo 29 de noviembre el CEI International Affairs os invita a la conferencia&nbsp;&#8220;Di\u00e1logo con el Embajador de Espa\u00f1a en Egipto&#8221;, ofrecida por el Embajador de Espa\u00f1a en Egipto. El Excmo. Sr. Arturo Avello D\u00edez del Corral nos hablar\u00e1 sobre las relaciones econ\u00f3micas, comerciales y diplom\u00e1ticas del pa\u00eds con el estado espa\u00f1ol. CV del [&hellip;]","og_url":"https:\/\/www.ceibcn.com\/en\/2016\/10\/aula-internacional-egipto-en-la-actualidad-internacional\/","og_site_name":"CEI International Affairs","article_publisher":"https:\/\/www.facebook.com\/CEI.CentroDeEstudiosInternacionales\/","article_published_time":"2016-10-26T08:51:37+00:00","og_image":[{"width":500,"height":500,"url":"https:\/\/www.ceibcn.com\/wp-content\/uploads\/2023\/01\/Logo-CEI.png","type":"image\/png"}],"author":"Cristian Romero Velasco","twitter_card":"summary_large_image","twitter_creator":"@CEIbcn","twitter_site":"@CEIbcn","twitter_misc":{"Written by":"Cristian Romero Velasco","Est. reading time":"1 minute"},"schema":{"@context":"https:\/\/schema.org","@graph":[{"@type":"Article","@id":"https:\/\/www.ceibcn.com\/en\/2016\/10\/aula-internacional-egipto-en-la-actualidad-internacional\/#article","isPartOf":{"@id":"https:\/\/www.ceibcn.com\/en\/2016\/10\/aula-internacional-egipto-en-la-actualidad-internacional\/"},"author":{"name":"Cristian Romero Velasco","@id":"https:\/\/www.ceibcn.com\/en\/#\/schema\/person\/4ef9992ee2fbd3987a5e1834e5d5808d"},"headline":"Aula Internacional: Di\u00e1logo con el Embajador de Espa\u00f1a en Egipto","datePublished":"2016-10-26T08:51:37+00:00","mainEntityOfPage":{"@id":"https:\/\/www.ceibcn.com\/en\/2016\/10\/aula-internacional-egipto-en-la-actualidad-internacional\/"},"wordCount":155,"commentCount":0,"publisher":{"@id":"https:\/\/www.ceibcn.com\/en\/#organization"},"articleSection":["Sin categor\u00eda"],"inLanguage":"en-US","potentialAction":[{"@type":"CommentAction","name":"Comment","target":["https:\/\/www.ceibcn.com\/en\/2016\/10\/aula-internacional-egipto-en-la-actualidad-internacional\/#respond"]}]},{"@type":"WebPage","@id":"https:\/\/www.ceibcn.com\/en\/2016\/10\/aula-internacional-egipto-en-la-actualidad-internacional\/","url":"https:\/\/www.ceibcn.com\/en\/2016\/10\/aula-internacional-egipto-en-la-actualidad-internacional\/","name":"Aula Internacional: Di\u00e1logo con el Embajador de Espa\u00f1a en Egipto - CEI International Affairs","isPartOf":{"@id":"https:\/\/www.ceibcn.com\/en\/#website"},"datePublished":"2016-10-26T08:51:37+00:00","breadcrumb":{"@id":"https:\/\/www.ceibcn.com\/en\/2016\/10\/aula-internacional-egipto-en-la-actualidad-internacional\/#breadcrumb"},"inLanguage":"en-US","potentialAction":[{"@type":"ReadAction","target":["https:\/\/www.ceibcn.com\/en\/2016\/10\/aula-internacional-egipto-en-la-actualidad-internacional\/"]}]},{"@type":"BreadcrumbList","@id":"https:\/\/www.ceibcn.com\/en\/2016\/10\/aula-internacional-egipto-en-la-actualidad-internacional\/#breadcrumb","itemListElement":[{"@type":"ListItem","position":1,"name":"Portada","item":"https:\/\/www.ceibcn.com\/en\/"},{"@type":"ListItem","position":2,"name":"Aula Internacional: Di\u00e1logo con el Embajador de Espa\u00f1a en Egipto"}]},{"@type":"WebSite","@id":"https:\/\/www.ceibcn.com\/en\/#website","url":"https:\/\/www.ceibcn.com\/en\/","name":"CEI International Affairs","description":"CEI International Affairs","publisher":{"@id":"https:\/\/www.ceibcn.com\/en\/#organization"},"alternateName":"CEI International Affairs","potentialAction":[{"@type":"SearchAction","target":{"@type":"EntryPoint","urlTemplate":"https:\/\/www.ceibcn.com\/en\/?s={search_term_string}"},"query-input":{"@type":"PropertyValueSpecification","valueRequired":true,"valueName":"search_term_string"}}],"inLanguage":"en-US"},{"@type":"Organization","@id":"https:\/\/www.ceibcn.com\/en\/#organization","name":"CEI International Affairs","url":"https:\/\/www.ceibcn.com\/en\/","logo":{"@type":"ImageObject","inLanguage":"en-US","@id":"https:\/\/www.ceibcn.com\/en\/#\/schema\/logo\/image\/","url":"https:\/\/www.ceibcn.com\/wp-content\/uploads\/2021\/09\/CeiLogo_EscuelaDiploVectorized_vectorizedSIN_FONDO.png","contentUrl":"https:\/\/www.ceibcn.com\/wp-content\/uploads\/2021\/09\/CeiLogo_EscuelaDiploVectorized_vectorizedSIN_FONDO.png","width":1591,"height":629,"caption":"CEI International Affairs"},"image":{"@id":"https:\/\/www.ceibcn.com\/en\/#\/schema\/logo\/image\/"},"sameAs":["https:\/\/www.facebook.com\/CEI.CentroDeEstudiosInternacionales\/","https:\/\/x.com\/CEIbcn","https:\/\/www.instagram.com\/cei_international\/"]},{"@type":"Person","@id":"https:\/\/www.ceibcn.com\/en\/#\/schema\/person\/4ef9992ee2fbd3987a5e1834e5d5808d","name":"Cristian Romero Velasco","image":{"@type":"ImageObject","inLanguage":"en-US","@id":"https:\/\/www.ceibcn.com\/en\/#\/schema\/person\/image\/","url":"https:\/\/secure.gravatar.com\/avatar\/d78c33ad7f1570635ae9c9cb6274fe682bd5872dfde7a5448127d7825dd90943?s=96&d=mm&r=g","contentUrl":"https:\/\/secure.gravatar.com\/avatar\/d78c33ad7f1570635ae9c9cb6274fe682bd5872dfde7a5448127d7825dd90943?s=96&d=mm&r=g","caption":"Cristian Romero Velasco"},"url":"https:\/\/www.ceibcn.com\/en\/author\/cristian\/"}]}},"_links":{"self":[{"href":"https:\/\/www.ceibcn.com\/en\/wp-json\/wp\/v2\/posts\/2175","targetHints":{"allow":["GET"]}}],"collection":[{"href":"https:\/\/www.ceibcn.com\/en\/wp-json\/wp\/v2\/posts"}],"about":[{"href":"https:\/\/www.ceibcn.com\/en\/wp-json\/wp\/v2\/types\/post"}],"author":[{"embeddable":true,"href":"https:\/\/www.ceibcn.com\/en\/wp-json\/wp\/v2\/users\/6"}],"replies":[{"embeddable":true,"href":"https:\/\/www.ceibcn.com\/en\/wp-json\/wp\/v2\/comments?post=2175"}],"version-history":[{"count":0,"href":"https:\/\/www.ceibcn.com\/en\/wp-json\/wp\/v2\/posts\/2175\/revisions"}],"wp:attachment":[{"href":"https:\/\/www.ceibcn.com\/en\/wp-json\/wp\/v2\/media?parent=2175"}],"wp:term":[{"taxonomy":"category","embeddable":true,"href":"https:\/\/www.ceibcn.com\/en\/wp-json\/wp\/v2\/categories?post=2175"},{"taxonomy":"post_tag","embeddable":true,"href":"https:\/\/www.ceibcn.com\/en\/wp-json\/wp\/v2\/tags?post=2175"}],"curies":[{"name":"wp","href":"https:\/\/api.w.org\/{rel}","templated":true}]}}