{"id":2400,"date":"2017-01-18T12:35:21","date_gmt":"2017-01-18T12:35:21","guid":{"rendered":"https:\/\/www.ceibcn.com\/2017\/01\/master-desarrollo-sostenible-direccion-profesorado\/"},"modified":"2017-01-18T12:35:21","modified_gmt":"2017-01-18T12:35:21","slug":"master-desarrollo-sostenible-direccion-profesorado","status":"publish","type":"post","link":"https:\/\/www.ceibcn.com\/en\/2017\/01\/master-desarrollo-sostenible-direccion-profesorado\/","title":{"rendered":"Direcci\u00f3n y profesorado"},"content":{"rendered":"<p><strong style=\"font-size: 18px; color: #60b74e;\">Coordinador acad\u00e9mico<br \/><\/strong><\/p>\n<p>&nbsp;<\/p>\n<p><strong>Dr. \u00c1ngel J. Rodrigo<\/strong><\/p>\n<table class=\"egt\">\n<tbody>\n<tr>\n<th rowspan=\"2\"><img decoding=\"async\" class=\" size-full wp-image-2364\" src=\"https:\/\/www.ceibcn.com\/wp-content\/uploads\/2017\/01\/AngelRodrigo.png\" alt=\"AngelRodrigo\" width=\"100\" height=\"100\" \/><\/th>\n<th>&nbsp;<\/th>\n<th>\n<p>Profesor titular de Derecho Internacional P\u00fablico y Relaciones Internacionales en la Universidad Pompeu Fabra (UPF).<\/p>\n<\/th>\n<\/tr>\n<\/tbody>\n<\/table>\n<p>&nbsp;<\/p>\n<p>&nbsp;<\/p>\n<p><strong style=\"font-size: 18px; color: #60b74e;\">Coordinadoci\u00f3n ejecutiva<\/strong><\/p>\n<p>&nbsp;<\/p>\n<p><strong>Dr. Andrea Noferini<\/strong>&nbsp;&nbsp;&nbsp;&nbsp;&nbsp;&nbsp;<\/p>\n<table class=\"egt\">\n<tbody>\n<tr>\n<th rowspan=\"2\"><img decoding=\"async\" class=\" size-full wp-image-2367\" src=\"https:\/\/www.ceibcn.com\/wp-content\/uploads\/2017\/01\/ANoferini.jpg\" alt=\"Andrea Noferini\" width=\"110\" height=\"110\" \/><\/th>\n<th>&nbsp;<\/th>\n<th>\n<p>Profesor del CEI International Affairs&nbsp;y profesor asociado de la Universitat Pompeu Fabra (UPF).<\/p>\n<\/th>\n<\/tr>\n<\/tbody>\n<\/table>\n<p>&nbsp;<\/p>\n<p>&nbsp;<\/p>\n<p>&nbsp;<\/p>\n<p><strong style=\"font-size: 18px; color: #60b74e;\">Profesorado coordinador<br \/><\/strong><\/p>\n<p>&nbsp;<\/p>\n<p>Adem\u00e1s del profesorado propio del CEI, las clases tambi\u00e9n las coordinan e imparten otros profesores universitarios de reconocido prestigio en su especialidad, as\u00ed como otros profesionales destacados, tanto del sector p\u00fablico como del \u00e1mbito privado.<\/p>\n<p>&nbsp;<\/p>\n<p><strong>\u00c1ngel J. Rodrigo<\/strong><\/p>\n<p>&nbsp;<\/p>\n<table class=\"egt\">\n<tbody>\n<tr>\n<th rowspan=\"2\"><img decoding=\"async\" class=\" size-full wp-image-2364\" src=\"https:\/\/www.ceibcn.com\/wp-content\/uploads\/2017\/01\/AngelRodrigo.png\" alt=\"AngelRodrigo\" width=\"150\" height=\"150\" \/><\/th>\n<th>&nbsp;<\/th>\n<th>\n<p>Profesor titular de Derecho Internacional P\u00fablico y Relaciones Internacionales en la Universidad Pompeu Fabra (UPF) de Barcelona. Master en Derecho Comparado en la Universidad Aut\u00f3noma de Barcelona. Doctor en Derecho por la UPF. Ha impartido docencia sobre el desarrollo sostenible en el Institut des Hautes Etudes Internationales de la Universit\u00e9 Panth\u00e9on-Assas (Paris II). Autor, entre otras publicaciones, de <em>El desaf\u00edo del desarrollo sostenible. Los principios de Derecho internacional relativos al desarrollo sostenible<\/em>; Compendio de Derecho Internacional P\u00fablico; Unidad y Pluralismo en Derecho Internacional y en la Comunidad internacional; Los l\u00edmites del proyecto imperial; El imperio inviable.<\/p>\n<\/th>\n<td>&nbsp;<\/td>\n<td>&nbsp;<\/td>\n<\/tr>\n<\/tbody>\n<\/table>\n<p>&nbsp;<\/p>\n<p>&nbsp;<\/p>\n<p><strong>Ana G. Juanatey<\/strong><\/p>\n<p>&nbsp;<\/p>\n<table class=\"egt\">\n<tbody>\n<tr>\n<th rowspan=\"2\"><img loading=\"lazy\" decoding=\"async\" class=\" size-full wp-image-2370\" src=\"https:\/\/www.ceibcn.com\/wp-content\/uploads\/2017\/01\/AnaGJuanatey.png\" alt=\"AnaGJuanatey\" width=\"150\" height=\"150\" \/><\/th>\n<th>&nbsp;<\/th>\n<th>\n<p>Doctora en Derecho Internacional P\u00fablico, profesora del CEI International Affairs.&nbsp;Tiene un Doctorado en Derecho Internacional P\u00fablico (UPF, 2016), con una tesis que estudia las relaciones entre el desarrollo sostenible y el derecho humano a la alimentaci\u00f3n. Fue investigadora visitante en la&nbsp;Organizaci\u00f3n de las Naciones Unidas para la Alimentaci\u00f3n y la Agricultura (<a href=\"http:\/\/www.fao.org\/home\/es\/\" target=\"_blank\" rel=\"noopener\">FAO<\/a>, 2015).<\/p>\n<p>Ha trabajado en el Institut de Drets Humans de Catalunya, la&nbsp;Agencia Europea de Derechos Fundamentales&nbsp;y ha realizado trabajos de consultor\u00eda para el&nbsp;<a href=\"https:\/\/www.bancomundial.org\/\" target=\"_blank\" rel=\"noopener\">Banco Mundial<\/a>&nbsp;y el Ayuntamiento de Barcelona, entre otros.<\/p>\n<p>Es miembro de la Red Global para el Estudio de los Derechos Humanos y el Medio Ambiente (GNHRE); y&nbsp; coordina un proyecto financiado por el programa Planetary Wellbeing de la UPF que explora el potencial de las narrativas basadas en los derechos humanos para una acci\u00f3n clim\u00e1tica urgente.<\/p>\n<\/th>\n<\/tr>\n<\/tbody>\n<\/table>\n<p>&nbsp;<\/p>\n<p>&nbsp;<\/p>\n<p><strong>Andrea Noferini<\/strong><\/p>\n<p>&nbsp;<\/p>\n<table class=\"egt\">\n<tbody>\n<tr>\n<th><img loading=\"lazy\" decoding=\"async\" class=\" size-full wp-image-2367\" src=\"https:\/\/www.ceibcn.com\/wp-content\/uploads\/2017\/01\/ANoferini.jpg\" alt=\"Andrea Noferini\" width=\"150\" height=\"150\" \/><\/th>\n<th>&nbsp;<\/th>\n<th>\n<p>Andrea Noferini posee un doctorado en Pol\u00edtica y Econom\u00eda de los Pa\u00edses en Desarrollo, Universit\u00e1 degli Studi di Firenze. Es profesor del CEI International Affairs y profesor adjunto de la Universitat Pompeu Fabra.<\/p>\n<p>Sus \u00e1reas de investigaci\u00f3n convergen en el estudio de pol\u00edticas p\u00fablicas y reformas institucionales en Europa y Am\u00e9rica Latina, abordando los mecanismos de participaci\u00f3n de las administraciones regionales y locales en la formulaci\u00f3n de pol\u00edticas de la UE, la evaluaci\u00f3n de las pol\u00edticas p\u00fablicas, la cooperaci\u00f3n territorial, la pol\u00edtica de cohesi\u00f3n, el desarrollo de capacidades institucionales y administrativas y la cooperaci\u00f3n descentralizada.<\/p>\n<\/th>\n<\/tr>\n<\/tbody>\n<\/table>\n<p>&nbsp;<\/p>\n<p>&nbsp;<\/p>\n<p><strong>Lela M\u00e9lon<br \/><\/strong><\/p>\n<p>&nbsp;<\/p>\n<table class=\"egt\">\n<tbody>\n<tr>\n<th rowspan=\"2\"><img loading=\"lazy\" decoding=\"async\" class=\" size-full wp-image-2373\" src=\"https:\/\/www.ceibcn.com\/wp-content\/uploads\/2017\/01\/LMelonNEW.jpg\" alt=\"Lela Melon CEI\" width=\"133\" height=\"133\" \/><\/th>\n<th>&nbsp;<\/th>\n<th>\n<p>Profesora universitaria y consultora especializada en derecho comercial y sostenible y derecho de la UE. Posee una licenciatura en econom\u00eda y derecho, un LL.M. de la Universidad de Maastricht y un doctorado en derecho empresarial de la Universidad de Aberdeen, con una tesis que estudia la relaci\u00f3n entre la sostenibilidad y el derecho empresarial. Da clases en ESADE y ESSEC Par\u00eds, con estrecho contacto con el mercado privado y los retos de sostenibilidad m\u00e1s all\u00e1 de la academia. Lleva a cabo el proyecto \u201cSustainable Company\u201d financiado por la UE, posee un amplio conocimiento sobre contrataci\u00f3n p\u00fablica sostenible, conducta corporativa sostenible y sostenibilidad en la educaci\u00f3n superior.<\/p>\n<\/th>\n<\/tr>\n<\/tbody>\n<\/table>\n<p>&nbsp;<\/p>\n<p>&nbsp;<\/p>\n<p><strong>Josep Llu\u00eds Mart\u00ed<\/strong><\/p>\n<p>&nbsp;<\/p>\n<table class=\"egt\">\n<tbody>\n<tr>\n<th rowspan=\"2\"><img loading=\"lazy\" decoding=\"async\" class=\" size-full wp-image-2376\" src=\"https:\/\/www.ceibcn.com\/wp-content\/uploads\/2017\/01\/JosepLluis.png\" alt=\"JosepLluis Mart\u00ed\" width=\"150\" height=\"150\" \/><\/th>\n<th>&nbsp;<\/th>\n<th>\n<p>Profesor titular y Vicerrector Departamento de Derecho, Universitat Pompeu Fabra (UPF). Direcci\u00f3n de Proyectos de Innovaci\u00f3n.<\/p>\n<\/th>\n<\/tr>\n<\/tbody>\n<\/table>\n<p>&nbsp;<\/p>\n<p>&nbsp;<\/p>\n<p>&nbsp;<\/p>\n<p><strong>Humberto Llavador<\/strong><\/p>\n<p>&nbsp;<\/p>\n<table class=\"egt\">\n<tbody>\n<tr>\n<th rowspan=\"2\"><img loading=\"lazy\" decoding=\"async\" class=\" size-full wp-image-2379\" src=\"https:\/\/www.ceibcn.com\/wp-content\/uploads\/2017\/01\/Humberto.png\" alt=\"Humberto Llavador\" width=\"150\" height=\"150\" \/><\/th>\n<th>&nbsp;<\/th>\n<th>\n<p>Profesor del Departamento de Econom\u00eda de la&nbsp;Universitat Pompeu Fabra (UPF), professor afiliado de la Barcelona Graduate School of Economics (<a href=\"https:\/\/www.barcelonagse.eu\/\" target=\"_blank\" rel=\"noopener noreferrer\">BGSE<\/a>) e investigador del&nbsp;Institute&nbsp;of Political Economy and Governance (<a href=\"http:\/\/barcelona-ipeg.eu\/\" target=\"_blank\" rel=\"noopener noreferrer\">IPEG<\/a>). Doctor en econom\u00eda por la University of California-Davis, ha sido profesor&nbsp;visitante de Yale University, el Grantham Research Institute (London School of Economics), INSEAD-Singapur y Korea University. Tambi\u00e9n ha sido miembro de la School of Social Science del Institute for Advanced Studies en&nbsp; Princeton. Su investigaci\u00f3n se centra en temas de econom\u00eda del cambio clim\u00e1tico, econom\u00eda pol\u00edtica y econom\u00eda del bienestar, con publicaciones en revistas de prestigio internacional, como el Quarterly Journal of Economics,&nbsp;the Journal of Public Economics,&nbsp;Theoretical Economics, AEJ:Microeconomics&nbsp;o&nbsp;Climatic Change. En 2012 recibi\u00f3 el Reconocimiento Jaume Vicens-Vives de la Generalitat de Catalunya a la calidad e innovaci\u00f3n docente, y en 2016 obtuvo el X Premio de la Societat Catalana d&#8217;Economia por el libro&nbsp;<em><a href=\"http:\/\/www.hup.harvard.edu\/catalog.php?isbn=9780674744097\" target=\"_blank\" rel=\"noopener noreferrer\">Sustainability for a Warming Planet<\/a> <\/em>(Harvard University Press).<\/p>\n<\/th>\n<\/tr>\n<\/tbody>\n<\/table>\n<p>&nbsp;<\/p>\n<p>&nbsp;<\/p>\n<p><strong>Carles M. Gasol<\/strong><\/p>\n<p>&nbsp;<\/p>\n<table class=\"egt\">\n<tbody>\n<tr>\n<th rowspan=\"2\"><img loading=\"lazy\" decoding=\"async\" class=\" size-full wp-image-2382\" style=\"display: block; margin-left: auto; margin-right: auto;\" src=\"https:\/\/www.ceibcn.com\/wp-content\/uploads\/2017\/01\/CarlesMGasol.png\" alt=\"CarlesMGasol\" width=\"150\" height=\"150\" \/><\/th>\n<th>&nbsp;<\/th>\n<th>\n<p>Posee estudios en Ciencias Ambientales por la Universidad de Girona (UdG). Es doctor y m\u00e1ster en Ciencia y Tecnolog\u00edas Ambientales por la Universidad Aut\u00f3noma de Barcelona (UAB). De 2010 a 2014 fue investigador vinculado al <a href=\"https:\/\/ictaweb.uab.cat\/\" target=\"_blank\" rel=\"noopener\">ICTA UAB<\/a>. Actualmente es profesor asociado del Departamento de Ingenier\u00eda Qu\u00edmica, Biol\u00f3gica y Ambiental (DEQBA) de la UAB.<\/p>\n<p>Es fundador y socio administrador de la empresa&nbsp;<a href=\"http:\/\/www.ineditinnova.com\/\" target=\"_blank\" rel=\"noopener\">In\u00e8dit<\/a> con sede social en el Parque de Investigaci\u00f3n de la UAB, dedicada al asesoramiento en econom\u00eda circular al sector privado y administraci\u00f3n. Como director de proyectos forma parte del consejo asesor en sostenibilidad de la empresa <a href=\"https:\/\/es.ametllerorigen.com\/?gclid=Cj0KCQjw-_j1BRDkARIsAJcfmTHFq6dvn73Ul5bYC9HHKtW8jpvRY-BRV2fy_vIAQBeAY6ZxT774g5caAtVTEALw_wcB\" target=\"_blank\" rel=\"noopener\">Ametller Origen<\/a>. Y recientemente es el coordinador t\u00e9cnico del comit\u00e9 de ecodise\u00f1o de CONAMA, el principal congreso de medio ambiente espa\u00f1ol.<\/p>\n<\/th>\n<\/tr>\n<\/tbody>\n<\/table>\n<p>&nbsp;<\/p>\n<p>&nbsp;<\/p>\n<p><strong>Laura Talens<\/strong><\/p>\n<p>&nbsp;<\/p>\n<table class=\"egt\">\n<tbody>\n<tr>\n<th rowspan=\"2\"><img loading=\"lazy\" decoding=\"async\" class=\" size-full wp-image-2385\" src=\"https:\/\/www.ceibcn.com\/wp-content\/uploads\/2017\/01\/LauraTalens.png\" alt=\"LauraTalens\" width=\"150\" height=\"150\" \/><\/th>\n<th>&nbsp;<\/th>\n<th>\n<p>Ingeniera qu\u00edmica por la Universitat Polit\u00e8cnica de Val\u00e8ncia (UPV) y la University of Teesside. Es doctora y m\u00e1ster en Ciencia y Tecnolog\u00edas Ambientales por la Universitat Aut\u00f2noma de Barcelona (UAB). Desde 2017 es investigadora en&nbsp;<a href=\"https:\/\/ictaweb.uab.cat\/\" target=\"_blank\" rel=\"noopener\">ICTA UAB<\/a><span class=\"tlid-translation translation\" lang=\"es\">.<\/span> En su investigaci\u00f3n utiliza metodolog\u00edas del campo de la ecolog\u00eda industrial como el an\u00e1lisis de flujos de materiales y energ\u00eda, la evaluaci\u00f3n del ciclo de vida, el an\u00e1lisis de exerg\u00eda, y el ecodise\u00f1o entre otros. Tiene un historial importante de art\u00edculos publicados en revistas indexadas, conferencias, informes t\u00e9cnicos y multitud de actividades de difusi\u00f3n. Adem\u00e1s tambi\u00e9n tiene experiencia docente en ecolog\u00eda industrial en varias universidades: UAB, UPV y Vrijeit Universiteit Brussels (V\u00dcB). En 2018, fue seleccionada como una de las entre 300 l\u00edderes en econom\u00eda circular por la fundaci\u00f3n COTEC y la Advanced Leadership Foundation (ALF).<\/p>\n<\/th>\n<\/tr>\n<\/tbody>\n<\/table>\n<p>&nbsp;<\/p>\n<p>&nbsp;<\/p>\n<p><strong>Marta Galcer\u00e1n<\/strong><\/p>\n<p>&nbsp;<\/p>\n<table class=\"egt\">\n<tbody>\n<tr>\n<th rowspan=\"2\"><img loading=\"lazy\" decoding=\"async\" class=\" size-full wp-image-2388\" src=\"https:\/\/www.ceibcn.com\/wp-content\/uploads\/2017\/01\/MartaG.png\" alt=\"MartaGalceran\" width=\"150\" height=\"150\" \/><\/th>\n<th>&nbsp;<\/th>\n<th>\n<p>Polit\u00f3loga, investigadora en relaciones internacionales en la Universitat Pompeu Fabra (UPF) y consultora s\u00e9nior a Anteverti, donde ha liderado proyectos por <a href=\"https:\/\/www.un.org\/ruleoflaw\/es\/un-and-the-rule-of-law\/united-nations-human-settlements-programme\/\" target=\"_blank\" rel=\"noopener\">ONU-Habitat<\/a>, la Uni\u00f3n Europea o el Banco Interamericano de Desarrollo. Actualmente es la coordinadora del programa del <a href=\"http:\/\/www.smartcityexpo.com\/en\/home\" target=\"_blank\" rel=\"noopener\">Smart City Expo World Congress.<\/a> Su investigaci\u00f3n gira en torno la diplomacia de ciudades, la gobernanza global y el desarrollo sostenible.<\/p>\n<\/th>\n<\/tr>\n<\/tbody>\n<\/table>\n<p>&nbsp;<\/p>\n<p>&nbsp;<\/p>\n<p>&nbsp;<\/p>\n<p><strong>Claudia Jim\u00e9nez<\/strong><\/p>\n<p>&nbsp;<\/p>\n<table class=\"egt\">\n<tbody>\n<tr>\n<th rowspan=\"2\"><img loading=\"lazy\" decoding=\"async\" class=\" size-full wp-image-2391\" src=\"https:\/\/www.ceibcn.com\/wp-content\/uploads\/2017\/01\/Claudia.png\" alt=\"Claudia Jimenez\" width=\"150\" height=\"150\" \/><\/th>\n<th>&nbsp;<\/th>\n<th>\n<p>Profesora titular de Derecho Internacional P\u00fablico y Relaciones Internacionales, Universidad Aut\u00f3noma de Barcelona. Investigadora principal del grupo&nbsp;<a href=\"http:\/\/www.cimcett.es\/es\/\" target=\"_blank\" rel=\"noopener\">CIMCETT<\/a> dedicado al estudio de la cooperaci\u00f3n internacional en la lucha contra la trata y el tr\u00e1fico de personas.<\/p>\n<\/th>\n<\/tr>\n<\/tbody>\n<\/table>\n<p>&nbsp;<\/p>\n<p>&nbsp;<\/p>\n<p>&nbsp;<\/p>\n<p><strong>Josep Ib\u00e1\u00f1ez<\/strong><\/p>\n<p>&nbsp;<\/p>\n<table class=\"egt\">\n<tbody>\n<tr>\n<th rowspan=\"2\"><img loading=\"lazy\" decoding=\"async\" class=\" size-full wp-image-2394\" src=\"https:\/\/www.ceibcn.com\/wp-content\/uploads\/2017\/01\/Josep_IB.png\" alt=\"Josep IBA\u00d1EZ\" width=\"150\" height=\"150\" \/><\/th>\n<th>&nbsp;<\/th>\n<th>\n<p>Profesor Titular de Relaciones Internacionales, Universidad Pompeu Fabra (UPF).<\/p>\n<\/th>\n<\/tr>\n<\/tbody>\n<\/table>\n<p>&nbsp;<\/p>\n<p>&nbsp;<\/p>\n<p><strong>Jordi Quero<br \/><\/strong><\/p>\n<table class=\"egt\">\n<tbody>\n<tr>\n<th rowspan=\"2\"><img loading=\"lazy\" decoding=\"async\" class=\" size-full wp-image-2397\" src=\"https:\/\/www.ceibcn.com\/wp-content\/uploads\/2017\/01\/quero.png\" alt=\"jordi quero\" width=\"150\" height=\"150\" \/><\/th>\n<th>&nbsp;<\/th>\n<th>\n<p>Doctor en Derecho Internacional P\u00fablico y Relaciones Internacionales (septiembre 2020), profesor del CEI International Affairs. Ha trabajado como investigador en CIDOB y como profesor en la Universitat Pompeu Fabra y el Institut Barcelona d&#8217;Estudis Internacionals. Fue investigador visitante de la Universidad Americana de Beirut. Tiene un M\u00e1ster en Historia de las Relaciones Internacionales por la London School of Economics y un M\u00e1ster en Asuntos Internacionales por la Universidad de Columbia. Sus \u00e1reas de investigaci\u00f3n incluyen las relaciones internacionales de Oriente Medio y la Teor\u00eda de Relaciones Internacionales.<\/p>\n<\/th>\n<\/tr>\n<\/tbody>\n<\/table>\n<p>&nbsp;<\/p>\n<p>&nbsp;<\/p>\n<p>&nbsp;<\/p>\n<p><strong style=\"font-size: 18px; color: #60b74e;\">Ponentes invitados<br \/><\/strong><\/p>\n<p>&nbsp;<\/p>\n<p><strong>Gonzalo Sa\u00e9nz de Miera<\/strong><\/p>\n<p>Director de Cambio Clim\u00e1tico en el \u00c1rea de Presidencia de <a href=\"https:\/\/www.iberdrola.es\/\" target=\"_blank\" rel=\"noopener\">Iberdrola<\/a>. Doctor en Econom\u00eda Aplicada por la Universidad Aut\u00f3noma de Madrid, sobresaliente \u201cCum Laude\u201d, y MSC en Pol\u00edtica Econ\u00f3mica Internacional por la Universidad de Warwick (Reino Unido). Vicepresidente institucional de la <a href=\"http:\/\/www.aeee.es\/\" target=\"_blank\" rel=\"noopener\">Asociaci\u00f3n Espa\u00f1ola para la Econom\u00eda Energ\u00e9tica<\/a> y vicepresidente del&nbsp;<a href=\"https:\/\/grupocrecimientoverde.org\/\" target=\"_blank\" rel=\"noopener\">Grupo Espa\u00f1ol para el Crecimiento Verde<\/a>.&nbsp; Desarrolla una intensa actividad docente, investigadora y divulgativa en el \u00e1mbito de la energ\u00eda y el medioambiente. Es profesor en varias universidades (Universidad Pontificia de Comillas, Universidad Antonio de Nebrija, etc.) y director del Master del Negocio Energ\u00e9tico de Enerclub. Forma parte tambi\u00e9n del Patronato de Economics for Energy, del Consejo Acad\u00e9mico del Club Espa\u00f1ol de la Energ\u00eda y del Business Council de la Agencia Internacional de la Energ\u00eda.<\/p>\n<p>&nbsp;<\/p>\n<p><strong>Laia Bonet&nbsp;<\/strong><\/p>\n<p>Teniente de Alcald\u00eda de Agenda 2030, transici\u00f3n digital, deportes, coordinaci\u00f3n territorial y metropolitana en el Ayuntamiento de Barcelona. Jurista de formaci\u00f3n y profesora de Derecho Administrativo (en la Universitat Pompeu Fabra) y Derecho de la Comunicaci\u00f3n (Blanquerna- Universitat Ramon Llull). Fue secretaria del gobierno de la Generalitat de Catalu\u00f1a en el periodo 2007-2010, y diputada en el Parlamento de Catalu\u00f1a entre 2010 y 2012, periodo en el que fue portavoz adjunta del grupo parlamentario socialista en el Parlamento de Catalu\u00f1a.<\/p>\n<p>&nbsp;<\/p>\n<p><strong>Miquel Rodr\u00edguez Planas<\/strong><\/p>\n<p>Comisionado de Agenda 2030 del Ayuntamiento de Barcelona, desde donde trabaja para dar cumplimiento en los 17 Objetivos de Desarrollo Sostenible (ODS) que ha dise\u00f1ado la ONU. Licenciado en Econom\u00eda por la Universitat Aut\u00f2noma de Barcelona. Ha realizado un M\u00e1ster en Gesti\u00f3n de la Informaci\u00f3n y el Conocimiento a las Organizaciones por la UOC y un M\u00e1ster en Gesti\u00f3n P\u00fablica de ESADE-UAB-UPF. Desde el a\u00f1o 2015 y hasta el 2019 ha estado Director de los centros de investigaci\u00f3n de Colaboraci\u00f3n P\u00fablico-Privada de la escuela de negocios IESE (PPSRC y PPP for Cities). Tambi\u00e9n ha participado en la elaboraci\u00f3n de una metodolog\u00eda de evaluaci\u00f3n de los ODS a nivel de contratos de concesiones publicas y en el an\u00e1lisis de la misma en diferentes contratos.<\/p>\n<p>&nbsp;<\/p>\n<p><strong>Joan Rieradevall Pons<\/strong><\/p>\n<p><span lang=\"ES\">Asesor cient\u00edfico del grupo Sostenipra del Instituto de Ciencia y Tecnolog\u00eda Ambiental <a href=\"https:\/\/ictaweb.uab.cat\/\" target=\"_blank\" rel=\"noopener\">ICTA UAB<\/a><span class=\"tlid-translation translation\" lang=\"es\"><\/span>. Socio de la spin off In\u00e8dit&nbsp; y promotor de la Spin Off Agricultura urbana TECTUM GARDEN. Doctor Ciencias Qu\u00edmicas (Ingenier\u00eda Qu\u00edmica), 1992 UAB. M\u00e1ster Gesti\u00f3n Gerencial, 1990 EADA. Diplomado en Ingenier\u00eda Ambiental. Ministerio Industria y Energ\u00eda y Ministerio de Universidades e Investigaci\u00f3n, 1981. Investigaci\u00f3n en el \u00e1rea de medio ambiente: Sistemas urbanos, An\u00e1lisis del ciclo de vida de productos, procesos y servicios, tratamiento de residuos, planificaci\u00f3n y gesti\u00f3n ambiental, ecodise\u00f1o y aprovechamiento energ\u00e9tico de la biomasa y ecolog\u00eda y agricultura urbana. Mas de 150 art\u00edculos indexados (H38 y m\u00e1s de 4500 citaciones). Unos 150 art\u00edculos cient\u00edficos y t\u00e9cnicos, 20 libros y cap\u00edtulos de libros en el \u00e1rea ambiental.<\/span><\/p>\n<p>&nbsp;<\/p>\n<div><strong>Constanza S\u00e1nchez Avil\u00e9s<\/strong><\/div>\n<div>Polit\u00f3loga y doctora en Derecho internacional p\u00fablico y Relaciones internacionales por la Universitat Pompeu Fabra, Barcelona. Actualmente es Directora del \u00e1rea de Leyes, Pol\u00edticas P\u00fablicas y Derechos Humanos de la <a href=\"https:\/\/www.iceers.org\/es\/\" target=\"_blank\" rel=\"noopener\">Fundaci\u00f3n ICEERS<\/a>. Ha sido investigadora y profesora de Relaciones internacionales en la Universitat Pompeu Fabra (2007-2013), investigadora visitante en la Universidad de Miami (2010) y la Universidad de San Diego (2012) e investigadora en el Observatorio Global de Pol\u00edticas de Drogas en Reino Unido (2013). Ha realizado trabajo de campo en Europa, Per\u00fa, Estados Unidos, M\u00e9xico, Colombia y la frontera M\u00e9xico- Estados Unidos. Participa asiduamente en el <a href=\"https:\/\/www.ohchr.org\/SP\/hrbodies\/hrc\/pages\/home.aspx\" target=\"_blank\" rel=\"noopener\">Consejo de Derechos Humanos de Naciones Unidas<\/a>.<\/div>\n<div>&nbsp;<\/div>\n<div>\n<p><strong>J\u00falia Gassol<\/strong><\/p>\n<p>Ingeniera industrial por la ETSEIB (UPC) y MSc en Sostenibilidad Ambiental, Econ\u00f3mica y Social, especialidad Ecolog\u00eda Industrial y Urbana, por la UAB. Trabaja como consultora en <span class=\"tlid-translation translation\" lang=\"es\"><a href=\"http:\/\/www.ineditinnova.com\/\" target=\"_blank\" rel=\"noopener\">In\u00e8dit Innovaci\u00f3<\/a> <\/span>realizando proyectos que acompa\u00f1an a las empresas e instituciones en su transici\u00f3n hacia una econom\u00eda circular a trav\u00e9s de la cuantificaci\u00f3n ambiental, el ecodise\u00f1o de productos y servicios, el an\u00e1lisis de la cadena de suministro de proveedores o los sistemas de gesti\u00f3n ambiental ISO, entre otros.<\/p>\n<p>&nbsp;<\/p>\n<p><strong>Alexis Roig<\/strong><\/p>\n<p>La experiencia de Alexis Roig abarca los campos de la diplomacia, la ciencia, la tecnolog\u00eda y las ciudades globales. CEO de SciTech DiploHub, el Centro de Diplomacia de Ciencia y Tecnolog\u00eda de Barcelona. Tambi\u00e9n es profesor en la Universidad de Shanghai para Ciencia y Tecnolog\u00eda y tiene m\u00e1s de 10 a\u00f1os de experiencia como asesor principal en diplomacia cient\u00edfica para los ministerios de Asuntos Exteriores, Ciencia, Investigaci\u00f3n y Educaci\u00f3n en Asia y Europa.&nbsp;Roig posee una maestr\u00eda en Ciencias de la Computaci\u00f3n de la Universitat Polit\u00e8cnica de Catalunya, un MBA de la Ecole de Management de Normandie y un posgrado en Diplomacia del Instituto de las Naciones Unidas para Formaci\u00f3n Profesional e Investigaciones.<\/p>\n<p>&nbsp;<\/p>\n<p><strong>Karlos Castilla<\/strong><\/p>\n<p>Abogado por la Universidad Nacional Aut\u00f3noma de M\u00e9xico, doctor en derecho por la Universitat Pompeu Fabra. Profesor de derecho constitucional, derecho internacional y derechos humanos en las universidades de Barcelona, Oberta de Catalunya y Pompeu Fabra. Investigador principal del <a href=\"https:\/\/www.idhc.org\/es\/\" target=\"_blank\" rel=\"noopener\">Institut de Drets Humans de Catalunya<\/a>.<\/p>\n<p>&nbsp;<\/p>\n<p><strong>Agust\u00ed Fern\u00e1ndez de Losada<\/strong><\/p>\n<p>Investigador senior y director del Programa Ciudades Globales de CIDOB; consultor senior especializado en gobernanza urbana y territorial, pol\u00edticas p\u00fablicas, agendas globales y cooperaci\u00f3n internacional. Es tambi\u00e9n urban adviser de Cities Alliance, experto del Programa Eurosocial+ y vicepresidente de la Fundaci\u00f3n Interarts. Durante sus 25 a\u00f1os de trayectoria profesional ha trabajado para diferentes organismos internacionales, gobiernos y otras instituciones p\u00fablicas y privadas. Fue durante a\u00f1os director de relaciones internacionales de la Diputaci\u00f3n de Barecelona, impulsor y coordinador general del Observatorio de la Cooperaci\u00f3n Descentralizada UE-AL y coordinador general de la Oficina de Coordinaci\u00f3n y Orientaci\u00f3n del Programa URBAL III de la Comisi\u00f3n Europea. Es licenciado en Derecho y M\u00e1ster en Estudios Europeos por la Universitat Aut\u00f2noma de Barcelona (UAB).&nbsp;<\/p>\n<p>&nbsp;<\/p>\n<p><strong>Raquel Alcega<\/strong><\/p>\n<p>Dirige Devex Analytics, el equipo de datos de desarrollo, que rastrea y analiza los fondos, programas y actividades de instituciones financieras, organizaciones filantr\u00f3picas y corporaciones que operan en la intersecci\u00f3n de negocios y desarrollo global. Antes de unirse a la oficina de Devex en Barcelona, trabaj\u00f3 en desarrollo de negocios en Washington, D.C., y como investigadora en Rusia y M\u00e9xico.<\/p>\n<p>&nbsp;<\/p>\n<p><strong>Miguel \u00c1ngel Elizalde<\/strong><\/p>\n<p>Doctor en Derecho Internacional P\u00fablico, profesor del CEI International Affairs. Consultor acad\u00e9mico del <a href=\"https:\/\/www.iadb.org\/es\" target=\"_blank\" rel=\"noopener\">Banco Interamericano de Desarrollo<\/a>, colaborador docente en cursos de la <a href=\"https:\/\/www.wipo.int\/portal\/es\/\" target=\"_blank\" rel=\"noopener\">Organizaci\u00f3n Mundial de la Propiedad Intelectual<\/a>.&nbsp;Autor de varios art\u00edculos y monograf\u00edas sobre las relaciones entre el Sistema Multilateral de Comercio y los Acuerdos Multilaterales sobre el Medio Ambiente, sobre inversiones extranjeras, el Derecho de los Tratados, entre otros temas especializados.<\/p>\n<p>&nbsp;<\/p>\n<p><strong><span class=\"adr\">Marie Vandendriessche<\/span>&nbsp;<\/strong><\/p>\n<p>Investigadora s\u00e9nior de EsadeGeo Center for Global Economy and Geopolitics (Barcelona\/Madrid). Su investigaci\u00f3n, que se centra en la gobernanza global y la geopol\u00edtica de la energ\u00eda y el cambio clim\u00e1tico, ha sido publicada por la Energy Security and Climate Initiative de Brookings Institution (Washington DC) y la Florence School of Regulation del European University Institute. Tiene un M\u00e1ster en Relaciones Internacionales de IBEI (Institut Barcelona d&#8217;Estudis Internacionals) y ha recibido formaci\u00f3n ejecutiva en la Academy for Global Governance de la European University Institute (Florencia). Actualmente est\u00e1 investigando sobre la gobernanza global del&nbsp;nexo entre la energ\u00eda y el cambio clim\u00e1tico en el Programa de Doctorado en Ciencia Pol\u00edtica, Pol\u00edticas P\u00fabicas y Relaciones Internacionales de la UAB.<\/p>\n<p>&nbsp;<\/p>\n<p><strong>Charles Roger<\/strong><\/p>\n<p>Profesor asistente y becario de investigaci\u00f3n Beatriu de Pin\u00f3s en IBEI. Su investigaci\u00f3n explora las transformaciones que ocurren en nuestro sistema de gobernanza global y c\u00f3mo est\u00e1n dando forma a nuestra capacidad para abordar los problemas transfronterizos. La investigaci\u00f3n de Charles se ha publicado en revistas como Global Policy, International Interactions, International Studies Quarterly y Review of International Organizations. Adem\u00e1s, ha trabajado con las Naciones Unidas y otras organizaciones en diversas funciones de consultor\u00eda, incluso como miembro del Grupo de Expertos de Alto Nivel de la ONU sobre Cambio Clim\u00e1tico, Energ\u00eda y Desarrollo Bajo en Carbono en \u00c1frica y como autor contribuyente de la Quinta Informe de evaluaci\u00f3n del Panel Intergubernamental sobre Cambio Clim\u00e1tico.<\/p>\n<\/div>\n","protected":false},"excerpt":{"rendered":"<p>Coordinador acad\u00e9mico &nbsp; Dr. \u00c1ngel J. Rodrigo &nbsp; Profesor titular de Derecho Internacional P\u00fablico y Relaciones Internacionales en la Universidad Pompeu Fabra (UPF). &nbsp; &nbsp; Coordinadoci\u00f3n ejecutiva &nbsp; Dr. Andrea Noferini&nbsp;&nbsp;&nbsp;&nbsp;&nbsp;&nbsp; &nbsp; Profesor del CEI International Affairs&nbsp;y profesor asociado de la Universitat Pompeu Fabra (UPF). &nbsp; &nbsp; &nbsp; Profesorado coordinador &nbsp; Adem\u00e1s del profesorado propio [&hellip;]<\/p>\n","protected":false},"author":6,"featured_media":2364,"comment_status":"open","ping_status":"closed","sticky":false,"template":"","format":"standard","meta":{"_acf_changed":false,"_crdt_document":"","inline_featured_image":false,"footnotes":""},"categories":[1],"tags":[],"class_list":["post-2400","post","type-post","status-publish","format-standard","has-post-thumbnail","hentry","category-sin-categoria"],"acf":[],"yoast_head":"<!-- This site is optimized with the Yoast SEO plugin v27.0 - https:\/\/yoast.com\/product\/yoast-seo-wordpress\/ -->\n<title>Direcci\u00f3n y profesorado - CEI International Affairs<\/title>\n<meta name=\"robots\" content=\"index, follow, max-snippet:-1, max-image-preview:large, max-video-preview:-1\" \/>\n<link rel=\"canonical\" href=\"https:\/\/www.ceibcn.com\/en\/2017\/01\/master-desarrollo-sostenible-direccion-profesorado\/\" \/>\n<meta property=\"og:locale\" content=\"en_US\" \/>\n<meta property=\"og:type\" content=\"article\" \/>\n<meta property=\"og:title\" content=\"Direcci\u00f3n y profesorado - CEI International Affairs\" \/>\n<meta property=\"og:description\" content=\"Coordinador acad\u00e9mico &nbsp; Dr. \u00c1ngel J. Rodrigo &nbsp; Profesor titular de Derecho Internacional P\u00fablico y Relaciones Internacionales en la Universidad Pompeu Fabra (UPF). &nbsp; &nbsp; Coordinadoci\u00f3n ejecutiva &nbsp; Dr. Andrea Noferini&nbsp;&nbsp;&nbsp;&nbsp;&nbsp;&nbsp; &nbsp; Profesor del CEI International Affairs&nbsp;y profesor asociado de la Universitat Pompeu Fabra (UPF). &nbsp; &nbsp; &nbsp; Profesorado coordinador &nbsp; Adem\u00e1s del profesorado propio [&hellip;]\" \/>\n<meta property=\"og:url\" content=\"https:\/\/www.ceibcn.com\/en\/2017\/01\/master-desarrollo-sostenible-direccion-profesorado\/\" \/>\n<meta property=\"og:site_name\" content=\"CEI International Affairs\" \/>\n<meta property=\"article:publisher\" content=\"https:\/\/www.facebook.com\/CEI.CentroDeEstudiosInternacionales\/\" \/>\n<meta property=\"article:published_time\" content=\"2017-01-18T12:35:21+00:00\" \/>\n<meta property=\"og:image\" content=\"https:\/\/www.ceibcn.com\/wp-content\/uploads\/2017\/01\/AngelRodrigo.png\" \/>\n\t<meta property=\"og:image:width\" content=\"150\" \/>\n\t<meta property=\"og:image:height\" content=\"150\" \/>\n\t<meta property=\"og:image:type\" content=\"image\/png\" \/>\n<meta name=\"author\" content=\"Cristian Romero Velasco\" \/>\n<meta name=\"twitter:card\" content=\"summary_large_image\" \/>\n<meta name=\"twitter:creator\" content=\"@CEIbcn\" \/>\n<meta name=\"twitter:site\" content=\"@CEIbcn\" \/>\n<meta name=\"twitter:label1\" content=\"Written by\" \/>\n\t<meta name=\"twitter:data1\" content=\"Cristian Romero Velasco\" \/>\n\t<meta name=\"twitter:label2\" content=\"Est. reading time\" \/>\n\t<meta name=\"twitter:data2\" content=\"14 minutes\" \/>\n<script type=\"application\/ld+json\" class=\"yoast-schema-graph\">{\"@context\":\"https:\/\/schema.org\",\"@graph\":[{\"@type\":\"Article\",\"@id\":\"https:\/\/www.ceibcn.com\/en\/2017\/01\/master-desarrollo-sostenible-direccion-profesorado\/#article\",\"isPartOf\":{\"@id\":\"https:\/\/www.ceibcn.com\/en\/2017\/01\/master-desarrollo-sostenible-direccion-profesorado\/\"},\"author\":{\"name\":\"Cristian Romero Velasco\",\"@id\":\"https:\/\/www.ceibcn.com\/en\/#\/schema\/person\/4ef9992ee2fbd3987a5e1834e5d5808d\"},\"headline\":\"Direcci\u00f3n y profesorado\",\"datePublished\":\"2017-01-18T12:35:21+00:00\",\"mainEntityOfPage\":{\"@id\":\"https:\/\/www.ceibcn.com\/en\/2017\/01\/master-desarrollo-sostenible-direccion-profesorado\/\"},\"wordCount\":2810,\"commentCount\":0,\"publisher\":{\"@id\":\"https:\/\/www.ceibcn.com\/en\/#organization\"},\"image\":{\"@id\":\"https:\/\/www.ceibcn.com\/en\/2017\/01\/master-desarrollo-sostenible-direccion-profesorado\/#primaryimage\"},\"thumbnailUrl\":\"https:\/\/www.ceibcn.com\/wp-content\/uploads\/2017\/01\/AngelRodrigo.png\",\"articleSection\":[\"Sin categor\u00eda\"],\"inLanguage\":\"en-US\",\"potentialAction\":[{\"@type\":\"CommentAction\",\"name\":\"Comment\",\"target\":[\"https:\/\/www.ceibcn.com\/en\/2017\/01\/master-desarrollo-sostenible-direccion-profesorado\/#respond\"]}]},{\"@type\":\"WebPage\",\"@id\":\"https:\/\/www.ceibcn.com\/en\/2017\/01\/master-desarrollo-sostenible-direccion-profesorado\/\",\"url\":\"https:\/\/www.ceibcn.com\/en\/2017\/01\/master-desarrollo-sostenible-direccion-profesorado\/\",\"name\":\"Direcci\u00f3n y profesorado - CEI International Affairs\",\"isPartOf\":{\"@id\":\"https:\/\/www.ceibcn.com\/en\/#website\"},\"primaryImageOfPage\":{\"@id\":\"https:\/\/www.ceibcn.com\/en\/2017\/01\/master-desarrollo-sostenible-direccion-profesorado\/#primaryimage\"},\"image\":{\"@id\":\"https:\/\/www.ceibcn.com\/en\/2017\/01\/master-desarrollo-sostenible-direccion-profesorado\/#primaryimage\"},\"thumbnailUrl\":\"https:\/\/www.ceibcn.com\/wp-content\/uploads\/2017\/01\/AngelRodrigo.png\",\"datePublished\":\"2017-01-18T12:35:21+00:00\",\"breadcrumb\":{\"@id\":\"https:\/\/www.ceibcn.com\/en\/2017\/01\/master-desarrollo-sostenible-direccion-profesorado\/#breadcrumb\"},\"inLanguage\":\"en-US\",\"potentialAction\":[{\"@type\":\"ReadAction\",\"target\":[\"https:\/\/www.ceibcn.com\/en\/2017\/01\/master-desarrollo-sostenible-direccion-profesorado\/\"]}]},{\"@type\":\"ImageObject\",\"inLanguage\":\"en-US\",\"@id\":\"https:\/\/www.ceibcn.com\/en\/2017\/01\/master-desarrollo-sostenible-direccion-profesorado\/#primaryimage\",\"url\":\"https:\/\/www.ceibcn.com\/wp-content\/uploads\/2017\/01\/AngelRodrigo.png\",\"contentUrl\":\"https:\/\/www.ceibcn.com\/wp-content\/uploads\/2017\/01\/AngelRodrigo.png\",\"width\":150,\"height\":150,\"caption\":\"AngelRodrigo\"},{\"@type\":\"BreadcrumbList\",\"@id\":\"https:\/\/www.ceibcn.com\/en\/2017\/01\/master-desarrollo-sostenible-direccion-profesorado\/#breadcrumb\",\"itemListElement\":[{\"@type\":\"ListItem\",\"position\":1,\"name\":\"Portada\",\"item\":\"https:\/\/www.ceibcn.com\/en\/\"},{\"@type\":\"ListItem\",\"position\":2,\"name\":\"Direcci\u00f3n y profesorado\"}]},{\"@type\":\"WebSite\",\"@id\":\"https:\/\/www.ceibcn.com\/en\/#website\",\"url\":\"https:\/\/www.ceibcn.com\/en\/\",\"name\":\"CEI International Affairs\",\"description\":\"CEI International Affairs\",\"publisher\":{\"@id\":\"https:\/\/www.ceibcn.com\/en\/#organization\"},\"alternateName\":\"CEI International Affairs\",\"potentialAction\":[{\"@type\":\"SearchAction\",\"target\":{\"@type\":\"EntryPoint\",\"urlTemplate\":\"https:\/\/www.ceibcn.com\/en\/?s={search_term_string}\"},\"query-input\":{\"@type\":\"PropertyValueSpecification\",\"valueRequired\":true,\"valueName\":\"search_term_string\"}}],\"inLanguage\":\"en-US\"},{\"@type\":\"Organization\",\"@id\":\"https:\/\/www.ceibcn.com\/en\/#organization\",\"name\":\"CEI International Affairs\",\"url\":\"https:\/\/www.ceibcn.com\/en\/\",\"logo\":{\"@type\":\"ImageObject\",\"inLanguage\":\"en-US\",\"@id\":\"https:\/\/www.ceibcn.com\/en\/#\/schema\/logo\/image\/\",\"url\":\"https:\/\/www.ceibcn.com\/wp-content\/uploads\/2021\/09\/CeiLogo_EscuelaDiploVectorized_vectorizedSIN_FONDO.png\",\"contentUrl\":\"https:\/\/www.ceibcn.com\/wp-content\/uploads\/2021\/09\/CeiLogo_EscuelaDiploVectorized_vectorizedSIN_FONDO.png\",\"width\":1591,\"height\":629,\"caption\":\"CEI International Affairs\"},\"image\":{\"@id\":\"https:\/\/www.ceibcn.com\/en\/#\/schema\/logo\/image\/\"},\"sameAs\":[\"https:\/\/www.facebook.com\/CEI.CentroDeEstudiosInternacionales\/\",\"https:\/\/x.com\/CEIbcn\",\"https:\/\/www.instagram.com\/cei_international\/\"]},{\"@type\":\"Person\",\"@id\":\"https:\/\/www.ceibcn.com\/en\/#\/schema\/person\/4ef9992ee2fbd3987a5e1834e5d5808d\",\"name\":\"Cristian Romero Velasco\",\"image\":{\"@type\":\"ImageObject\",\"inLanguage\":\"en-US\",\"@id\":\"https:\/\/www.ceibcn.com\/en\/#\/schema\/person\/image\/\",\"url\":\"https:\/\/secure.gravatar.com\/avatar\/d78c33ad7f1570635ae9c9cb6274fe682bd5872dfde7a5448127d7825dd90943?s=96&d=mm&r=g\",\"contentUrl\":\"https:\/\/secure.gravatar.com\/avatar\/d78c33ad7f1570635ae9c9cb6274fe682bd5872dfde7a5448127d7825dd90943?s=96&d=mm&r=g\",\"caption\":\"Cristian Romero Velasco\"},\"url\":\"https:\/\/www.ceibcn.com\/en\/author\/cristian\/\"}]}<\/script>\n<!-- \/ Yoast SEO plugin. -->","yoast_head_json":{"title":"Direcci\u00f3n y profesorado - CEI International Affairs","robots":{"index":"index","follow":"follow","max-snippet":"max-snippet:-1","max-image-preview":"max-image-preview:large","max-video-preview":"max-video-preview:-1"},"canonical":"https:\/\/www.ceibcn.com\/en\/2017\/01\/master-desarrollo-sostenible-direccion-profesorado\/","og_locale":"en_US","og_type":"article","og_title":"Direcci\u00f3n y profesorado - CEI International Affairs","og_description":"Coordinador acad\u00e9mico &nbsp; Dr. \u00c1ngel J. Rodrigo &nbsp; Profesor titular de Derecho Internacional P\u00fablico y Relaciones Internacionales en la Universidad Pompeu Fabra (UPF). &nbsp; &nbsp; Coordinadoci\u00f3n ejecutiva &nbsp; Dr. Andrea Noferini&nbsp;&nbsp;&nbsp;&nbsp;&nbsp;&nbsp; &nbsp; Profesor del CEI International Affairs&nbsp;y profesor asociado de la Universitat Pompeu Fabra (UPF). &nbsp; &nbsp; &nbsp; Profesorado coordinador &nbsp; Adem\u00e1s del profesorado propio [&hellip;]","og_url":"https:\/\/www.ceibcn.com\/en\/2017\/01\/master-desarrollo-sostenible-direccion-profesorado\/","og_site_name":"CEI International Affairs","article_publisher":"https:\/\/www.facebook.com\/CEI.CentroDeEstudiosInternacionales\/","article_published_time":"2017-01-18T12:35:21+00:00","og_image":[{"width":150,"height":150,"url":"https:\/\/www.ceibcn.com\/wp-content\/uploads\/2017\/01\/AngelRodrigo.png","type":"image\/png"}],"author":"Cristian Romero Velasco","twitter_card":"summary_large_image","twitter_creator":"@CEIbcn","twitter_site":"@CEIbcn","twitter_misc":{"Written by":"Cristian Romero Velasco","Est. reading time":"14 minutes"},"schema":{"@context":"https:\/\/schema.org","@graph":[{"@type":"Article","@id":"https:\/\/www.ceibcn.com\/en\/2017\/01\/master-desarrollo-sostenible-direccion-profesorado\/#article","isPartOf":{"@id":"https:\/\/www.ceibcn.com\/en\/2017\/01\/master-desarrollo-sostenible-direccion-profesorado\/"},"author":{"name":"Cristian Romero Velasco","@id":"https:\/\/www.ceibcn.com\/en\/#\/schema\/person\/4ef9992ee2fbd3987a5e1834e5d5808d"},"headline":"Direcci\u00f3n y profesorado","datePublished":"2017-01-18T12:35:21+00:00","mainEntityOfPage":{"@id":"https:\/\/www.ceibcn.com\/en\/2017\/01\/master-desarrollo-sostenible-direccion-profesorado\/"},"wordCount":2810,"commentCount":0,"publisher":{"@id":"https:\/\/www.ceibcn.com\/en\/#organization"},"image":{"@id":"https:\/\/www.ceibcn.com\/en\/2017\/01\/master-desarrollo-sostenible-direccion-profesorado\/#primaryimage"},"thumbnailUrl":"https:\/\/www.ceibcn.com\/wp-content\/uploads\/2017\/01\/AngelRodrigo.png","articleSection":["Sin categor\u00eda"],"inLanguage":"en-US","potentialAction":[{"@type":"CommentAction","name":"Comment","target":["https:\/\/www.ceibcn.com\/en\/2017\/01\/master-desarrollo-sostenible-direccion-profesorado\/#respond"]}]},{"@type":"WebPage","@id":"https:\/\/www.ceibcn.com\/en\/2017\/01\/master-desarrollo-sostenible-direccion-profesorado\/","url":"https:\/\/www.ceibcn.com\/en\/2017\/01\/master-desarrollo-sostenible-direccion-profesorado\/","name":"Direcci\u00f3n y profesorado - CEI International Affairs","isPartOf":{"@id":"https:\/\/www.ceibcn.com\/en\/#website"},"primaryImageOfPage":{"@id":"https:\/\/www.ceibcn.com\/en\/2017\/01\/master-desarrollo-sostenible-direccion-profesorado\/#primaryimage"},"image":{"@id":"https:\/\/www.ceibcn.com\/en\/2017\/01\/master-desarrollo-sostenible-direccion-profesorado\/#primaryimage"},"thumbnailUrl":"https:\/\/www.ceibcn.com\/wp-content\/uploads\/2017\/01\/AngelRodrigo.png","datePublished":"2017-01-18T12:35:21+00:00","breadcrumb":{"@id":"https:\/\/www.ceibcn.com\/en\/2017\/01\/master-desarrollo-sostenible-direccion-profesorado\/#breadcrumb"},"inLanguage":"en-US","potentialAction":[{"@type":"ReadAction","target":["https:\/\/www.ceibcn.com\/en\/2017\/01\/master-desarrollo-sostenible-direccion-profesorado\/"]}]},{"@type":"ImageObject","inLanguage":"en-US","@id":"https:\/\/www.ceibcn.com\/en\/2017\/01\/master-desarrollo-sostenible-direccion-profesorado\/#primaryimage","url":"https:\/\/www.ceibcn.com\/wp-content\/uploads\/2017\/01\/AngelRodrigo.png","contentUrl":"https:\/\/www.ceibcn.com\/wp-content\/uploads\/2017\/01\/AngelRodrigo.png","width":150,"height":150,"caption":"AngelRodrigo"},{"@type":"BreadcrumbList","@id":"https:\/\/www.ceibcn.com\/en\/2017\/01\/master-desarrollo-sostenible-direccion-profesorado\/#breadcrumb","itemListElement":[{"@type":"ListItem","position":1,"name":"Portada","item":"https:\/\/www.ceibcn.com\/en\/"},{"@type":"ListItem","position":2,"name":"Direcci\u00f3n y profesorado"}]},{"@type":"WebSite","@id":"https:\/\/www.ceibcn.com\/en\/#website","url":"https:\/\/www.ceibcn.com\/en\/","name":"CEI International Affairs","description":"CEI International Affairs","publisher":{"@id":"https:\/\/www.ceibcn.com\/en\/#organization"},"alternateName":"CEI International Affairs","potentialAction":[{"@type":"SearchAction","target":{"@type":"EntryPoint","urlTemplate":"https:\/\/www.ceibcn.com\/en\/?s={search_term_string}"},"query-input":{"@type":"PropertyValueSpecification","valueRequired":true,"valueName":"search_term_string"}}],"inLanguage":"en-US"},{"@type":"Organization","@id":"https:\/\/www.ceibcn.com\/en\/#organization","name":"CEI International Affairs","url":"https:\/\/www.ceibcn.com\/en\/","logo":{"@type":"ImageObject","inLanguage":"en-US","@id":"https:\/\/www.ceibcn.com\/en\/#\/schema\/logo\/image\/","url":"https:\/\/www.ceibcn.com\/wp-content\/uploads\/2021\/09\/CeiLogo_EscuelaDiploVectorized_vectorizedSIN_FONDO.png","contentUrl":"https:\/\/www.ceibcn.com\/wp-content\/uploads\/2021\/09\/CeiLogo_EscuelaDiploVectorized_vectorizedSIN_FONDO.png","width":1591,"height":629,"caption":"CEI International Affairs"},"image":{"@id":"https:\/\/www.ceibcn.com\/en\/#\/schema\/logo\/image\/"},"sameAs":["https:\/\/www.facebook.com\/CEI.CentroDeEstudiosInternacionales\/","https:\/\/x.com\/CEIbcn","https:\/\/www.instagram.com\/cei_international\/"]},{"@type":"Person","@id":"https:\/\/www.ceibcn.com\/en\/#\/schema\/person\/4ef9992ee2fbd3987a5e1834e5d5808d","name":"Cristian Romero Velasco","image":{"@type":"ImageObject","inLanguage":"en-US","@id":"https:\/\/www.ceibcn.com\/en\/#\/schema\/person\/image\/","url":"https:\/\/secure.gravatar.com\/avatar\/d78c33ad7f1570635ae9c9cb6274fe682bd5872dfde7a5448127d7825dd90943?s=96&d=mm&r=g","contentUrl":"https:\/\/secure.gravatar.com\/avatar\/d78c33ad7f1570635ae9c9cb6274fe682bd5872dfde7a5448127d7825dd90943?s=96&d=mm&r=g","caption":"Cristian Romero Velasco"},"url":"https:\/\/www.ceibcn.com\/en\/author\/cristian\/"}]}},"_links":{"self":[{"href":"https:\/\/www.ceibcn.com\/en\/wp-json\/wp\/v2\/posts\/2400","targetHints":{"allow":["GET"]}}],"collection":[{"href":"https:\/\/www.ceibcn.com\/en\/wp-json\/wp\/v2\/posts"}],"about":[{"href":"https:\/\/www.ceibcn.com\/en\/wp-json\/wp\/v2\/types\/post"}],"author":[{"embeddable":true,"href":"https:\/\/www.ceibcn.com\/en\/wp-json\/wp\/v2\/users\/6"}],"replies":[{"embeddable":true,"href":"https:\/\/www.ceibcn.com\/en\/wp-json\/wp\/v2\/comments?post=2400"}],"version-history":[{"count":0,"href":"https:\/\/www.ceibcn.com\/en\/wp-json\/wp\/v2\/posts\/2400\/revisions"}],"wp:featuredmedia":[{"embeddable":true,"href":"https:\/\/www.ceibcn.com\/en\/wp-json\/wp\/v2\/media\/2364"}],"wp:attachment":[{"href":"https:\/\/www.ceibcn.com\/en\/wp-json\/wp\/v2\/media?parent=2400"}],"wp:term":[{"taxonomy":"category","embeddable":true,"href":"https:\/\/www.ceibcn.com\/en\/wp-json\/wp\/v2\/categories?post=2400"},{"taxonomy":"post_tag","embeddable":true,"href":"https:\/\/www.ceibcn.com\/en\/wp-json\/wp\/v2\/tags?post=2400"}],"curies":[{"name":"wp","href":"https:\/\/api.w.org\/{rel}","templated":true}]}}