{"id":2430,"date":"2017-01-18T15:21:53","date_gmt":"2017-01-18T15:21:53","guid":{"rendered":"https:\/\/www.ceibcn.com\/2017\/01\/presentacio-mds\/"},"modified":"2017-01-18T15:21:53","modified_gmt":"2017-01-18T15:21:53","slug":"presentacio-mds","status":"publish","type":"post","link":"https:\/\/www.ceibcn.com\/en\/2017\/01\/presentacio-mds\/","title":{"rendered":"Presentaci\u00f3"},"content":{"rendered":"<p><strong style=\"font-size: 18px; color: #60b74e;\">Per qu\u00e8 formar-se en Desenvolupament Sostenible?<\/strong><\/p>\n<p>&nbsp;<\/p>\n<p>L&#8217;objectiu principal del <strong>M\u00e0ster propi<\/strong> \u00e9s aconseguir una formaci\u00f3 especialitzada de postgrau de car\u00e0cter professional i altament qualificat en el desenvolupament sostenible i l&#8217;Agenda 2030.<\/p>\n<p>El desenvolupament sostenible, com va afirmar el secretari general de les Nacions Unides, \u00e9s el gran desafiament del nostre temps. S&#8217;ha convertit en un dels prop\u00f2sits de les Nacions Unides i la comunitat internacional ha adoptat la pol\u00edtica p\u00fablica global sobre <strong>el desenvolupament sostenible a trav\u00e9s de l&#8217;Agenda 2030, el tret m\u00e9s visible de la qual s\u00f3n els 17 Objectius de Desenvolupament Sostenible (OD<\/strong>S) . El repte ara consisteix a portar a la pr\u00e0ctica a tots nivells els objectius, les metes i les mesures de l&#8217;Agenda 2030.<\/p>\n<p>&nbsp;<\/p>\n<p><iframe title=\"YouTube video player\" src=\"https:\/\/www.youtube.com\/embed\/MNPwNs3sbwU\" width=\"560\" height=\"315\" frameborder=\"0\" allowfullscreen=\"allowfullscreen\" allow=\"accelerometer; autoplay; clipboard-write; encrypted-media; gyroscope; picture-in-picture\"><\/iframe><\/p>\n<p>Aquest m\u00e0ster dona a con\u00e8ixer en profunditat l&#8217;Agenda 2030 i sobretot ajuda els diferents actors implicats a posar-la en pr\u00e0ctica. Per aix\u00f2, el M\u00e0ster t\u00e9 un enfocament multidisciplinari que contribueix a integrar i ponderar les dimensions econ\u00f2mica, social i ambiental del desenvolupament sostenible.<\/p>\n<p>Apel\u00b7lem als mateixos principis que inspiren els ODS per resoldre la crisi sanit\u00e0ria. De la mateixa manera, els ensenyaments i moltes de les innovacions, tant tecnol\u00f2giques com socials, necess\u00e0ries per superar la pand\u00e8mia ens serviran per aconseguir els ODS.<\/p>\n<p>El M\u00e0ster Semipresencial en Desenvolupament Sostenible (amb titulaci\u00f3 de la Universitat de Barcelona) pret\u00e9n donar a con\u00e8ixer en profunditat l&#8217;Agenda 2030 i, sobretot, ajudar els diferents actors concernits a posar-la en pr\u00e0ctica. Mitjan\u00e7ant un enfocament interdisciplinari es contribuir\u00e0 a integrar i ponderar les dimensions econ\u00f2mica, social i ambiental del desenvolupament sostenible.<\/p>\n<p>A m\u00e9s, s&#8217;abordar\u00e0 la crisi global, tant sanit\u00e0ria com econ\u00f2mica i diplom\u00e0tica causada pel COVID-19, tractant l&#8217;impacte de la pand\u00e8mia en els diferents \u00e0mbits d&#8217;an\u00e0lisi per facilitar a l&#8217;alumnat la comprensi\u00f3 de les conseq\u00fc\u00e8ncies d&#8217;aquesta crisi i les mesures que es estan adoptant per fer-hi front.<\/p>\n<p>&nbsp;<\/p>\n<p><img fetchpriority=\"high\" decoding=\"async\" class=\" size-full wp-image-2421\" style=\"display: block; margin-left: auto; margin-right: auto;\" src=\"https:\/\/www.ceibcn.com\/wp-content\/uploads\/2017\/01\/Cat_ODS_vert.png\" alt=\"Cat ODS \" width=\"261\" height=\"527\" srcset=\"https:\/\/www.ceibcn.com\/wp-content\/uploads\/2017\/01\/Cat_ODS_vert.png 261w, https:\/\/www.ceibcn.com\/wp-content\/uploads\/2017\/01\/Cat_ODS_vert-149x300.png 149w, https:\/\/www.ceibcn.com\/wp-content\/uploads\/2017\/01\/Cat_ODS_vert-74x150.png 74w\" sizes=\"(max-width: 261px) 100vw, 261px\" \/><\/p>\n<p>&nbsp;<\/p>\n<p>&nbsp;<\/p>\n<p><strong style=\"font-size: 18px; color: #60b74e;\">Qu\u00e8 t&#8217;ofereix aquest M\u00e0ster en Desenvolupament Sostenible?&nbsp;<\/strong><\/p>\n<p>&nbsp;<\/p>\n<ul>\n<li>Con\u00e8ixer el programa que inspira les pol\u00edtiques de progr\u00e9s al segle XXI:<\/li>\n<\/ul>\n<p><img decoding=\"async\" class=\" size-full wp-image-2424\" style=\"display: block; margin-left: auto; margin-right: auto;\" src=\"https:\/\/www.ceibcn.com\/wp-content\/uploads\/2017\/01\/Int_MDS1_CAT.png\" alt=\"Int MDS1 CAT\" width=\"403\" height=\"403\" srcset=\"https:\/\/www.ceibcn.com\/wp-content\/uploads\/2017\/01\/Int_MDS1_CAT.png 403w, https:\/\/www.ceibcn.com\/wp-content\/uploads\/2017\/01\/Int_MDS1_CAT-300x300.png 300w, https:\/\/www.ceibcn.com\/wp-content\/uploads\/2017\/01\/Int_MDS1_CAT-150x150.png 150w\" sizes=\"(max-width: 403px) 100vw, 403px\" \/><\/p>\n<p>&nbsp;<\/p>\n<p>&nbsp;<\/p>\n<ul>\n<li>Descobrir l&#8217;impacte del Desenvolupament Sostenible a les Relacions Internacionals:<\/li>\n<\/ul>\n<p><img decoding=\"async\" class=\" size-full wp-image-2427\" style=\"display: block; margin-left: auto; margin-right: auto;\" src=\"https:\/\/www.ceibcn.com\/wp-content\/uploads\/2017\/01\/Int_MDS2_CAT.png\" alt=\"Int MDS2 CAT\" width=\"403\" height=\"403\" srcset=\"https:\/\/www.ceibcn.com\/wp-content\/uploads\/2017\/01\/Int_MDS2_CAT.png 403w, https:\/\/www.ceibcn.com\/wp-content\/uploads\/2017\/01\/Int_MDS2_CAT-300x300.png 300w, https:\/\/www.ceibcn.com\/wp-content\/uploads\/2017\/01\/Int_MDS2_CAT-150x150.png 150w\" sizes=\"(max-width: 403px) 100vw, 403px\" \/><\/p>\n<p>&nbsp;<\/p>\n<p><strong style=\"font-size: 18px; color: #60b74e;\">Objectius <br \/><\/strong><\/p>\n<p>&nbsp;<\/p>\n<ul>\n<li>Recon\u00e8ixer la interdepend\u00e8ncia m\u00fatua entre els&nbsp;<strong>objectius socials, ambientals i econ\u00f2mics de l&#8217;agenda dels ODS<\/strong>, aix\u00ed com la necessitat d&#8217;equilibrar-los i ponderar-los. Comprendre les vies d&#8217;implementaci\u00f3 dels ODS, aix\u00ed com els seus principals desafiaments.<\/li>\n<\/ul>\n<ul>\n<li>Entendre la necessitat d&#8217;<strong>aliances<\/strong>&nbsp;i el paper que exerceixen els diferents actors involucrats en l&#8217;Agenda de Desenvolupament 2030.<\/li>\n<\/ul>\n<ul>\n<li>Proporcionar les habilitats pr\u00e0ctiques necess\u00e0ries per a<strong>&nbsp;aconseguir la transici\u00f3 cap a la sostenibilitat<\/strong>, incloent el pensament sist\u00e8mic i interdisciplinari i les eines de mesurament i avaluaci\u00f3 de pol\u00edtiques p\u00fabliques.<\/li>\n<\/ul>\n<p>&nbsp;<\/p>\n<p>&nbsp;<\/p>\n<p><strong style=\"font-size: 18px; color: #60b74e;\">Sortides professionals<\/strong><\/p>\n<p>&nbsp;<\/p>\n<p>Pel seu&nbsp;<strong>enfocament interdisciplinari i orientaci\u00f3 pr\u00e0ctica<\/strong>, aquest M\u00e0ster prepara als seus alumnes per a una gran varietat de llocs de feina com els que es detallen a continuaci\u00f3:<\/p>\n<ul>\n<li><strong>Empresa privada:<\/strong>&nbsp;Responsable de departaments relacionats amb sostenibilitat en empreses, tant de car\u00e0cter nacional com internacional.<\/li>\n<\/ul>\n<ul>\n<li><strong>Administraci\u00f3 p\u00fablica:<\/strong>&nbsp;Posicions a l&#8217;administraci\u00f3, amb responsabilitat directa en alguns dels aspectes de l&#8217;Agenda 2030 i dels ODS (Generalitat de Catalunya, Diputacions, els Ajuntaments i altres).<\/li>\n<\/ul>\n<ul>\n<li><strong>Organitzacions Internacionals:&nbsp;<\/strong>Diplom\u00e0tics, funcionaris internacionals i treballadors d&#8217;organitzacions internacionals.<\/li>\n<\/ul>\n<ul>\n<li><strong>Organitzacions no governamentals:&nbsp;<\/strong>Posicions a ONGs, tant de l&#8217;\u00e0mbit de la cooperaci\u00f3 al desenvolupament, com les ambientals o les centrades en la protecci\u00f3 dels drets humans.<\/li>\n<\/ul>\n<p>&nbsp;<\/p>\n<p>&nbsp;<\/p>\n<p>&nbsp;<\/p>\n<p><!--\n\n<p><strong style=\"font-size: 18px; color: #60b74e;\">Amb quin professorat et formar\u00e0s? <br \/><\/strong><\/p>\n\n\n\n\n<p>&nbsp;<\/p>\n\n\n\n\n<p><img loading=\"lazy\" decoding=\"async\" class=\" size-full wp-image-2325\" style=\"display: block; margin-left: auto; margin-right: auto;\" src=\"https:\/\/www.ceibcn.com\/wp-content\/uploads\/2017\/01\/Prof_MDS2122.png\" alt=\"Prof MDS2122\" width=\"560\" height=\"377\" srcset=\"https:\/\/www.ceibcn.com\/wp-content\/uploads\/2017\/01\/Prof_MDS2122.png 705w, https:\/\/www.ceibcn.com\/wp-content\/uploads\/2017\/01\/Prof_MDS2122-300x202.png 300w, https:\/\/www.ceibcn.com\/wp-content\/uploads\/2017\/01\/Prof_MDS2122-150x101.png 150w\" sizes=\"(max-width: 560px) 100vw, 560px\" \/><\/p>\n\n\n\n\n<div id=\"gtx-trans\" style=\"position: absolute; left: 918px; top: 3543.71px;\">\n\n\n<div class=\"gtx-trans-icon\">&nbsp;<\/div>\n\n\n<\/div>\n\n--><\/p>\n","protected":false},"excerpt":{"rendered":"<p>Per qu\u00e8 formar-se en Desenvolupament Sostenible? &nbsp; L&#8217;objectiu principal del M\u00e0ster propi \u00e9s aconseguir una formaci\u00f3 especialitzada de postgrau de car\u00e0cter professional i altament qualificat en el desenvolupament sostenible i l&#8217;Agenda 2030. El desenvolupament sostenible, com va afirmar el secretari general de les Nacions Unides, \u00e9s el gran desafiament del nostre temps. S&#8217;ha convertit en [&hellip;]<\/p>\n","protected":false},"author":6,"featured_media":2421,"comment_status":"open","ping_status":"closed","sticky":false,"template":"","format":"standard","meta":{"_acf_changed":false,"_crdt_document":"","inline_featured_image":false,"footnotes":""},"categories":[1],"tags":[],"class_list":["post-2430","post","type-post","status-publish","format-standard","has-post-thumbnail","hentry","category-sin-categoria"],"acf":[],"yoast_head":"<!-- This site is optimized with the Yoast SEO plugin v27.0 - https:\/\/yoast.com\/product\/yoast-seo-wordpress\/ -->\n<title>Presentaci\u00f3 - CEI International Affairs<\/title>\n<meta name=\"robots\" content=\"index, follow, max-snippet:-1, max-image-preview:large, max-video-preview:-1\" \/>\n<link rel=\"canonical\" href=\"https:\/\/www.ceibcn.com\/en\/2017\/01\/presentacio-mds\/\" \/>\n<meta property=\"og:locale\" content=\"en_US\" \/>\n<meta property=\"og:type\" content=\"article\" \/>\n<meta property=\"og:title\" content=\"Presentaci\u00f3 - CEI International Affairs\" \/>\n<meta property=\"og:description\" content=\"Per qu\u00e8 formar-se en Desenvolupament Sostenible? &nbsp; L&#8217;objectiu principal del M\u00e0ster propi \u00e9s aconseguir una formaci\u00f3 especialitzada de postgrau de car\u00e0cter professional i altament qualificat en el desenvolupament sostenible i l&#8217;Agenda 2030. El desenvolupament sostenible, com va afirmar el secretari general de les Nacions Unides, \u00e9s el gran desafiament del nostre temps. S&#8217;ha convertit en [&hellip;]\" \/>\n<meta property=\"og:url\" content=\"https:\/\/www.ceibcn.com\/en\/2017\/01\/presentacio-mds\/\" \/>\n<meta property=\"og:site_name\" content=\"CEI International Affairs\" \/>\n<meta property=\"article:publisher\" content=\"https:\/\/www.facebook.com\/CEI.CentroDeEstudiosInternacionales\/\" \/>\n<meta property=\"article:published_time\" content=\"2017-01-18T15:21:53+00:00\" \/>\n<meta property=\"og:image\" content=\"https:\/\/www.ceibcn.com\/wp-content\/uploads\/2017\/01\/Cat_ODS_vert.png\" \/>\n\t<meta property=\"og:image:width\" content=\"261\" \/>\n\t<meta property=\"og:image:height\" content=\"527\" \/>\n\t<meta property=\"og:image:type\" content=\"image\/png\" \/>\n<meta name=\"author\" content=\"Cristian Romero Velasco\" \/>\n<meta name=\"twitter:card\" content=\"summary_large_image\" \/>\n<meta name=\"twitter:creator\" content=\"@CEIbcn\" \/>\n<meta name=\"twitter:site\" content=\"@CEIbcn\" \/>\n<meta name=\"twitter:label1\" content=\"Written by\" \/>\n\t<meta name=\"twitter:data1\" content=\"Cristian Romero Velasco\" \/>\n\t<meta name=\"twitter:label2\" content=\"Est. reading time\" \/>\n\t<meta name=\"twitter:data2\" content=\"3 minutes\" \/>\n<script type=\"application\/ld+json\" class=\"yoast-schema-graph\">{\"@context\":\"https:\/\/schema.org\",\"@graph\":[{\"@type\":\"Article\",\"@id\":\"https:\/\/www.ceibcn.com\/en\/2017\/01\/presentacio-mds\/#article\",\"isPartOf\":{\"@id\":\"https:\/\/www.ceibcn.com\/en\/2017\/01\/presentacio-mds\/\"},\"author\":{\"name\":\"Cristian Romero Velasco\",\"@id\":\"https:\/\/www.ceibcn.com\/en\/#\/schema\/person\/4ef9992ee2fbd3987a5e1834e5d5808d\"},\"headline\":\"Presentaci\u00f3\",\"datePublished\":\"2017-01-18T15:21:53+00:00\",\"mainEntityOfPage\":{\"@id\":\"https:\/\/www.ceibcn.com\/en\/2017\/01\/presentacio-mds\/\"},\"wordCount\":606,\"commentCount\":0,\"publisher\":{\"@id\":\"https:\/\/www.ceibcn.com\/en\/#organization\"},\"image\":{\"@id\":\"https:\/\/www.ceibcn.com\/en\/2017\/01\/presentacio-mds\/#primaryimage\"},\"thumbnailUrl\":\"https:\/\/www.ceibcn.com\/wp-content\/uploads\/2017\/01\/Cat_ODS_vert.png\",\"articleSection\":[\"Sin categor\u00eda\"],\"inLanguage\":\"en-US\",\"potentialAction\":[{\"@type\":\"CommentAction\",\"name\":\"Comment\",\"target\":[\"https:\/\/www.ceibcn.com\/en\/2017\/01\/presentacio-mds\/#respond\"]}]},{\"@type\":\"WebPage\",\"@id\":\"https:\/\/www.ceibcn.com\/en\/2017\/01\/presentacio-mds\/\",\"url\":\"https:\/\/www.ceibcn.com\/en\/2017\/01\/presentacio-mds\/\",\"name\":\"Presentaci\u00f3 - CEI International Affairs\",\"isPartOf\":{\"@id\":\"https:\/\/www.ceibcn.com\/en\/#website\"},\"primaryImageOfPage\":{\"@id\":\"https:\/\/www.ceibcn.com\/en\/2017\/01\/presentacio-mds\/#primaryimage\"},\"image\":{\"@id\":\"https:\/\/www.ceibcn.com\/en\/2017\/01\/presentacio-mds\/#primaryimage\"},\"thumbnailUrl\":\"https:\/\/www.ceibcn.com\/wp-content\/uploads\/2017\/01\/Cat_ODS_vert.png\",\"datePublished\":\"2017-01-18T15:21:53+00:00\",\"breadcrumb\":{\"@id\":\"https:\/\/www.ceibcn.com\/en\/2017\/01\/presentacio-mds\/#breadcrumb\"},\"inLanguage\":\"en-US\",\"potentialAction\":[{\"@type\":\"ReadAction\",\"target\":[\"https:\/\/www.ceibcn.com\/en\/2017\/01\/presentacio-mds\/\"]}]},{\"@type\":\"ImageObject\",\"inLanguage\":\"en-US\",\"@id\":\"https:\/\/www.ceibcn.com\/en\/2017\/01\/presentacio-mds\/#primaryimage\",\"url\":\"https:\/\/www.ceibcn.com\/wp-content\/uploads\/2017\/01\/Cat_ODS_vert.png\",\"contentUrl\":\"https:\/\/www.ceibcn.com\/wp-content\/uploads\/2017\/01\/Cat_ODS_vert.png\",\"width\":261,\"height\":527,\"caption\":\"Cat ODS\"},{\"@type\":\"BreadcrumbList\",\"@id\":\"https:\/\/www.ceibcn.com\/en\/2017\/01\/presentacio-mds\/#breadcrumb\",\"itemListElement\":[{\"@type\":\"ListItem\",\"position\":1,\"name\":\"Portada\",\"item\":\"https:\/\/www.ceibcn.com\/en\/\"},{\"@type\":\"ListItem\",\"position\":2,\"name\":\"Presentaci\u00f3\"}]},{\"@type\":\"WebSite\",\"@id\":\"https:\/\/www.ceibcn.com\/en\/#website\",\"url\":\"https:\/\/www.ceibcn.com\/en\/\",\"name\":\"CEI International Affairs\",\"description\":\"CEI International Affairs\",\"publisher\":{\"@id\":\"https:\/\/www.ceibcn.com\/en\/#organization\"},\"alternateName\":\"CEI International Affairs\",\"potentialAction\":[{\"@type\":\"SearchAction\",\"target\":{\"@type\":\"EntryPoint\",\"urlTemplate\":\"https:\/\/www.ceibcn.com\/en\/?s={search_term_string}\"},\"query-input\":{\"@type\":\"PropertyValueSpecification\",\"valueRequired\":true,\"valueName\":\"search_term_string\"}}],\"inLanguage\":\"en-US\"},{\"@type\":\"Organization\",\"@id\":\"https:\/\/www.ceibcn.com\/en\/#organization\",\"name\":\"CEI International Affairs\",\"url\":\"https:\/\/www.ceibcn.com\/en\/\",\"logo\":{\"@type\":\"ImageObject\",\"inLanguage\":\"en-US\",\"@id\":\"https:\/\/www.ceibcn.com\/en\/#\/schema\/logo\/image\/\",\"url\":\"https:\/\/www.ceibcn.com\/wp-content\/uploads\/2021\/09\/CeiLogo_EscuelaDiploVectorized_vectorizedSIN_FONDO.png\",\"contentUrl\":\"https:\/\/www.ceibcn.com\/wp-content\/uploads\/2021\/09\/CeiLogo_EscuelaDiploVectorized_vectorizedSIN_FONDO.png\",\"width\":1591,\"height\":629,\"caption\":\"CEI International Affairs\"},\"image\":{\"@id\":\"https:\/\/www.ceibcn.com\/en\/#\/schema\/logo\/image\/\"},\"sameAs\":[\"https:\/\/www.facebook.com\/CEI.CentroDeEstudiosInternacionales\/\",\"https:\/\/x.com\/CEIbcn\",\"https:\/\/www.instagram.com\/cei_international\/\"]},{\"@type\":\"Person\",\"@id\":\"https:\/\/www.ceibcn.com\/en\/#\/schema\/person\/4ef9992ee2fbd3987a5e1834e5d5808d\",\"name\":\"Cristian Romero Velasco\",\"image\":{\"@type\":\"ImageObject\",\"inLanguage\":\"en-US\",\"@id\":\"https:\/\/www.ceibcn.com\/en\/#\/schema\/person\/image\/\",\"url\":\"https:\/\/secure.gravatar.com\/avatar\/d78c33ad7f1570635ae9c9cb6274fe682bd5872dfde7a5448127d7825dd90943?s=96&d=mm&r=g\",\"contentUrl\":\"https:\/\/secure.gravatar.com\/avatar\/d78c33ad7f1570635ae9c9cb6274fe682bd5872dfde7a5448127d7825dd90943?s=96&d=mm&r=g\",\"caption\":\"Cristian Romero Velasco\"},\"url\":\"https:\/\/www.ceibcn.com\/en\/author\/cristian\/\"}]}<\/script>\n<!-- \/ Yoast SEO plugin. -->","yoast_head_json":{"title":"Presentaci\u00f3 - CEI International Affairs","robots":{"index":"index","follow":"follow","max-snippet":"max-snippet:-1","max-image-preview":"max-image-preview:large","max-video-preview":"max-video-preview:-1"},"canonical":"https:\/\/www.ceibcn.com\/en\/2017\/01\/presentacio-mds\/","og_locale":"en_US","og_type":"article","og_title":"Presentaci\u00f3 - CEI International Affairs","og_description":"Per qu\u00e8 formar-se en Desenvolupament Sostenible? &nbsp; L&#8217;objectiu principal del M\u00e0ster propi \u00e9s aconseguir una formaci\u00f3 especialitzada de postgrau de car\u00e0cter professional i altament qualificat en el desenvolupament sostenible i l&#8217;Agenda 2030. El desenvolupament sostenible, com va afirmar el secretari general de les Nacions Unides, \u00e9s el gran desafiament del nostre temps. S&#8217;ha convertit en [&hellip;]","og_url":"https:\/\/www.ceibcn.com\/en\/2017\/01\/presentacio-mds\/","og_site_name":"CEI International Affairs","article_publisher":"https:\/\/www.facebook.com\/CEI.CentroDeEstudiosInternacionales\/","article_published_time":"2017-01-18T15:21:53+00:00","og_image":[{"width":261,"height":527,"url":"https:\/\/www.ceibcn.com\/wp-content\/uploads\/2017\/01\/Cat_ODS_vert.png","type":"image\/png"}],"author":"Cristian Romero Velasco","twitter_card":"summary_large_image","twitter_creator":"@CEIbcn","twitter_site":"@CEIbcn","twitter_misc":{"Written by":"Cristian Romero Velasco","Est. reading time":"3 minutes"},"schema":{"@context":"https:\/\/schema.org","@graph":[{"@type":"Article","@id":"https:\/\/www.ceibcn.com\/en\/2017\/01\/presentacio-mds\/#article","isPartOf":{"@id":"https:\/\/www.ceibcn.com\/en\/2017\/01\/presentacio-mds\/"},"author":{"name":"Cristian Romero Velasco","@id":"https:\/\/www.ceibcn.com\/en\/#\/schema\/person\/4ef9992ee2fbd3987a5e1834e5d5808d"},"headline":"Presentaci\u00f3","datePublished":"2017-01-18T15:21:53+00:00","mainEntityOfPage":{"@id":"https:\/\/www.ceibcn.com\/en\/2017\/01\/presentacio-mds\/"},"wordCount":606,"commentCount":0,"publisher":{"@id":"https:\/\/www.ceibcn.com\/en\/#organization"},"image":{"@id":"https:\/\/www.ceibcn.com\/en\/2017\/01\/presentacio-mds\/#primaryimage"},"thumbnailUrl":"https:\/\/www.ceibcn.com\/wp-content\/uploads\/2017\/01\/Cat_ODS_vert.png","articleSection":["Sin categor\u00eda"],"inLanguage":"en-US","potentialAction":[{"@type":"CommentAction","name":"Comment","target":["https:\/\/www.ceibcn.com\/en\/2017\/01\/presentacio-mds\/#respond"]}]},{"@type":"WebPage","@id":"https:\/\/www.ceibcn.com\/en\/2017\/01\/presentacio-mds\/","url":"https:\/\/www.ceibcn.com\/en\/2017\/01\/presentacio-mds\/","name":"Presentaci\u00f3 - CEI International Affairs","isPartOf":{"@id":"https:\/\/www.ceibcn.com\/en\/#website"},"primaryImageOfPage":{"@id":"https:\/\/www.ceibcn.com\/en\/2017\/01\/presentacio-mds\/#primaryimage"},"image":{"@id":"https:\/\/www.ceibcn.com\/en\/2017\/01\/presentacio-mds\/#primaryimage"},"thumbnailUrl":"https:\/\/www.ceibcn.com\/wp-content\/uploads\/2017\/01\/Cat_ODS_vert.png","datePublished":"2017-01-18T15:21:53+00:00","breadcrumb":{"@id":"https:\/\/www.ceibcn.com\/en\/2017\/01\/presentacio-mds\/#breadcrumb"},"inLanguage":"en-US","potentialAction":[{"@type":"ReadAction","target":["https:\/\/www.ceibcn.com\/en\/2017\/01\/presentacio-mds\/"]}]},{"@type":"ImageObject","inLanguage":"en-US","@id":"https:\/\/www.ceibcn.com\/en\/2017\/01\/presentacio-mds\/#primaryimage","url":"https:\/\/www.ceibcn.com\/wp-content\/uploads\/2017\/01\/Cat_ODS_vert.png","contentUrl":"https:\/\/www.ceibcn.com\/wp-content\/uploads\/2017\/01\/Cat_ODS_vert.png","width":261,"height":527,"caption":"Cat ODS"},{"@type":"BreadcrumbList","@id":"https:\/\/www.ceibcn.com\/en\/2017\/01\/presentacio-mds\/#breadcrumb","itemListElement":[{"@type":"ListItem","position":1,"name":"Portada","item":"https:\/\/www.ceibcn.com\/en\/"},{"@type":"ListItem","position":2,"name":"Presentaci\u00f3"}]},{"@type":"WebSite","@id":"https:\/\/www.ceibcn.com\/en\/#website","url":"https:\/\/www.ceibcn.com\/en\/","name":"CEI International Affairs","description":"CEI International Affairs","publisher":{"@id":"https:\/\/www.ceibcn.com\/en\/#organization"},"alternateName":"CEI International Affairs","potentialAction":[{"@type":"SearchAction","target":{"@type":"EntryPoint","urlTemplate":"https:\/\/www.ceibcn.com\/en\/?s={search_term_string}"},"query-input":{"@type":"PropertyValueSpecification","valueRequired":true,"valueName":"search_term_string"}}],"inLanguage":"en-US"},{"@type":"Organization","@id":"https:\/\/www.ceibcn.com\/en\/#organization","name":"CEI International Affairs","url":"https:\/\/www.ceibcn.com\/en\/","logo":{"@type":"ImageObject","inLanguage":"en-US","@id":"https:\/\/www.ceibcn.com\/en\/#\/schema\/logo\/image\/","url":"https:\/\/www.ceibcn.com\/wp-content\/uploads\/2021\/09\/CeiLogo_EscuelaDiploVectorized_vectorizedSIN_FONDO.png","contentUrl":"https:\/\/www.ceibcn.com\/wp-content\/uploads\/2021\/09\/CeiLogo_EscuelaDiploVectorized_vectorizedSIN_FONDO.png","width":1591,"height":629,"caption":"CEI International Affairs"},"image":{"@id":"https:\/\/www.ceibcn.com\/en\/#\/schema\/logo\/image\/"},"sameAs":["https:\/\/www.facebook.com\/CEI.CentroDeEstudiosInternacionales\/","https:\/\/x.com\/CEIbcn","https:\/\/www.instagram.com\/cei_international\/"]},{"@type":"Person","@id":"https:\/\/www.ceibcn.com\/en\/#\/schema\/person\/4ef9992ee2fbd3987a5e1834e5d5808d","name":"Cristian Romero Velasco","image":{"@type":"ImageObject","inLanguage":"en-US","@id":"https:\/\/www.ceibcn.com\/en\/#\/schema\/person\/image\/","url":"https:\/\/secure.gravatar.com\/avatar\/d78c33ad7f1570635ae9c9cb6274fe682bd5872dfde7a5448127d7825dd90943?s=96&d=mm&r=g","contentUrl":"https:\/\/secure.gravatar.com\/avatar\/d78c33ad7f1570635ae9c9cb6274fe682bd5872dfde7a5448127d7825dd90943?s=96&d=mm&r=g","caption":"Cristian Romero Velasco"},"url":"https:\/\/www.ceibcn.com\/en\/author\/cristian\/"}]}},"_links":{"self":[{"href":"https:\/\/www.ceibcn.com\/en\/wp-json\/wp\/v2\/posts\/2430","targetHints":{"allow":["GET"]}}],"collection":[{"href":"https:\/\/www.ceibcn.com\/en\/wp-json\/wp\/v2\/posts"}],"about":[{"href":"https:\/\/www.ceibcn.com\/en\/wp-json\/wp\/v2\/types\/post"}],"author":[{"embeddable":true,"href":"https:\/\/www.ceibcn.com\/en\/wp-json\/wp\/v2\/users\/6"}],"replies":[{"embeddable":true,"href":"https:\/\/www.ceibcn.com\/en\/wp-json\/wp\/v2\/comments?post=2430"}],"version-history":[{"count":0,"href":"https:\/\/www.ceibcn.com\/en\/wp-json\/wp\/v2\/posts\/2430\/revisions"}],"wp:featuredmedia":[{"embeddable":true,"href":"https:\/\/www.ceibcn.com\/en\/wp-json\/wp\/v2\/media\/2421"}],"wp:attachment":[{"href":"https:\/\/www.ceibcn.com\/en\/wp-json\/wp\/v2\/media?parent=2430"}],"wp:term":[{"taxonomy":"category","embeddable":true,"href":"https:\/\/www.ceibcn.com\/en\/wp-json\/wp\/v2\/categories?post=2430"},{"taxonomy":"post_tag","embeddable":true,"href":"https:\/\/www.ceibcn.com\/en\/wp-json\/wp\/v2\/tags?post=2430"}],"curies":[{"name":"wp","href":"https:\/\/api.w.org\/{rel}","templated":true}]}}