{"id":2434,"date":"2017-01-18T15:23:22","date_gmt":"2017-01-18T15:23:22","guid":{"rendered":"https:\/\/www.ceibcn.com\/2017\/01\/master-desenvolupament-sostenible-programa\/"},"modified":"2017-01-18T15:23:22","modified_gmt":"2017-01-18T15:23:22","slug":"master-desenvolupament-sostenible-programa","status":"publish","type":"post","link":"https:\/\/www.ceibcn.com\/en\/2017\/01\/master-desenvolupament-sostenible-programa\/","title":{"rendered":"Programa"},"content":{"rendered":"<div class=\"page-header\">\n<p>El M\u00e0ster t\u00e9 car\u00e0cter professionalitzador i pr\u00e0ctic, per aix\u00f2 l&#8217;\u00e8mfasi es troba en l&#8217;avaluaci\u00f3 continuada i \u00e9s eminentment pr\u00e0ctic: s&#8217;imparteixen tallers i seminaris que combinen una doc\u00e8ncia te\u00f2rica, detallada i d&#8217;excel\u00b7l\u00e8ncia amb la participaci\u00f3 de l&#8217;estudiant en seminaris, exposicions orals i treballs a l&#8217;aula, entre d&#8217;altres.<\/p>\n<p><strong>Durant la segona part del curs, els estudiants podran escollir entre fer pr\u00e0ctiques acad\u00e8miques curriculars relacionades amb els continguts del M\u00e0ster o realitzar un projecte real aplicable a una empresa o instituci\u00f3 equivalent a 24 ECTS.<\/strong><\/p>\n<p>El CEI assisteix, facilita i promou la realitzaci\u00f3 de pr\u00e0ctiques acad\u00e8miques curriculars amb una durada de 3 a 6 mesos en una empresa o instituci\u00f3 despr\u00e9s d&#8217;un proc\u00e9s de selecci\u00f3 per la persona gestora de pr\u00e0ctiques i sempre sotm\u00e8s a l&#8217;acceptaci\u00f3 final per part de la instituci\u00f3 de destinaci\u00f3. Els estudiants que ho prefereixin podran fer el disseny d&#8217;un projecte real aplicable a una empresa o una instituci\u00f3 que s&#8217;haur\u00e0 de defensar davant d&#8217;un tribunal.<\/p>\n<p>El CEI acompanyar\u00e0 l&#8217;alumne en tot el proc\u00e9s mitjan\u00e7ant assessoria personalitzada i de formaci\u00f3 espec\u00edfica sobre l&#8217;elaboraci\u00f3 de CV, cartes de motivaci\u00f3 i preparaci\u00f3 d&#8217;entrevistes personals.<\/p>\n<p>En cas de no superar la part acad\u00e8mica, no hi ha possibilitat d&#8217;optar a les pr\u00e0ctiques ni al projecte real de recerca.<\/p>\n<\/div>\n<div>\n<p>&nbsp;&nbsp;<\/p>\n<p><strong style=\"font-size: 18px; color: #60b74e;\">Formaci\u00f3 Acad\u00e8mica (36 ECTS)<br \/><\/strong><\/p>\n<p>&nbsp;4 M\u00f2duls comuns obligatoris:<\/p>\n<p>&nbsp;<\/p>\n<p><strong>Marc te\u00f2ric i metodol\u00f2gic: fonaments pol\u00edtics i jur\u00eddics de l&#8217;agenda del desenvolupament sostenible (9 ECTS)<\/strong><\/p>\n<ul>\n<li>La pol\u00edtica p\u00fablica global sobre el desenvolupament sostenible (3 ECTS)\n<ul>\n<li>Consulta el&nbsp;<a href=\"https:\/\/www.ceibcn.com\/wp-content\/uploads\/2017\/01\/PD_Politica-Publica_CEI.pdf\">pla docent<\/a>&nbsp;pel curs 2022-2023.<\/li>\n<\/ul>\n<\/li>\n<\/ul>\n<p>&nbsp;<\/p>\n<ul>\n<li>El dret internacional sobre el desenvolupament sostenible (3 ECTS)\n<ul>\n<li>Consulta el <a href=\"https:\/\/www.ceibcn.com\/wp-content\/uploads\/2017\/01\/PD_Derecho-Int-Desarrollo-Sostenible_CEI.pdf\">pla docent<\/a>&nbsp;pel curs 2022-2023.<\/li>\n<\/ul>\n<\/li>\n<\/ul>\n<p>&nbsp;<\/p>\n<ul>\n<li>Skills (3 ECTS)\n<ul>\n<li>Consulta el <a href=\"https:\/\/www.ceibcn.com\/wp-content\/uploads\/2017\/01\/PD-Skills_CEI.pdf\">pla docent<\/a>&nbsp;pel curs 2022-2023.<\/li>\n<\/ul>\n<\/li>\n<\/ul>\n<p>&nbsp;<\/p>\n<p><strong>L&#8217;economia i el desenvolupament sostenible (9 ECTS)<\/strong><\/p>\n<ul>\n<li>Economia pol\u00edtica internacional (3 ECTS)\n<ul>\n<li>Consulta el <a href=\"https:\/\/www.ceibcn.com\/wp-content\/uploads\/2017\/01\/PD_Economia-politica-int_CEI.pdf\">pla docent<\/a>&nbsp;pel curs 2022-2023.<\/li>\n<\/ul>\n<\/li>\n<\/ul>\n<p>&nbsp;<\/p>\n<ul>\n<li>Introducci\u00f3 a l&#8217;economia circular (3 ECTS)\n<ul>\n<li>Consulta el&nbsp;<a href=\"https:\/\/www.ceibcn.com\/wp-content\/uploads\/2017\/01\/PD_Economia-Circular_CEI.pdf\">pla docent<\/a>&nbsp;pel curs 2022-2023.<\/li>\n<\/ul>\n<\/li>\n<\/ul>\n<p>&nbsp;<\/p>\n<ul>\n<li>Les empreses com a actors del desenvolupament sostenible (3 ECTS)\n<ul>\n<li>Consulta el <a href=\"https:\/\/www.ceibcn.com\/wp-content\/uploads\/2017\/01\/PD_Empresas_CEI.pdf\">pla docent<\/a>&nbsp;pel curs 2022-2023.<\/li>\n<\/ul>\n<\/li>\n<\/ul>\n<p>&nbsp;<\/p>\n<p>&nbsp;<\/p>\n<p><strong>Un desenvolupament sostenible inclusiu i els ODS: no deixar a ning\u00fa enrere (9 ECTS)<\/strong><\/p>\n<ul>\n<li>Aliances per al Desenvolupament Sostenible (3 ECTS)\n<ul>\n<li>Consulta el <a href=\"https:\/\/www.ceibcn.com\/wp-content\/uploads\/2017\/01\/PD_Alianzas_CEI.pdf\">pla docent<\/a> pel curs 2022-2023.<\/li>\n<\/ul>\n<\/li>\n<\/ul>\n<p>&nbsp;<\/p>\n<ul>\n<li>Drets humans i desenvolupament: el pilar social del desenvolupament sostenible (3 ECTS)\n<ul>\n<li>Consulta el <a href=\"https:\/\/www.ceibcn.com\/wp-content\/uploads\/2017\/01\/PD_Pilar-Social_CEI.pdf\">pla docent<\/a> pel curs 2022-2023.<\/li>\n<\/ul>\n<\/li>\n<\/ul>\n<p>&nbsp;<\/p>\n<ul>\n<li>La Desigualtat (3 ECTS)\n<ul>\n<li>Consulta el <a href=\"https:\/\/www.ceibcn.com\/wp-content\/uploads\/2017\/01\/PD_Desigualdad_CEI.pdf\">pla docent<\/a> pel curs 2022-2023.<\/li>\n<\/ul>\n<\/li>\n<\/ul>\n<p>&nbsp;<\/p>\n<p>&nbsp;<\/p>\n<p><strong>El canvi clim\u00e0tic i el desenvolupament sostenible (9 ECTS)<\/strong><\/p>\n<ul>\n<li>El r\u00e8gim internacional del canvi clim\u00e0tic (3 ECTS)\n<ul>\n<li>Consulta el <a href=\"https:\/\/www.ceibcn.com\/wp-content\/uploads\/2017\/01\/PD_Regimen_internacional_cambio_climatico_AR.pdf\">pla docent<\/a> pel curs 2022-2023. &nbsp;<\/li>\n<\/ul>\n<\/li>\n<\/ul>\n<p>&nbsp;<\/p>\n<ul>\n<li>L&#8217;economia del canvi clim\u00e0tic (3 ECTS)\n<ul>\n<li>Consulta el <a href=\"https:\/\/www.ceibcn.com\/wp-content\/uploads\/2017\/01\/PD_Economia-Cambio-Climatico_CEI.pdf\">pla docent<\/a> pel curs 2022-2023.<\/li>\n<\/ul>\n<\/li>\n<\/ul>\n<p>&nbsp;<\/p>\n<ul>\n<li>Just\u00edcia ambiental i clim\u00e0tica (3 ECTS)\n<ul>\n<li>Consulta el <a href=\"https:\/\/www.ceibcn.com\/wp-content\/uploads\/2017\/01\/PD_Justicia-Ambiental-Y-Climatica_CEI.pdf\">pla docent<\/a> pel curs&nbsp;2022-2023.<\/li>\n<\/ul>\n<\/li>\n<\/ul>\n<p>&nbsp;<\/p>\n<h2 style=\"margin: 15pt 0cm 7.5pt; font-family-anulat: Arial, Helvetica, sans-serif; line-height: 12pt; color: #118ec9; font-size-anulat: 14px; padding: 0px; background-image: initial; background-position: initial; background-repeat: initial; background-attachment: initial;\">&nbsp;<\/h2>\n<p><strong style=\"font-size: 18px; color: #60b74e;\">Formaci\u00f3 Pr\u00e0ctica (24 ECTS)<br \/><\/strong><\/p>\n<p>Informaci\u00f3 ampliada a l&#8217;apartat <a href=\"ca\/practiques-professionals-mds\">Pr\u00e0ctiques \/ Projecte.<\/a><\/p>\n<p>&nbsp;<\/p>\n<\/div>\n","protected":false},"excerpt":{"rendered":"<p>El M\u00e0ster t\u00e9 car\u00e0cter professionalitzador i pr\u00e0ctic, per aix\u00f2 l&#8217;\u00e8mfasi es troba en l&#8217;avaluaci\u00f3 continuada i \u00e9s eminentment pr\u00e0ctic: s&#8217;imparteixen tallers i seminaris que combinen una doc\u00e8ncia te\u00f2rica, detallada i d&#8217;excel\u00b7l\u00e8ncia amb la participaci\u00f3 de l&#8217;estudiant en seminaris, exposicions orals i treballs a l&#8217;aula, entre d&#8217;altres. Durant la segona part del curs, els estudiants podran [&hellip;]<\/p>\n","protected":false},"author":6,"featured_media":0,"comment_status":"open","ping_status":"closed","sticky":false,"template":"","format":"standard","meta":{"_acf_changed":false,"_crdt_document":"","inline_featured_image":false,"footnotes":""},"categories":[1],"tags":[],"class_list":["post-2434","post","type-post","status-publish","format-standard","hentry","category-sin-categoria"],"acf":[],"yoast_head":"<!-- This site is optimized with the Yoast SEO plugin v27.0 - https:\/\/yoast.com\/product\/yoast-seo-wordpress\/ -->\n<title>Programa - CEI International Affairs<\/title>\n<meta name=\"robots\" content=\"index, follow, max-snippet:-1, max-image-preview:large, max-video-preview:-1\" \/>\n<link rel=\"canonical\" href=\"https:\/\/www.ceibcn.com\/en\/2017\/01\/master-desenvolupament-sostenible-programa\/\" \/>\n<meta property=\"og:locale\" content=\"en_US\" \/>\n<meta property=\"og:type\" content=\"article\" \/>\n<meta property=\"og:title\" content=\"Programa - CEI International Affairs\" \/>\n<meta property=\"og:description\" content=\"El M\u00e0ster t\u00e9 car\u00e0cter professionalitzador i pr\u00e0ctic, per aix\u00f2 l&#8217;\u00e8mfasi es troba en l&#8217;avaluaci\u00f3 continuada i \u00e9s eminentment pr\u00e0ctic: s&#8217;imparteixen tallers i seminaris que combinen una doc\u00e8ncia te\u00f2rica, detallada i d&#8217;excel\u00b7l\u00e8ncia amb la participaci\u00f3 de l&#8217;estudiant en seminaris, exposicions orals i treballs a l&#8217;aula, entre d&#8217;altres. Durant la segona part del curs, els estudiants podran [&hellip;]\" \/>\n<meta property=\"og:url\" content=\"https:\/\/www.ceibcn.com\/en\/2017\/01\/master-desenvolupament-sostenible-programa\/\" \/>\n<meta property=\"og:site_name\" content=\"CEI International Affairs\" \/>\n<meta property=\"article:publisher\" content=\"https:\/\/www.facebook.com\/CEI.CentroDeEstudiosInternacionales\/\" \/>\n<meta property=\"article:published_time\" content=\"2017-01-18T15:23:22+00:00\" \/>\n<meta property=\"og:image\" content=\"https:\/\/www.ceibcn.com\/wp-content\/uploads\/2023\/01\/Logo-CEI.png\" \/>\n\t<meta property=\"og:image:width\" content=\"500\" \/>\n\t<meta property=\"og:image:height\" content=\"500\" \/>\n\t<meta property=\"og:image:type\" content=\"image\/png\" \/>\n<meta name=\"author\" content=\"Cristian Romero Velasco\" \/>\n<meta name=\"twitter:card\" content=\"summary_large_image\" \/>\n<meta name=\"twitter:creator\" content=\"@CEIbcn\" \/>\n<meta name=\"twitter:site\" content=\"@CEIbcn\" \/>\n<meta name=\"twitter:label1\" content=\"Written by\" \/>\n\t<meta name=\"twitter:data1\" content=\"Cristian Romero Velasco\" \/>\n\t<meta name=\"twitter:label2\" content=\"Est. reading time\" \/>\n\t<meta name=\"twitter:data2\" content=\"2 minutes\" \/>\n<script type=\"application\/ld+json\" class=\"yoast-schema-graph\">{\"@context\":\"https:\/\/schema.org\",\"@graph\":[{\"@type\":\"Article\",\"@id\":\"https:\/\/www.ceibcn.com\/en\/2017\/01\/master-desenvolupament-sostenible-programa\/#article\",\"isPartOf\":{\"@id\":\"https:\/\/www.ceibcn.com\/en\/2017\/01\/master-desenvolupament-sostenible-programa\/\"},\"author\":{\"name\":\"Cristian Romero Velasco\",\"@id\":\"https:\/\/www.ceibcn.com\/en\/#\/schema\/person\/4ef9992ee2fbd3987a5e1834e5d5808d\"},\"headline\":\"Programa\",\"datePublished\":\"2017-01-18T15:23:22+00:00\",\"mainEntityOfPage\":{\"@id\":\"https:\/\/www.ceibcn.com\/en\/2017\/01\/master-desenvolupament-sostenible-programa\/\"},\"wordCount\":507,\"commentCount\":0,\"publisher\":{\"@id\":\"https:\/\/www.ceibcn.com\/en\/#organization\"},\"articleSection\":[\"Sin categor\u00eda\"],\"inLanguage\":\"en-US\",\"potentialAction\":[{\"@type\":\"CommentAction\",\"name\":\"Comment\",\"target\":[\"https:\/\/www.ceibcn.com\/en\/2017\/01\/master-desenvolupament-sostenible-programa\/#respond\"]}]},{\"@type\":\"WebPage\",\"@id\":\"https:\/\/www.ceibcn.com\/en\/2017\/01\/master-desenvolupament-sostenible-programa\/\",\"url\":\"https:\/\/www.ceibcn.com\/en\/2017\/01\/master-desenvolupament-sostenible-programa\/\",\"name\":\"Programa - CEI International Affairs\",\"isPartOf\":{\"@id\":\"https:\/\/www.ceibcn.com\/en\/#website\"},\"datePublished\":\"2017-01-18T15:23:22+00:00\",\"breadcrumb\":{\"@id\":\"https:\/\/www.ceibcn.com\/en\/2017\/01\/master-desenvolupament-sostenible-programa\/#breadcrumb\"},\"inLanguage\":\"en-US\",\"potentialAction\":[{\"@type\":\"ReadAction\",\"target\":[\"https:\/\/www.ceibcn.com\/en\/2017\/01\/master-desenvolupament-sostenible-programa\/\"]}]},{\"@type\":\"BreadcrumbList\",\"@id\":\"https:\/\/www.ceibcn.com\/en\/2017\/01\/master-desenvolupament-sostenible-programa\/#breadcrumb\",\"itemListElement\":[{\"@type\":\"ListItem\",\"position\":1,\"name\":\"Portada\",\"item\":\"https:\/\/www.ceibcn.com\/en\/\"},{\"@type\":\"ListItem\",\"position\":2,\"name\":\"Programa\"}]},{\"@type\":\"WebSite\",\"@id\":\"https:\/\/www.ceibcn.com\/en\/#website\",\"url\":\"https:\/\/www.ceibcn.com\/en\/\",\"name\":\"CEI International Affairs\",\"description\":\"CEI International Affairs\",\"publisher\":{\"@id\":\"https:\/\/www.ceibcn.com\/en\/#organization\"},\"alternateName\":\"CEI International Affairs\",\"potentialAction\":[{\"@type\":\"SearchAction\",\"target\":{\"@type\":\"EntryPoint\",\"urlTemplate\":\"https:\/\/www.ceibcn.com\/en\/?s={search_term_string}\"},\"query-input\":{\"@type\":\"PropertyValueSpecification\",\"valueRequired\":true,\"valueName\":\"search_term_string\"}}],\"inLanguage\":\"en-US\"},{\"@type\":\"Organization\",\"@id\":\"https:\/\/www.ceibcn.com\/en\/#organization\",\"name\":\"CEI International Affairs\",\"url\":\"https:\/\/www.ceibcn.com\/en\/\",\"logo\":{\"@type\":\"ImageObject\",\"inLanguage\":\"en-US\",\"@id\":\"https:\/\/www.ceibcn.com\/en\/#\/schema\/logo\/image\/\",\"url\":\"https:\/\/www.ceibcn.com\/wp-content\/uploads\/2021\/09\/CeiLogo_EscuelaDiploVectorized_vectorizedSIN_FONDO.png\",\"contentUrl\":\"https:\/\/www.ceibcn.com\/wp-content\/uploads\/2021\/09\/CeiLogo_EscuelaDiploVectorized_vectorizedSIN_FONDO.png\",\"width\":1591,\"height\":629,\"caption\":\"CEI International Affairs\"},\"image\":{\"@id\":\"https:\/\/www.ceibcn.com\/en\/#\/schema\/logo\/image\/\"},\"sameAs\":[\"https:\/\/www.facebook.com\/CEI.CentroDeEstudiosInternacionales\/\",\"https:\/\/x.com\/CEIbcn\",\"https:\/\/www.instagram.com\/cei_international\/\"]},{\"@type\":\"Person\",\"@id\":\"https:\/\/www.ceibcn.com\/en\/#\/schema\/person\/4ef9992ee2fbd3987a5e1834e5d5808d\",\"name\":\"Cristian Romero Velasco\",\"image\":{\"@type\":\"ImageObject\",\"inLanguage\":\"en-US\",\"@id\":\"https:\/\/www.ceibcn.com\/en\/#\/schema\/person\/image\/\",\"url\":\"https:\/\/secure.gravatar.com\/avatar\/d78c33ad7f1570635ae9c9cb6274fe682bd5872dfde7a5448127d7825dd90943?s=96&d=mm&r=g\",\"contentUrl\":\"https:\/\/secure.gravatar.com\/avatar\/d78c33ad7f1570635ae9c9cb6274fe682bd5872dfde7a5448127d7825dd90943?s=96&d=mm&r=g\",\"caption\":\"Cristian Romero Velasco\"},\"url\":\"https:\/\/www.ceibcn.com\/en\/author\/cristian\/\"}]}<\/script>\n<!-- \/ Yoast SEO plugin. -->","yoast_head_json":{"title":"Programa - CEI International Affairs","robots":{"index":"index","follow":"follow","max-snippet":"max-snippet:-1","max-image-preview":"max-image-preview:large","max-video-preview":"max-video-preview:-1"},"canonical":"https:\/\/www.ceibcn.com\/en\/2017\/01\/master-desenvolupament-sostenible-programa\/","og_locale":"en_US","og_type":"article","og_title":"Programa - CEI International Affairs","og_description":"El M\u00e0ster t\u00e9 car\u00e0cter professionalitzador i pr\u00e0ctic, per aix\u00f2 l&#8217;\u00e8mfasi es troba en l&#8217;avaluaci\u00f3 continuada i \u00e9s eminentment pr\u00e0ctic: s&#8217;imparteixen tallers i seminaris que combinen una doc\u00e8ncia te\u00f2rica, detallada i d&#8217;excel\u00b7l\u00e8ncia amb la participaci\u00f3 de l&#8217;estudiant en seminaris, exposicions orals i treballs a l&#8217;aula, entre d&#8217;altres. Durant la segona part del curs, els estudiants podran [&hellip;]","og_url":"https:\/\/www.ceibcn.com\/en\/2017\/01\/master-desenvolupament-sostenible-programa\/","og_site_name":"CEI International Affairs","article_publisher":"https:\/\/www.facebook.com\/CEI.CentroDeEstudiosInternacionales\/","article_published_time":"2017-01-18T15:23:22+00:00","og_image":[{"width":500,"height":500,"url":"https:\/\/www.ceibcn.com\/wp-content\/uploads\/2023\/01\/Logo-CEI.png","type":"image\/png"}],"author":"Cristian Romero Velasco","twitter_card":"summary_large_image","twitter_creator":"@CEIbcn","twitter_site":"@CEIbcn","twitter_misc":{"Written by":"Cristian Romero Velasco","Est. reading time":"2 minutes"},"schema":{"@context":"https:\/\/schema.org","@graph":[{"@type":"Article","@id":"https:\/\/www.ceibcn.com\/en\/2017\/01\/master-desenvolupament-sostenible-programa\/#article","isPartOf":{"@id":"https:\/\/www.ceibcn.com\/en\/2017\/01\/master-desenvolupament-sostenible-programa\/"},"author":{"name":"Cristian Romero Velasco","@id":"https:\/\/www.ceibcn.com\/en\/#\/schema\/person\/4ef9992ee2fbd3987a5e1834e5d5808d"},"headline":"Programa","datePublished":"2017-01-18T15:23:22+00:00","mainEntityOfPage":{"@id":"https:\/\/www.ceibcn.com\/en\/2017\/01\/master-desenvolupament-sostenible-programa\/"},"wordCount":507,"commentCount":0,"publisher":{"@id":"https:\/\/www.ceibcn.com\/en\/#organization"},"articleSection":["Sin categor\u00eda"],"inLanguage":"en-US","potentialAction":[{"@type":"CommentAction","name":"Comment","target":["https:\/\/www.ceibcn.com\/en\/2017\/01\/master-desenvolupament-sostenible-programa\/#respond"]}]},{"@type":"WebPage","@id":"https:\/\/www.ceibcn.com\/en\/2017\/01\/master-desenvolupament-sostenible-programa\/","url":"https:\/\/www.ceibcn.com\/en\/2017\/01\/master-desenvolupament-sostenible-programa\/","name":"Programa - CEI International Affairs","isPartOf":{"@id":"https:\/\/www.ceibcn.com\/en\/#website"},"datePublished":"2017-01-18T15:23:22+00:00","breadcrumb":{"@id":"https:\/\/www.ceibcn.com\/en\/2017\/01\/master-desenvolupament-sostenible-programa\/#breadcrumb"},"inLanguage":"en-US","potentialAction":[{"@type":"ReadAction","target":["https:\/\/www.ceibcn.com\/en\/2017\/01\/master-desenvolupament-sostenible-programa\/"]}]},{"@type":"BreadcrumbList","@id":"https:\/\/www.ceibcn.com\/en\/2017\/01\/master-desenvolupament-sostenible-programa\/#breadcrumb","itemListElement":[{"@type":"ListItem","position":1,"name":"Portada","item":"https:\/\/www.ceibcn.com\/en\/"},{"@type":"ListItem","position":2,"name":"Programa"}]},{"@type":"WebSite","@id":"https:\/\/www.ceibcn.com\/en\/#website","url":"https:\/\/www.ceibcn.com\/en\/","name":"CEI International Affairs","description":"CEI International Affairs","publisher":{"@id":"https:\/\/www.ceibcn.com\/en\/#organization"},"alternateName":"CEI International Affairs","potentialAction":[{"@type":"SearchAction","target":{"@type":"EntryPoint","urlTemplate":"https:\/\/www.ceibcn.com\/en\/?s={search_term_string}"},"query-input":{"@type":"PropertyValueSpecification","valueRequired":true,"valueName":"search_term_string"}}],"inLanguage":"en-US"},{"@type":"Organization","@id":"https:\/\/www.ceibcn.com\/en\/#organization","name":"CEI International Affairs","url":"https:\/\/www.ceibcn.com\/en\/","logo":{"@type":"ImageObject","inLanguage":"en-US","@id":"https:\/\/www.ceibcn.com\/en\/#\/schema\/logo\/image\/","url":"https:\/\/www.ceibcn.com\/wp-content\/uploads\/2021\/09\/CeiLogo_EscuelaDiploVectorized_vectorizedSIN_FONDO.png","contentUrl":"https:\/\/www.ceibcn.com\/wp-content\/uploads\/2021\/09\/CeiLogo_EscuelaDiploVectorized_vectorizedSIN_FONDO.png","width":1591,"height":629,"caption":"CEI International Affairs"},"image":{"@id":"https:\/\/www.ceibcn.com\/en\/#\/schema\/logo\/image\/"},"sameAs":["https:\/\/www.facebook.com\/CEI.CentroDeEstudiosInternacionales\/","https:\/\/x.com\/CEIbcn","https:\/\/www.instagram.com\/cei_international\/"]},{"@type":"Person","@id":"https:\/\/www.ceibcn.com\/en\/#\/schema\/person\/4ef9992ee2fbd3987a5e1834e5d5808d","name":"Cristian Romero Velasco","image":{"@type":"ImageObject","inLanguage":"en-US","@id":"https:\/\/www.ceibcn.com\/en\/#\/schema\/person\/image\/","url":"https:\/\/secure.gravatar.com\/avatar\/d78c33ad7f1570635ae9c9cb6274fe682bd5872dfde7a5448127d7825dd90943?s=96&d=mm&r=g","contentUrl":"https:\/\/secure.gravatar.com\/avatar\/d78c33ad7f1570635ae9c9cb6274fe682bd5872dfde7a5448127d7825dd90943?s=96&d=mm&r=g","caption":"Cristian Romero Velasco"},"url":"https:\/\/www.ceibcn.com\/en\/author\/cristian\/"}]}},"_links":{"self":[{"href":"https:\/\/www.ceibcn.com\/en\/wp-json\/wp\/v2\/posts\/2434","targetHints":{"allow":["GET"]}}],"collection":[{"href":"https:\/\/www.ceibcn.com\/en\/wp-json\/wp\/v2\/posts"}],"about":[{"href":"https:\/\/www.ceibcn.com\/en\/wp-json\/wp\/v2\/types\/post"}],"author":[{"embeddable":true,"href":"https:\/\/www.ceibcn.com\/en\/wp-json\/wp\/v2\/users\/6"}],"replies":[{"embeddable":true,"href":"https:\/\/www.ceibcn.com\/en\/wp-json\/wp\/v2\/comments?post=2434"}],"version-history":[{"count":0,"href":"https:\/\/www.ceibcn.com\/en\/wp-json\/wp\/v2\/posts\/2434\/revisions"}],"wp:attachment":[{"href":"https:\/\/www.ceibcn.com\/en\/wp-json\/wp\/v2\/media?parent=2434"}],"wp:term":[{"taxonomy":"category","embeddable":true,"href":"https:\/\/www.ceibcn.com\/en\/wp-json\/wp\/v2\/categories?post=2434"},{"taxonomy":"post_tag","embeddable":true,"href":"https:\/\/www.ceibcn.com\/en\/wp-json\/wp\/v2\/tags?post=2434"}],"curies":[{"name":"wp","href":"https:\/\/api.w.org\/{rel}","templated":true}]}}