{"id":2441,"date":"2017-01-18T15:24:36","date_gmt":"2017-01-18T15:24:36","guid":{"rendered":"https:\/\/www.ceibcn.com\/2017\/01\/master-desenvolupament-sostenible-practiques-professionals\/"},"modified":"2017-01-18T15:24:36","modified_gmt":"2017-01-18T15:24:36","slug":"master-desenvolupament-sostenible-practiques-professionals","status":"publish","type":"post","link":"https:\/\/www.ceibcn.com\/en\/2017\/01\/master-desenvolupament-sostenible-practiques-professionals\/","title":{"rendered":"Pr\u00e0ctiques \/ Projecte"},"content":{"rendered":"<p>Com a part de la formaci\u00f3 pr\u00e0ctica englobada en el <strong>M\u00e0ster en Desenvolupament Sostenible,<\/strong> els alumnes realitzaran<strong> Pr\u00e0ctiques professionals obligat\u00f2ries<\/strong> (de 4 a 6 mesos) o un <strong>Treball Final de M\u00e0ster<\/strong> (projecte real aplicable a empreses o institucions).&nbsp;<\/p>\n<p>&nbsp;<\/p>\n<p>El CEI acompanyar\u00e0 a l&#8217;alumne en tot el proc\u00e9s a trav\u00e9s de l&#8217;<strong>assessoria personalitzada<\/strong> i de formaci\u00f3 espec\u00edfica sobre <strong>elaboraci\u00f3 de CV, cartes de motivaci\u00f3<\/strong> i preparaci\u00f3 d&#8217;<strong>entrevistes personals.<\/strong><\/p>\n<p>&nbsp;<\/p>\n<p>&nbsp;<\/p>\n<p><strong style=\"font-size: 18px; color: #60b74e;\">Itineraris pr\u00e0ctics<br \/><\/strong><\/p>\n<p>&nbsp;<\/p>\n<p>Per als 24 ECTS corresponents a la<strong> formaci\u00f3 pr\u00e0ctica<\/strong>, el M\u00e0ster preveu dos <strong>itineraris pr\u00e0ctics<\/strong> diferents depenent del perfil de l&#8217;estudiant:<\/p>\n<p>&nbsp;<\/p>\n<table class=\"egt\">\n<tbody>\n<tr>\n<td><img decoding=\"async\" class=\" size-full wp-image-2435\" style=\"margin: 10px;\" src=\"https:\/\/www.ceibcn.com\/wp-content\/uploads\/2017\/01\/int_MDS2.jpg\" alt=\"M\u00e1ster Desarrollo Sostenible \" width=\"200\" height=\"140\" srcset=\"https:\/\/www.ceibcn.com\/wp-content\/uploads\/2017\/01\/int_MDS2.jpg 341w, https:\/\/www.ceibcn.com\/wp-content\/uploads\/2017\/01\/int_MDS2-300x210.jpg 300w, https:\/\/www.ceibcn.com\/wp-content\/uploads\/2017\/01\/int_MDS2-150x105.jpg 150w\" sizes=\"(max-width: 200px) 100vw, 200px\" \/><\/td>\n<td>\n<p><strong>Persones recentment graduades: <\/strong>aquests estudiants tindran l&#8217;oportunitat de realitzar pr\u00e0ctiques curriculars externes en una empresa o instituci\u00f3. Les pr\u00e0ctiques han d&#8217;estar relacionades amb la mat\u00e8ria del M\u00e0ster, amb una durada prevista de 4-6 mesos (24 ECTS).<\/p>\n<p>&nbsp;<\/p>\n<p>L&#8217;alumnat recentment graduat tamb\u00e9 podr\u00e0 fer un <strong>Treball de Fi de M\u00e0ster.<\/strong><\/p>\n<p>&nbsp;<\/p>\n<\/td>\n<\/tr>\n<tr>\n<td><img decoding=\"async\" class=\" size-full wp-image-2438\" style=\"margin: 10px;\" src=\"https:\/\/www.ceibcn.com\/wp-content\/uploads\/2017\/01\/int_MDS1.jpg\" alt=\"M\u00e1ster Desarrollo Sostenible \" width=\"200\" height=\"142\" srcset=\"https:\/\/www.ceibcn.com\/wp-content\/uploads\/2017\/01\/int_MDS1.jpg 342w, https:\/\/www.ceibcn.com\/wp-content\/uploads\/2017\/01\/int_MDS1-300x212.jpg 300w, https:\/\/www.ceibcn.com\/wp-content\/uploads\/2017\/01\/int_MDS1-150x106.jpg 150w\" sizes=\"(max-width: 200px) 100vw, 200px\" \/><\/td>\n<td>\n<p><strong>\u00c0mbit professional:<\/strong>&nbsp;aquelles <strong>persones provinents de l&#8217;\u00e0mbit professional<\/strong> hauran de realitzar el disseny d&#8217;un <strong>projecte real<\/strong> que pugui aplicar-se a la seva empresa o instituci\u00f3.<\/p>\n<p>&nbsp;<\/p>\n<\/td>\n<\/tr>\n<\/tbody>\n<\/table>\n<p>&nbsp;<\/p>\n<p>&nbsp;<\/p>\n<p>&nbsp;<\/p>\n<p><strong style=\"font-size: 18px; color: #60b74e;\">Alguns dels nostres estudiants han fet pr\u00e0ctiques a&#8230;<br \/><\/strong><\/p>\n<p>&nbsp;<\/p>\n<ul>\n<li><a href=\"https:\/\/cooperacionespanola.es\/es\/subdireccion-general-de-politicas-de-desarrollo-multilateral-y-europeas\" target=\"_blank\" rel=\"noopener\">Subdirecci\u00f3 General de Pol\u00edtiques de Desenvolupament Multilateral i Europees<\/a>: Correspon a la Direcci\u00f3 General de Pol\u00edtiques de Desenvolupament Sostenible (DGPOLDES), a trav\u00e9s de la Subdirecci\u00f3 General de Pol\u00edtiques de Desenvolupament Multilateral i Europees, en coordinaci\u00f3 amb els \u00f2rgans de l&#8217;Administraci\u00f3 de l&#8217;Estat que tinguin atribu\u00efdes compet\u00e8ncies en la mat\u00e8ria, l&#8217;elaboraci\u00f3 de la pol\u00edtica i seguiment de les relacions amb els organismes multilaterals de desenvolupament i amb la Uni\u00f3 Europea; i recollir i analitzar els fluxos d&#8217;Ajuda Oficial al Desenvolupament mitjan\u00e7ant el seu servei d&#8217;estad\u00edstica.<\/li>\n<\/ul>\n<p>&nbsp;<\/p>\n<ul>\n<li><a href=\"http:\/\/www.exteriores.gob.es\/Portal\/es\/PoliticaExteriorCooperacion\/NacionesUnidas\/Paginas\/InicioNNUU.aspx\" target=\"_blank\" rel=\"noopener\">Subdirecci\u00f3 General de les Nacions Unides<\/a>, dins dels Serveis Centrals del Ministeri d&#8217;Afers Exteriors, Uni\u00f3 Europea i Cooperaci\u00f3.<\/li>\n<\/ul>\n<p>&nbsp;<\/p>\n<ul>\n<li>Generalitat de Catalunya, concretament al <a href=\"http:\/\/cads.gencat.cat\/ca\/inici\/\" target=\"_blank\" rel=\"noopener\">Advisory Council for the Sustainable Development of Catalonia (CADS).<\/a><\/li>\n<\/ul>\n<p>&nbsp;<\/p>\n<ul>\n<li><a href=\"https:\/\/www.simbiosy.com\/\" target=\"_blank\" rel=\"noopener\">S\u00cdMBIOSY<\/a>: S\u00edmbiosy \u00e9s una empresa de consultoria\/enginyeria especialitzada en economia circular i la seva eina d&#8217;implementaci\u00f3 per a la ind\u00fastria \u00e9s la simbiosi industrial. El seu objectiu final \u00e9s l&#8217;efici\u00e8ncia dels recursos i la millora de la competitivitat de la ind\u00fastria.<\/li>\n<\/ul>\n<p>&nbsp;<\/p>\n<ul>\n<li>\n<p><a href=\"https:\/\/www.agirrecenter.eus\/\" target=\"_blank\" rel=\"noopener\">Agirre Lehendakaria Center<\/a> (ALC): \u00c9s un centre d&#8217;estudis interdisciplinaris en el marc de les Ci\u00e8ncies Socials, vinculat a la Universitat del Pa\u00eds Basc UPV\/EHU i al seu campus d&#8217;excel\u00b7l\u00e8ncia (Euskampus) i desenvolupat en col\u00b7laboraci\u00f3 amb la Universitat de Columbia Nova, Seton Hall University i George Mason University. &nbsp;<\/p>\n<p>&nbsp;<\/p>\n<\/li>\n<\/ul>\n<ul>\n<li>\n<p><a href=\"https:\/\/novact.org\/\" target=\"_blank\" rel=\"noopener\">Novact<\/a>: Institut Internacional per a l&#8217;Acci\u00f3 Noviolenta promou accions internacionals de construcci\u00f3 de pau en situacions de conflicte. L&#8217;Institut neix dels esfor\u00e7os de la societat civil per a contribuir a un m\u00f3n pac\u00edfic, just, digne i equitatiu.<\/p>\n<p>&nbsp;<\/p>\n<\/li>\n<\/ul>\n<ul>\n<li>\n<p><a href=\"https:\/\/www.viscofan.com\/es-es\/\" target=\"_blank\" rel=\"noopener\">Viscofan<\/a>: L\u00edder mundial en la producci\u00f3 d&#8217;embolcalls c\u00e0rnics. La capacitat innovadora de Viscofan, amb una activitat capdavantera en termes de recerca i desenvolupament (I+D), permet a l&#8217;organitzaci\u00f3 liderar a nivell mundial en la ind\u00fastria d&#8217;embolcalls artificials, sempre des del comprom\u00eds amb els m\u00e9s alts est\u00e0ndards de qualitat i l&#8217;estricte compliment de la normativa.<\/p>\n<\/li>\n<\/ul>\n<p>&nbsp;<\/p>\n<ul>\n<li>\n<p><a style=\"background-color: inherit; font-family: inherit; font-size: 1rem;\" href=\"https:\/\/www.omya.com\/ES-ES\" target=\"_blank\" rel=\"noopener\">OMYA<\/a>: Omya \u00e9s una empresa l\u00edder en la fabricaci\u00f3 de carbonat c\u00e0lcic i distrbuidora de fabricants minerals i&nbsp;distribu\u00efdora d&#8217;importants fabricants de minerals i additius a tot el m\u00f3n, amb una potent estrat\u00e8gia de sostenibilitat. Es va fundar en 1969 amb la participaci\u00f3 del Grup&nbsp;Omya&nbsp;i altres socis locals.&nbsp;<\/p>\n<\/li>\n<\/ul>\n","protected":false},"excerpt":{"rendered":"<p>Com a part de la formaci\u00f3 pr\u00e0ctica englobada en el M\u00e0ster en Desenvolupament Sostenible, els alumnes realitzaran Pr\u00e0ctiques professionals obligat\u00f2ries (de 4 a 6 mesos) o un Treball Final de M\u00e0ster (projecte real aplicable a empreses o institucions).&nbsp; &nbsp; El CEI acompanyar\u00e0 a l&#8217;alumne en tot el proc\u00e9s a trav\u00e9s de l&#8217;assessoria personalitzada i de [&hellip;]<\/p>\n","protected":false},"author":6,"featured_media":2435,"comment_status":"open","ping_status":"closed","sticky":false,"template":"","format":"standard","meta":{"_acf_changed":false,"_crdt_document":"","inline_featured_image":false,"footnotes":""},"categories":[1],"tags":[],"class_list":["post-2441","post","type-post","status-publish","format-standard","has-post-thumbnail","hentry","category-sin-categoria"],"acf":[],"yoast_head":"<!-- This site is optimized with the Yoast SEO plugin v27.0 - https:\/\/yoast.com\/product\/yoast-seo-wordpress\/ -->\n<title>Pr\u00e0ctiques \/ Projecte - CEI International Affairs<\/title>\n<meta name=\"robots\" content=\"index, follow, max-snippet:-1, max-image-preview:large, max-video-preview:-1\" \/>\n<link rel=\"canonical\" href=\"https:\/\/www.ceibcn.com\/en\/2017\/01\/master-desenvolupament-sostenible-practiques-professionals\/\" \/>\n<meta property=\"og:locale\" content=\"en_US\" \/>\n<meta property=\"og:type\" content=\"article\" \/>\n<meta property=\"og:title\" content=\"Pr\u00e0ctiques \/ Projecte - CEI International Affairs\" \/>\n<meta property=\"og:description\" content=\"Com a part de la formaci\u00f3 pr\u00e0ctica englobada en el M\u00e0ster en Desenvolupament Sostenible, els alumnes realitzaran Pr\u00e0ctiques professionals obligat\u00f2ries (de 4 a 6 mesos) o un Treball Final de M\u00e0ster (projecte real aplicable a empreses o institucions).&nbsp; &nbsp; El CEI acompanyar\u00e0 a l&#8217;alumne en tot el proc\u00e9s a trav\u00e9s de l&#8217;assessoria personalitzada i de [&hellip;]\" \/>\n<meta property=\"og:url\" content=\"https:\/\/www.ceibcn.com\/en\/2017\/01\/master-desenvolupament-sostenible-practiques-professionals\/\" \/>\n<meta property=\"og:site_name\" content=\"CEI International Affairs\" \/>\n<meta property=\"article:publisher\" content=\"https:\/\/www.facebook.com\/CEI.CentroDeEstudiosInternacionales\/\" \/>\n<meta property=\"article:published_time\" content=\"2017-01-18T15:24:36+00:00\" \/>\n<meta property=\"og:image\" content=\"https:\/\/www.ceibcn.com\/wp-content\/uploads\/2017\/01\/int_MDS2.jpg\" \/>\n\t<meta property=\"og:image:width\" content=\"341\" \/>\n\t<meta property=\"og:image:height\" content=\"239\" \/>\n\t<meta property=\"og:image:type\" content=\"image\/jpeg\" \/>\n<meta name=\"author\" content=\"Cristian Romero Velasco\" \/>\n<meta name=\"twitter:card\" content=\"summary_large_image\" \/>\n<meta name=\"twitter:creator\" content=\"@CEIbcn\" \/>\n<meta name=\"twitter:site\" content=\"@CEIbcn\" \/>\n<meta name=\"twitter:label1\" content=\"Written by\" \/>\n\t<meta name=\"twitter:data1\" content=\"Cristian Romero Velasco\" \/>\n\t<meta name=\"twitter:label2\" content=\"Est. reading time\" \/>\n\t<meta name=\"twitter:data2\" content=\"3 minutes\" \/>\n<script type=\"application\/ld+json\" class=\"yoast-schema-graph\">{\"@context\":\"https:\/\/schema.org\",\"@graph\":[{\"@type\":\"Article\",\"@id\":\"https:\/\/www.ceibcn.com\/en\/2017\/01\/master-desenvolupament-sostenible-practiques-professionals\/#article\",\"isPartOf\":{\"@id\":\"https:\/\/www.ceibcn.com\/en\/2017\/01\/master-desenvolupament-sostenible-practiques-professionals\/\"},\"author\":{\"name\":\"Cristian Romero Velasco\",\"@id\":\"https:\/\/www.ceibcn.com\/en\/#\/schema\/person\/4ef9992ee2fbd3987a5e1834e5d5808d\"},\"headline\":\"Pr\u00e0ctiques \/ Projecte\",\"datePublished\":\"2017-01-18T15:24:36+00:00\",\"mainEntityOfPage\":{\"@id\":\"https:\/\/www.ceibcn.com\/en\/2017\/01\/master-desenvolupament-sostenible-practiques-professionals\/\"},\"wordCount\":620,\"commentCount\":0,\"publisher\":{\"@id\":\"https:\/\/www.ceibcn.com\/en\/#organization\"},\"image\":{\"@id\":\"https:\/\/www.ceibcn.com\/en\/2017\/01\/master-desenvolupament-sostenible-practiques-professionals\/#primaryimage\"},\"thumbnailUrl\":\"https:\/\/www.ceibcn.com\/wp-content\/uploads\/2017\/01\/int_MDS2.jpg\",\"articleSection\":[\"Sin categor\u00eda\"],\"inLanguage\":\"en-US\",\"potentialAction\":[{\"@type\":\"CommentAction\",\"name\":\"Comment\",\"target\":[\"https:\/\/www.ceibcn.com\/en\/2017\/01\/master-desenvolupament-sostenible-practiques-professionals\/#respond\"]}]},{\"@type\":\"WebPage\",\"@id\":\"https:\/\/www.ceibcn.com\/en\/2017\/01\/master-desenvolupament-sostenible-practiques-professionals\/\",\"url\":\"https:\/\/www.ceibcn.com\/en\/2017\/01\/master-desenvolupament-sostenible-practiques-professionals\/\",\"name\":\"Pr\u00e0ctiques \/ Projecte - CEI International Affairs\",\"isPartOf\":{\"@id\":\"https:\/\/www.ceibcn.com\/en\/#website\"},\"primaryImageOfPage\":{\"@id\":\"https:\/\/www.ceibcn.com\/en\/2017\/01\/master-desenvolupament-sostenible-practiques-professionals\/#primaryimage\"},\"image\":{\"@id\":\"https:\/\/www.ceibcn.com\/en\/2017\/01\/master-desenvolupament-sostenible-practiques-professionals\/#primaryimage\"},\"thumbnailUrl\":\"https:\/\/www.ceibcn.com\/wp-content\/uploads\/2017\/01\/int_MDS2.jpg\",\"datePublished\":\"2017-01-18T15:24:36+00:00\",\"breadcrumb\":{\"@id\":\"https:\/\/www.ceibcn.com\/en\/2017\/01\/master-desenvolupament-sostenible-practiques-professionals\/#breadcrumb\"},\"inLanguage\":\"en-US\",\"potentialAction\":[{\"@type\":\"ReadAction\",\"target\":[\"https:\/\/www.ceibcn.com\/en\/2017\/01\/master-desenvolupament-sostenible-practiques-professionals\/\"]}]},{\"@type\":\"ImageObject\",\"inLanguage\":\"en-US\",\"@id\":\"https:\/\/www.ceibcn.com\/en\/2017\/01\/master-desenvolupament-sostenible-practiques-professionals\/#primaryimage\",\"url\":\"https:\/\/www.ceibcn.com\/wp-content\/uploads\/2017\/01\/int_MDS2.jpg\",\"contentUrl\":\"https:\/\/www.ceibcn.com\/wp-content\/uploads\/2017\/01\/int_MDS2.jpg\",\"width\":341,\"height\":239,\"caption\":\"M\u00e1ster Desarrollo Sostenible\"},{\"@type\":\"BreadcrumbList\",\"@id\":\"https:\/\/www.ceibcn.com\/en\/2017\/01\/master-desenvolupament-sostenible-practiques-professionals\/#breadcrumb\",\"itemListElement\":[{\"@type\":\"ListItem\",\"position\":1,\"name\":\"Portada\",\"item\":\"https:\/\/www.ceibcn.com\/en\/\"},{\"@type\":\"ListItem\",\"position\":2,\"name\":\"Pr\u00e0ctiques \/ Projecte\"}]},{\"@type\":\"WebSite\",\"@id\":\"https:\/\/www.ceibcn.com\/en\/#website\",\"url\":\"https:\/\/www.ceibcn.com\/en\/\",\"name\":\"CEI International Affairs\",\"description\":\"CEI International Affairs\",\"publisher\":{\"@id\":\"https:\/\/www.ceibcn.com\/en\/#organization\"},\"alternateName\":\"CEI International Affairs\",\"potentialAction\":[{\"@type\":\"SearchAction\",\"target\":{\"@type\":\"EntryPoint\",\"urlTemplate\":\"https:\/\/www.ceibcn.com\/en\/?s={search_term_string}\"},\"query-input\":{\"@type\":\"PropertyValueSpecification\",\"valueRequired\":true,\"valueName\":\"search_term_string\"}}],\"inLanguage\":\"en-US\"},{\"@type\":\"Organization\",\"@id\":\"https:\/\/www.ceibcn.com\/en\/#organization\",\"name\":\"CEI International Affairs\",\"url\":\"https:\/\/www.ceibcn.com\/en\/\",\"logo\":{\"@type\":\"ImageObject\",\"inLanguage\":\"en-US\",\"@id\":\"https:\/\/www.ceibcn.com\/en\/#\/schema\/logo\/image\/\",\"url\":\"https:\/\/www.ceibcn.com\/wp-content\/uploads\/2021\/09\/CeiLogo_EscuelaDiploVectorized_vectorizedSIN_FONDO.png\",\"contentUrl\":\"https:\/\/www.ceibcn.com\/wp-content\/uploads\/2021\/09\/CeiLogo_EscuelaDiploVectorized_vectorizedSIN_FONDO.png\",\"width\":1591,\"height\":629,\"caption\":\"CEI International Affairs\"},\"image\":{\"@id\":\"https:\/\/www.ceibcn.com\/en\/#\/schema\/logo\/image\/\"},\"sameAs\":[\"https:\/\/www.facebook.com\/CEI.CentroDeEstudiosInternacionales\/\",\"https:\/\/x.com\/CEIbcn\",\"https:\/\/www.instagram.com\/cei_international\/\"]},{\"@type\":\"Person\",\"@id\":\"https:\/\/www.ceibcn.com\/en\/#\/schema\/person\/4ef9992ee2fbd3987a5e1834e5d5808d\",\"name\":\"Cristian Romero Velasco\",\"image\":{\"@type\":\"ImageObject\",\"inLanguage\":\"en-US\",\"@id\":\"https:\/\/www.ceibcn.com\/en\/#\/schema\/person\/image\/\",\"url\":\"https:\/\/secure.gravatar.com\/avatar\/d78c33ad7f1570635ae9c9cb6274fe682bd5872dfde7a5448127d7825dd90943?s=96&d=mm&r=g\",\"contentUrl\":\"https:\/\/secure.gravatar.com\/avatar\/d78c33ad7f1570635ae9c9cb6274fe682bd5872dfde7a5448127d7825dd90943?s=96&d=mm&r=g\",\"caption\":\"Cristian Romero Velasco\"},\"url\":\"https:\/\/www.ceibcn.com\/en\/author\/cristian\/\"}]}<\/script>\n<!-- \/ Yoast SEO plugin. -->","yoast_head_json":{"title":"Pr\u00e0ctiques \/ Projecte - CEI International Affairs","robots":{"index":"index","follow":"follow","max-snippet":"max-snippet:-1","max-image-preview":"max-image-preview:large","max-video-preview":"max-video-preview:-1"},"canonical":"https:\/\/www.ceibcn.com\/en\/2017\/01\/master-desenvolupament-sostenible-practiques-professionals\/","og_locale":"en_US","og_type":"article","og_title":"Pr\u00e0ctiques \/ Projecte - CEI International Affairs","og_description":"Com a part de la formaci\u00f3 pr\u00e0ctica englobada en el M\u00e0ster en Desenvolupament Sostenible, els alumnes realitzaran Pr\u00e0ctiques professionals obligat\u00f2ries (de 4 a 6 mesos) o un Treball Final de M\u00e0ster (projecte real aplicable a empreses o institucions).&nbsp; &nbsp; El CEI acompanyar\u00e0 a l&#8217;alumne en tot el proc\u00e9s a trav\u00e9s de l&#8217;assessoria personalitzada i de [&hellip;]","og_url":"https:\/\/www.ceibcn.com\/en\/2017\/01\/master-desenvolupament-sostenible-practiques-professionals\/","og_site_name":"CEI International Affairs","article_publisher":"https:\/\/www.facebook.com\/CEI.CentroDeEstudiosInternacionales\/","article_published_time":"2017-01-18T15:24:36+00:00","og_image":[{"width":341,"height":239,"url":"https:\/\/www.ceibcn.com\/wp-content\/uploads\/2017\/01\/int_MDS2.jpg","type":"image\/jpeg"}],"author":"Cristian Romero Velasco","twitter_card":"summary_large_image","twitter_creator":"@CEIbcn","twitter_site":"@CEIbcn","twitter_misc":{"Written by":"Cristian Romero Velasco","Est. reading time":"3 minutes"},"schema":{"@context":"https:\/\/schema.org","@graph":[{"@type":"Article","@id":"https:\/\/www.ceibcn.com\/en\/2017\/01\/master-desenvolupament-sostenible-practiques-professionals\/#article","isPartOf":{"@id":"https:\/\/www.ceibcn.com\/en\/2017\/01\/master-desenvolupament-sostenible-practiques-professionals\/"},"author":{"name":"Cristian Romero Velasco","@id":"https:\/\/www.ceibcn.com\/en\/#\/schema\/person\/4ef9992ee2fbd3987a5e1834e5d5808d"},"headline":"Pr\u00e0ctiques \/ Projecte","datePublished":"2017-01-18T15:24:36+00:00","mainEntityOfPage":{"@id":"https:\/\/www.ceibcn.com\/en\/2017\/01\/master-desenvolupament-sostenible-practiques-professionals\/"},"wordCount":620,"commentCount":0,"publisher":{"@id":"https:\/\/www.ceibcn.com\/en\/#organization"},"image":{"@id":"https:\/\/www.ceibcn.com\/en\/2017\/01\/master-desenvolupament-sostenible-practiques-professionals\/#primaryimage"},"thumbnailUrl":"https:\/\/www.ceibcn.com\/wp-content\/uploads\/2017\/01\/int_MDS2.jpg","articleSection":["Sin categor\u00eda"],"inLanguage":"en-US","potentialAction":[{"@type":"CommentAction","name":"Comment","target":["https:\/\/www.ceibcn.com\/en\/2017\/01\/master-desenvolupament-sostenible-practiques-professionals\/#respond"]}]},{"@type":"WebPage","@id":"https:\/\/www.ceibcn.com\/en\/2017\/01\/master-desenvolupament-sostenible-practiques-professionals\/","url":"https:\/\/www.ceibcn.com\/en\/2017\/01\/master-desenvolupament-sostenible-practiques-professionals\/","name":"Pr\u00e0ctiques \/ Projecte - CEI International Affairs","isPartOf":{"@id":"https:\/\/www.ceibcn.com\/en\/#website"},"primaryImageOfPage":{"@id":"https:\/\/www.ceibcn.com\/en\/2017\/01\/master-desenvolupament-sostenible-practiques-professionals\/#primaryimage"},"image":{"@id":"https:\/\/www.ceibcn.com\/en\/2017\/01\/master-desenvolupament-sostenible-practiques-professionals\/#primaryimage"},"thumbnailUrl":"https:\/\/www.ceibcn.com\/wp-content\/uploads\/2017\/01\/int_MDS2.jpg","datePublished":"2017-01-18T15:24:36+00:00","breadcrumb":{"@id":"https:\/\/www.ceibcn.com\/en\/2017\/01\/master-desenvolupament-sostenible-practiques-professionals\/#breadcrumb"},"inLanguage":"en-US","potentialAction":[{"@type":"ReadAction","target":["https:\/\/www.ceibcn.com\/en\/2017\/01\/master-desenvolupament-sostenible-practiques-professionals\/"]}]},{"@type":"ImageObject","inLanguage":"en-US","@id":"https:\/\/www.ceibcn.com\/en\/2017\/01\/master-desenvolupament-sostenible-practiques-professionals\/#primaryimage","url":"https:\/\/www.ceibcn.com\/wp-content\/uploads\/2017\/01\/int_MDS2.jpg","contentUrl":"https:\/\/www.ceibcn.com\/wp-content\/uploads\/2017\/01\/int_MDS2.jpg","width":341,"height":239,"caption":"M\u00e1ster Desarrollo Sostenible"},{"@type":"BreadcrumbList","@id":"https:\/\/www.ceibcn.com\/en\/2017\/01\/master-desenvolupament-sostenible-practiques-professionals\/#breadcrumb","itemListElement":[{"@type":"ListItem","position":1,"name":"Portada","item":"https:\/\/www.ceibcn.com\/en\/"},{"@type":"ListItem","position":2,"name":"Pr\u00e0ctiques \/ Projecte"}]},{"@type":"WebSite","@id":"https:\/\/www.ceibcn.com\/en\/#website","url":"https:\/\/www.ceibcn.com\/en\/","name":"CEI International Affairs","description":"CEI International Affairs","publisher":{"@id":"https:\/\/www.ceibcn.com\/en\/#organization"},"alternateName":"CEI International Affairs","potentialAction":[{"@type":"SearchAction","target":{"@type":"EntryPoint","urlTemplate":"https:\/\/www.ceibcn.com\/en\/?s={search_term_string}"},"query-input":{"@type":"PropertyValueSpecification","valueRequired":true,"valueName":"search_term_string"}}],"inLanguage":"en-US"},{"@type":"Organization","@id":"https:\/\/www.ceibcn.com\/en\/#organization","name":"CEI International Affairs","url":"https:\/\/www.ceibcn.com\/en\/","logo":{"@type":"ImageObject","inLanguage":"en-US","@id":"https:\/\/www.ceibcn.com\/en\/#\/schema\/logo\/image\/","url":"https:\/\/www.ceibcn.com\/wp-content\/uploads\/2021\/09\/CeiLogo_EscuelaDiploVectorized_vectorizedSIN_FONDO.png","contentUrl":"https:\/\/www.ceibcn.com\/wp-content\/uploads\/2021\/09\/CeiLogo_EscuelaDiploVectorized_vectorizedSIN_FONDO.png","width":1591,"height":629,"caption":"CEI International Affairs"},"image":{"@id":"https:\/\/www.ceibcn.com\/en\/#\/schema\/logo\/image\/"},"sameAs":["https:\/\/www.facebook.com\/CEI.CentroDeEstudiosInternacionales\/","https:\/\/x.com\/CEIbcn","https:\/\/www.instagram.com\/cei_international\/"]},{"@type":"Person","@id":"https:\/\/www.ceibcn.com\/en\/#\/schema\/person\/4ef9992ee2fbd3987a5e1834e5d5808d","name":"Cristian Romero Velasco","image":{"@type":"ImageObject","inLanguage":"en-US","@id":"https:\/\/www.ceibcn.com\/en\/#\/schema\/person\/image\/","url":"https:\/\/secure.gravatar.com\/avatar\/d78c33ad7f1570635ae9c9cb6274fe682bd5872dfde7a5448127d7825dd90943?s=96&d=mm&r=g","contentUrl":"https:\/\/secure.gravatar.com\/avatar\/d78c33ad7f1570635ae9c9cb6274fe682bd5872dfde7a5448127d7825dd90943?s=96&d=mm&r=g","caption":"Cristian Romero Velasco"},"url":"https:\/\/www.ceibcn.com\/en\/author\/cristian\/"}]}},"_links":{"self":[{"href":"https:\/\/www.ceibcn.com\/en\/wp-json\/wp\/v2\/posts\/2441","targetHints":{"allow":["GET"]}}],"collection":[{"href":"https:\/\/www.ceibcn.com\/en\/wp-json\/wp\/v2\/posts"}],"about":[{"href":"https:\/\/www.ceibcn.com\/en\/wp-json\/wp\/v2\/types\/post"}],"author":[{"embeddable":true,"href":"https:\/\/www.ceibcn.com\/en\/wp-json\/wp\/v2\/users\/6"}],"replies":[{"embeddable":true,"href":"https:\/\/www.ceibcn.com\/en\/wp-json\/wp\/v2\/comments?post=2441"}],"version-history":[{"count":0,"href":"https:\/\/www.ceibcn.com\/en\/wp-json\/wp\/v2\/posts\/2441\/revisions"}],"wp:featuredmedia":[{"embeddable":true,"href":"https:\/\/www.ceibcn.com\/en\/wp-json\/wp\/v2\/media\/2435"}],"wp:attachment":[{"href":"https:\/\/www.ceibcn.com\/en\/wp-json\/wp\/v2\/media?parent=2441"}],"wp:term":[{"taxonomy":"category","embeddable":true,"href":"https:\/\/www.ceibcn.com\/en\/wp-json\/wp\/v2\/categories?post=2441"},{"taxonomy":"post_tag","embeddable":true,"href":"https:\/\/www.ceibcn.com\/en\/wp-json\/wp\/v2\/tags?post=2441"}],"curies":[{"name":"wp","href":"https:\/\/api.w.org\/{rel}","templated":true}]}}