{"id":2629,"date":"2017-04-19T09:55:06","date_gmt":"2017-04-19T09:55:06","guid":{"rendered":"https:\/\/www.ceibcn.com\/2017\/04\/seminario\/"},"modified":"2017-04-19T09:55:06","modified_gmt":"2017-04-19T09:55:06","slug":"seminario","status":"publish","type":"post","link":"https:\/\/www.ceibcn.com\/en\/2017\/04\/seminario\/","title":{"rendered":"Seminario &#8220;Cambios geopol\u00edticos: Nuevas realidades pol\u00edticas y econ\u00f3micas globales&#8221;"},"content":{"rendered":"<p><span style=\"color: #000000; text-align: justify;\">En los &uacute;ltimos tiempos estamos asistiendo a cambios geopol&iacute;ticos con profundas implicaciones socioecon&oacute;micas. Algunos han sido relativamente inesperados, como los resultados de procesos electorales en Estados Unidos y varios pa&iacute;ses de la UE, aunque a posteriori abundan los an&aacute;lisis de las causas de fondo que han conducido a ellos. Otros reciben menos atenci&oacute;n medi&aacute;tica aunque su alcance puede ser muy amplio, como la eventual apertura de nuevas rutas por el &Aacute;rtico y la pugna por el control de los recursos en esa zona hasta ahora inaccesible a medida que avance el deshielo.<\/span><\/p>\n<p><!--more--><\/p>\n<p>&nbsp;&nbsp;<b style=\"text-align: center;\">Organizado por:&nbsp;<\/b><\/p>\n<table border=\"0\" style=\"background-color: #ffffff; height: 118px; width: 243px; margin-left: auto; margin-right: auto;\">\n<tbody>\n<tr>\n<td style=\"width: 225px;\">&nbsp;<\/td>\n<td><\/td>\n<\/tr>\n<tr>\n<td><img fetchpriority=\"high\" decoding=\"async\" class=\" size-full wp-image-2614\" src=\"https:\/\/www.ceibcn.com\/wp-content\/uploads\/2017\/04\/CeiLogo_EscuelaDiploVectorized.jpg\" alt=\"CeiLogo EscuelaDiploVectorized\" width=\"1772\" height=\"700\" srcset=\"https:\/\/www.ceibcn.com\/wp-content\/uploads\/2017\/04\/CeiLogo_EscuelaDiploVectorized.jpg 1772w, https:\/\/www.ceibcn.com\/wp-content\/uploads\/2017\/04\/CeiLogo_EscuelaDiploVectorized-300x119.jpg 300w, https:\/\/www.ceibcn.com\/wp-content\/uploads\/2017\/04\/CeiLogo_EscuelaDiploVectorized-768x303.jpg 768w, https:\/\/www.ceibcn.com\/wp-content\/uploads\/2017\/04\/CeiLogo_EscuelaDiploVectorized-1536x607.jpg 1536w, https:\/\/www.ceibcn.com\/wp-content\/uploads\/2017\/04\/CeiLogo_EscuelaDiploVectorized-150x59.jpg 150w\" sizes=\"(max-width: 1772px) 100vw, 1772px\" \/><\/td>\n<td>&nbsp;<\/td>\n<\/tr>\n<\/tbody>\n<\/table>\n<div itemprop=\"articleBody\">&nbsp;<\/div>\n<p style=\"margin-bottom: 0.0001pt; text-align: center;\">&nbsp;<\/p>\n<p style=\"margin-bottom: 0.0001pt; text-align: center;\"><b><span style=\"color: #1f497d;\">Fecha: Jueves, 11 de mayo de 2017<\/span><\/b><\/p>\n<p style=\"margin-bottom: 0.0001pt; text-align: center;\"><b><span style=\"color: #1f497d;\">Lugar: Palau Macaya (Passeig Sant Joan, 108 &#8211; Barcelona)<\/span><\/b><\/p>\n<p>&nbsp;<\/p>\n<p style=\"margin-bottom: 0.0001pt; text-align: center;\"><b><span style=\"color: #1f497d;\">&nbsp;<b style=\"text-align: center;\"><span style=\"color: #1f497d;\"><img decoding=\"async\" class=\" size-full wp-image-2617\" src=\"https:\/\/www.ceibcn.com\/wp-content\/uploads\/2017\/04\/agenda-CEI-NOsegell.jpg\" alt=\"agenda CEI NOsegell\" width=\"495\" height=\"278\" srcset=\"https:\/\/www.ceibcn.com\/wp-content\/uploads\/2017\/04\/agenda-CEI-NOsegell.jpg 1600w, https:\/\/www.ceibcn.com\/wp-content\/uploads\/2017\/04\/agenda-CEI-NOsegell-300x169.jpg 300w, https:\/\/www.ceibcn.com\/wp-content\/uploads\/2017\/04\/agenda-CEI-NOsegell-768x432.jpg 768w, https:\/\/www.ceibcn.com\/wp-content\/uploads\/2017\/04\/agenda-CEI-NOsegell-1536x864.jpg 1536w, https:\/\/www.ceibcn.com\/wp-content\/uploads\/2017\/04\/agenda-CEI-NOsegell-150x84.jpg 150w\" sizes=\"(max-width: 495px) 100vw, 495px\" \/><\/span><\/b><\/span><\/b><\/p>\n<p>&nbsp;<\/p>\n<p style=\"text-align: justify; background-image: initial; background-position: initial; background-repeat: initial; background-attachment: initial;\"><span style=\"color: black;\">En los &uacute;ltimos tiempos estamos asistiendo a cambios geopol&iacute;ticos con profundas implicaciones socioecon&oacute;micas. Algunos han sido relativamente inesperados, como los resultados de procesos electorales en Estados Unidos y varios pa&iacute;ses de la UE, aunque a posteriori abundan los an&aacute;lisis de las causas de fondo que han conducido a ellos. Otros reciben menos atenci&oacute;n medi&aacute;tica aunque su alcance puede ser muy amplio, como la eventual apertura de nuevas rutas por el &Aacute;rtico y la pugna por el control de los recursos en esa zona hasta ahora inaccesible a medida que avance el deshielo. Otras dimensiones, como la denominada Cuarta Revoluci&oacute;n Industrial, acent&uacute;an esperanzas de unos, temores de otros e incertidumbres de todos.<\/span><\/p>\n<p style=\"text-align: justify; background-image: initial; background-position: initial; background-repeat: initial; background-attachment: initial;\"><span style=\"color: black;\">El objetivo de esta Jornada es revisar las nuevas configuraciones geopol&iacute;ticas y sus efectos, analizando tanto sus causas como la situaci&oacute;n actual y sobre todo las perspectivas de un futuro que no es f&aacute;cil de esbozar. Para ello se cuenta con ponentes que destacan por su capacidad y rigor para examinar unos temas de alcance. Pocas veces hab&iacute;a sido tan cierto que nuestro mundo est&aacute; cambiando de forma vertiginosa y por ello es especialmente necesario reflexionar sobre los puntos de inflexi&oacute;n que van a condicionar los pr&oacute;ximos a&ntilde;os y tal vez d&eacute;cadas de la econom&iacute;a y la pol&iacute;tica internacionales.&nbsp;<\/span><\/p>\n<p>&nbsp;<\/p>\n<p style=\"margin-bottom: 0.0001pt; text-align: justify;\"><b><span style=\"text-decoration: underline;\"><\/span><\/b><\/p>\n<p style=\"margin-bottom: 0.0001pt; text-align: justify;\"><b><span style=\"text-decoration: underline;\">PROGRAMA<\/span><\/b><\/p>\n<p>&nbsp;<\/p>\n<p style=\"margin-bottom: 0.0001pt; text-align: justify;\"><b><span style=\"color: #1f497d;\">16:00 h.- 16:15h.<\/span><\/b> <b>INAUGURACI&Oacute;N DE LA JORNADA<\/b><\/p>\n<p style=\"margin-bottom: 0.0001pt; text-align: justify;\"><b>&#8211; Dr. Juan Tugores, Director de la Jornada<\/b><\/p>\n<p style=\"margin-bottom: 0.0001pt; text-align: justify;\"><b>&nbsp;<\/b><\/p>\n<p style=\"margin-bottom: 0.0001pt; text-align: justify;\"><b><span style=\"color: #1f497d;\">16:15 h. &ndash; 17:30 h. <\/span><\/b><b>PRIMERA MESA REDONDA: <\/b><b><span style=\"color: black;\">&#8220;La nueva situaci&oacute;n econ&oacute;mica y geoestrat&eacute;gica&#8221;<\/span><\/b><\/p>\n<p style=\"margin-bottom: 0.0001pt; text-align: justify;\">&#8211; Sr. Mart&iacute; Saballs, director adjunto del Diario Expansi&oacute;n.<\/p>\n<p style=\"margin-bottom: 0.0001pt; text-align: justify;\">&#8211; Sr.&nbsp;<span style=\"color: black;\">Alfredo Bonet, ex-secretario general de Comercio Exterior y Director Internacional de la C&aacute;mara de Comercio de Espa&ntilde;a.<\/span><\/p>\n<p style=\"margin-bottom: 0.0001pt; text-align: justify;\"><b>&nbsp;<\/b><\/p>\n<p style=\"margin-bottom: 0.0001pt; text-align: justify;\"><b>Modera: <\/b>Dr. Juan Tugores, Catedr&aacute;tico de Econom&iacute;a, Universitat de Barcelona.<\/p>\n<p style=\"margin-bottom: 0.0001pt; text-align: justify;\"><b><span style=\"color: #1f497d;\"><\/span><\/b><\/p>\n<p>&nbsp;<\/p>\n<p style=\"margin-bottom: 0.0001pt; text-align: justify;\"><b><span style=\"color: #1f497d;\"><\/span><\/b><\/p>\n<p style=\"margin-bottom: 0.0001pt; text-align: justify;\"><b><span style=\"color: #1f497d;\">17:35 h. &ndash; 18:50 h. <\/span><\/b><b>SEGUNDA MESA REDONDA: <\/b><b><span style=\"color: black;\">&#8220;El deshielo del &Aacute;rtico: &iquest;lucha por los recursos de frontera o apertura de nuevas v&iacute;as de comunicaci&oacute;n?&#8221;<\/span><\/b><\/p>\n<p style=\"margin-bottom: 0.0001pt; text-align: justify; background-image: initial; background-position: initial; background-repeat: initial; background-attachment: initial;\"><span style=\"color: black;\">&#8211; Dr. Gonzalo Escribano Franc&eacute;s, director del Programa Energ&iacute;a y Cambio Clim&aacute;tico del Real Instituto Elcano.<\/span><\/p>\n<p style=\"margin-bottom: 0.0001pt; text-align: justify; background-image: initial; background-position: initial; background-repeat: initial; background-attachment: initial;\"><span style=\"color: black;\">&#8211; Dr. Kamrul Hossain,&nbsp;director del&nbsp;Northern Institute for Environmental and Minority Law del&nbsp;Arctic Centre de la University of Lapland (Finlandia). <em>(*En ingl&eacute;s)<\/em><\/span><\/p>\n<p style=\"margin-bottom: 0.0001pt; text-align: justify; background-image: initial; background-position: initial; background-repeat: initial; background-attachment: initial;\"><span style=\"color: black;\">&#8211; Dra. Mar Campins, profesora de Derecho Internacional P&uacute;blico, Universitat de Barcelona.<\/span><\/p>\n<p>&nbsp;<\/p>\n<p style=\"margin-bottom: 0.0001pt; text-align: justify;\"><b>Modera:<\/b>&nbsp;Dra. Aur&egrave;lia Ma&ntilde;&eacute;, profesora de <span class=\"st\">Pol&iacute;tica Econ&oacute;mica y Estructura Econ&oacute;mica Mundial, <\/span>Universitat de Barcelona.<\/p>\n<p>&nbsp;<\/p>\n<p style=\"margin-bottom: 0.0001pt; text-align: justify;\"><b><span style=\"color: #1f497d;\">18:50 h. &ndash; 19:00 h. <\/span><\/b><b>CLAUSURA DE LA JORNADA<\/b><\/p>\n<p>&nbsp;<\/p>\n<p><em>Colaboradores: &nbsp;<\/em><\/p>\n<table border=\"0\" style=\"background-color: #ffffff; height: 178px; width: 444px;\">\n<tbody>\n<tr>\n<td style=\"width: 225px;\">\n<p>&nbsp;<img decoding=\"async\" class=\" size-full wp-image-2620\" src=\"https:\/\/www.ceibcn.com\/wp-content\/uploads\/2017\/04\/fundacio-la-caixa-sense-fons.png\" alt=\"fundacio la caixa sense fons\" width=\"182\" height=\"80\" srcset=\"https:\/\/www.ceibcn.com\/wp-content\/uploads\/2017\/04\/fundacio-la-caixa-sense-fons.png 2950w, https:\/\/www.ceibcn.com\/wp-content\/uploads\/2017\/04\/fundacio-la-caixa-sense-fons-300x133.png 300w, https:\/\/www.ceibcn.com\/wp-content\/uploads\/2017\/04\/fundacio-la-caixa-sense-fons-768x339.png 768w, https:\/\/www.ceibcn.com\/wp-content\/uploads\/2017\/04\/fundacio-la-caixa-sense-fons-1536x678.png 1536w, https:\/\/www.ceibcn.com\/wp-content\/uploads\/2017\/04\/fundacio-la-caixa-sense-fons-2048x905.png 2048w, https:\/\/www.ceibcn.com\/wp-content\/uploads\/2017\/04\/fundacio-la-caixa-sense-fons-150x66.png 150w\" sizes=\"(max-width: 182px) 100vw, 182px\" \/><\/p>\n<\/td>\n<td><img loading=\"lazy\" decoding=\"async\" class=\" size-full wp-image-2623\" src=\"https:\/\/www.ceibcn.com\/wp-content\/uploads\/2017\/04\/Logotipo_del_Ministerio_de_Economia_Industria_y_Competitividad.png\" alt=\"Logotipo del Ministerio de Econom&iacute;a Industria y Competitividad\" width=\"319\" height=\"82\" srcset=\"https:\/\/www.ceibcn.com\/wp-content\/uploads\/2017\/04\/Logotipo_del_Ministerio_de_Economia_Industria_y_Competitividad.png 1280w, https:\/\/www.ceibcn.com\/wp-content\/uploads\/2017\/04\/Logotipo_del_Ministerio_de_Economia_Industria_y_Competitividad-300x77.png 300w, https:\/\/www.ceibcn.com\/wp-content\/uploads\/2017\/04\/Logotipo_del_Ministerio_de_Economia_Industria_y_Competitividad-768x198.png 768w, https:\/\/www.ceibcn.com\/wp-content\/uploads\/2017\/04\/Logotipo_del_Ministerio_de_Economia_Industria_y_Competitividad-150x39.png 150w\" sizes=\"(max-width: 319px) 100vw, 319px\" \/><\/td>\n<\/tr>\n<tr>\n<td>M&aacute;ster en Internacionalizaci&oacute;n UB y M&aacute;ster en Mercados Financieros UB<\/td>\n<td>\n<p>&nbsp;<img loading=\"lazy\" decoding=\"async\" class=\" size-full wp-image-2626\" src=\"https:\/\/www.ceibcn.com\/wp-content\/uploads\/2017\/04\/icip_LOGO.jpg\" alt=\"icip LOGO\" width=\"124\" height=\"97\" style=\"display: block; margin-left: auto; margin-right: auto;\" srcset=\"https:\/\/www.ceibcn.com\/wp-content\/uploads\/2017\/04\/icip_LOGO.jpg 224w, https:\/\/www.ceibcn.com\/wp-content\/uploads\/2017\/04\/icip_LOGO-150x117.jpg 150w\" sizes=\"(max-width: 124px) 100vw, 124px\" \/><\/p>\n<\/td>\n<\/tr>\n<\/tbody>\n<\/table>\n<div itemprop=\"articleBody\">\n<p>&nbsp;<\/p>\n<p style=\"text-align: justify;\"><span style=\"color: #118ec9; font-size-anulat: 14px; font-weight: bold;\">Informaci&oacute;n General<\/span><\/p>\n<p>Fecha:&nbsp;<strong>11 de mayo de 2017<\/strong><\/p>\n<p>Lugar:&nbsp;<strong>Palau Macaya&nbsp;<\/strong>(Passeig de Sant Joan, 108, Barcelona)&nbsp;<\/p>\n<p>Para asistir a la Jornada es imprescindible inscribirse previamente indicando su nombre, apellidos y DNI o NIE en la siguiente direcci&oacute;n de correo electr&oacute;nico:&nbsp;<a href=\"mailto:info@ceibcn.com\">info@ceibcn.com<\/a><\/p>\n<\/div>\n<p style=\"margin-bottom: 0.0001pt; text-align: justify;\"><b>&nbsp;<\/b><\/p>\n","protected":false},"excerpt":{"rendered":"<p>En los &uacute;ltimos tiempos estamos asistiendo a cambios geopol&iacute;ticos con profundas implicaciones socioecon&oacute;micas. Algunos han sido relativamente inesperados, como los resultados de procesos electorales en Estados Unidos y varios pa&iacute;ses de la UE, aunque a posteriori abundan los an&aacute;lisis de las causas de fondo que han conducido a ellos. Otros reciben menos atenci&oacute;n medi&aacute;tica aunque [&hellip;]<\/p>\n","protected":false},"author":6,"featured_media":2614,"comment_status":"open","ping_status":"closed","sticky":false,"template":"","format":"standard","meta":{"_acf_changed":false,"_crdt_document":"","inline_featured_image":false,"footnotes":""},"categories":[1],"tags":[],"class_list":["post-2629","post","type-post","status-publish","format-standard","has-post-thumbnail","hentry","category-sin-categoria"],"acf":[],"yoast_head":"<!-- This site is optimized with the Yoast SEO plugin v27.0 - https:\/\/yoast.com\/product\/yoast-seo-wordpress\/ -->\n<title>Seminario &quot;Cambios geopol\u00edticos: Nuevas realidades pol\u00edticas y econ\u00f3micas globales&quot; - CEI International Affairs<\/title>\n<meta name=\"robots\" content=\"index, follow, max-snippet:-1, max-image-preview:large, max-video-preview:-1\" \/>\n<link rel=\"canonical\" href=\"https:\/\/www.ceibcn.com\/en\/2017\/04\/seminario\/\" \/>\n<meta property=\"og:locale\" content=\"en_US\" \/>\n<meta property=\"og:type\" content=\"article\" \/>\n<meta property=\"og:title\" content=\"Seminario &quot;Cambios geopol\u00edticos: Nuevas realidades pol\u00edticas y econ\u00f3micas globales&quot; - CEI International Affairs\" \/>\n<meta property=\"og:description\" content=\"En los &uacute;ltimos tiempos estamos asistiendo a cambios geopol&iacute;ticos con profundas implicaciones socioecon&oacute;micas. Algunos han sido relativamente inesperados, como los resultados de procesos electorales en Estados Unidos y varios pa&iacute;ses de la UE, aunque a posteriori abundan los an&aacute;lisis de las causas de fondo que han conducido a ellos. Otros reciben menos atenci&oacute;n medi&aacute;tica aunque [&hellip;]\" \/>\n<meta property=\"og:url\" content=\"https:\/\/www.ceibcn.com\/en\/2017\/04\/seminario\/\" \/>\n<meta property=\"og:site_name\" content=\"CEI International Affairs\" \/>\n<meta property=\"article:publisher\" content=\"https:\/\/www.facebook.com\/CEI.CentroDeEstudiosInternacionales\/\" \/>\n<meta property=\"article:published_time\" content=\"2017-04-19T09:55:06+00:00\" \/>\n<meta property=\"og:image\" content=\"https:\/\/www.ceibcn.com\/wp-content\/uploads\/2017\/04\/CeiLogo_EscuelaDiploVectorized.jpg\" \/>\n\t<meta property=\"og:image:width\" content=\"1772\" \/>\n\t<meta property=\"og:image:height\" content=\"700\" \/>\n\t<meta property=\"og:image:type\" content=\"image\/jpeg\" \/>\n<meta name=\"author\" content=\"Cristian Romero Velasco\" \/>\n<meta name=\"twitter:card\" content=\"summary_large_image\" \/>\n<meta name=\"twitter:creator\" content=\"@CEIbcn\" \/>\n<meta name=\"twitter:site\" content=\"@CEIbcn\" \/>\n<meta name=\"twitter:label1\" content=\"Written by\" \/>\n\t<meta name=\"twitter:data1\" content=\"Cristian Romero Velasco\" \/>\n\t<meta name=\"twitter:label2\" content=\"Est. reading time\" \/>\n\t<meta name=\"twitter:data2\" content=\"3 minutes\" \/>\n<script type=\"application\/ld+json\" class=\"yoast-schema-graph\">{\"@context\":\"https:\/\/schema.org\",\"@graph\":[{\"@type\":\"Article\",\"@id\":\"https:\/\/www.ceibcn.com\/en\/2017\/04\/seminario\/#article\",\"isPartOf\":{\"@id\":\"https:\/\/www.ceibcn.com\/en\/2017\/04\/seminario\/\"},\"author\":{\"name\":\"Cristian Romero Velasco\",\"@id\":\"https:\/\/www.ceibcn.com\/en\/#\/schema\/person\/4ef9992ee2fbd3987a5e1834e5d5808d\"},\"headline\":\"Seminario &#8220;Cambios geopol\u00edticos: Nuevas realidades pol\u00edticas y econ\u00f3micas globales&#8221;\",\"datePublished\":\"2017-04-19T09:55:06+00:00\",\"mainEntityOfPage\":{\"@id\":\"https:\/\/www.ceibcn.com\/en\/2017\/04\/seminario\/\"},\"wordCount\":688,\"commentCount\":0,\"publisher\":{\"@id\":\"https:\/\/www.ceibcn.com\/en\/#organization\"},\"image\":{\"@id\":\"https:\/\/www.ceibcn.com\/en\/2017\/04\/seminario\/#primaryimage\"},\"thumbnailUrl\":\"https:\/\/www.ceibcn.com\/wp-content\/uploads\/2017\/04\/CeiLogo_EscuelaDiploVectorized.jpg\",\"articleSection\":[\"Sin categor\u00eda\"],\"inLanguage\":\"en-US\",\"potentialAction\":[{\"@type\":\"CommentAction\",\"name\":\"Comment\",\"target\":[\"https:\/\/www.ceibcn.com\/en\/2017\/04\/seminario\/#respond\"]}]},{\"@type\":\"WebPage\",\"@id\":\"https:\/\/www.ceibcn.com\/en\/2017\/04\/seminario\/\",\"url\":\"https:\/\/www.ceibcn.com\/en\/2017\/04\/seminario\/\",\"name\":\"Seminario \\\"Cambios geopol\u00edticos: Nuevas realidades pol\u00edticas y econ\u00f3micas globales\\\" - CEI International Affairs\",\"isPartOf\":{\"@id\":\"https:\/\/www.ceibcn.com\/en\/#website\"},\"primaryImageOfPage\":{\"@id\":\"https:\/\/www.ceibcn.com\/en\/2017\/04\/seminario\/#primaryimage\"},\"image\":{\"@id\":\"https:\/\/www.ceibcn.com\/en\/2017\/04\/seminario\/#primaryimage\"},\"thumbnailUrl\":\"https:\/\/www.ceibcn.com\/wp-content\/uploads\/2017\/04\/CeiLogo_EscuelaDiploVectorized.jpg\",\"datePublished\":\"2017-04-19T09:55:06+00:00\",\"breadcrumb\":{\"@id\":\"https:\/\/www.ceibcn.com\/en\/2017\/04\/seminario\/#breadcrumb\"},\"inLanguage\":\"en-US\",\"potentialAction\":[{\"@type\":\"ReadAction\",\"target\":[\"https:\/\/www.ceibcn.com\/en\/2017\/04\/seminario\/\"]}]},{\"@type\":\"ImageObject\",\"inLanguage\":\"en-US\",\"@id\":\"https:\/\/www.ceibcn.com\/en\/2017\/04\/seminario\/#primaryimage\",\"url\":\"https:\/\/www.ceibcn.com\/wp-content\/uploads\/2017\/04\/CeiLogo_EscuelaDiploVectorized.jpg\",\"contentUrl\":\"https:\/\/www.ceibcn.com\/wp-content\/uploads\/2017\/04\/CeiLogo_EscuelaDiploVectorized.jpg\",\"width\":1772,\"height\":700,\"caption\":\"CeiLogo EscuelaDiploVectorized\"},{\"@type\":\"BreadcrumbList\",\"@id\":\"https:\/\/www.ceibcn.com\/en\/2017\/04\/seminario\/#breadcrumb\",\"itemListElement\":[{\"@type\":\"ListItem\",\"position\":1,\"name\":\"Portada\",\"item\":\"https:\/\/www.ceibcn.com\/en\/\"},{\"@type\":\"ListItem\",\"position\":2,\"name\":\"Seminario \u00abCambios geopol\u00edticos: Nuevas realidades pol\u00edticas y econ\u00f3micas globales\u00bb\"}]},{\"@type\":\"WebSite\",\"@id\":\"https:\/\/www.ceibcn.com\/en\/#website\",\"url\":\"https:\/\/www.ceibcn.com\/en\/\",\"name\":\"CEI International Affairs\",\"description\":\"CEI International Affairs\",\"publisher\":{\"@id\":\"https:\/\/www.ceibcn.com\/en\/#organization\"},\"alternateName\":\"CEI International Affairs\",\"potentialAction\":[{\"@type\":\"SearchAction\",\"target\":{\"@type\":\"EntryPoint\",\"urlTemplate\":\"https:\/\/www.ceibcn.com\/en\/?s={search_term_string}\"},\"query-input\":{\"@type\":\"PropertyValueSpecification\",\"valueRequired\":true,\"valueName\":\"search_term_string\"}}],\"inLanguage\":\"en-US\"},{\"@type\":\"Organization\",\"@id\":\"https:\/\/www.ceibcn.com\/en\/#organization\",\"name\":\"CEI International Affairs\",\"url\":\"https:\/\/www.ceibcn.com\/en\/\",\"logo\":{\"@type\":\"ImageObject\",\"inLanguage\":\"en-US\",\"@id\":\"https:\/\/www.ceibcn.com\/en\/#\/schema\/logo\/image\/\",\"url\":\"https:\/\/www.ceibcn.com\/wp-content\/uploads\/2021\/09\/CeiLogo_EscuelaDiploVectorized_vectorizedSIN_FONDO.png\",\"contentUrl\":\"https:\/\/www.ceibcn.com\/wp-content\/uploads\/2021\/09\/CeiLogo_EscuelaDiploVectorized_vectorizedSIN_FONDO.png\",\"width\":1591,\"height\":629,\"caption\":\"CEI International Affairs\"},\"image\":{\"@id\":\"https:\/\/www.ceibcn.com\/en\/#\/schema\/logo\/image\/\"},\"sameAs\":[\"https:\/\/www.facebook.com\/CEI.CentroDeEstudiosInternacionales\/\",\"https:\/\/x.com\/CEIbcn\",\"https:\/\/www.instagram.com\/cei_international\/\"]},{\"@type\":\"Person\",\"@id\":\"https:\/\/www.ceibcn.com\/en\/#\/schema\/person\/4ef9992ee2fbd3987a5e1834e5d5808d\",\"name\":\"Cristian Romero Velasco\",\"image\":{\"@type\":\"ImageObject\",\"inLanguage\":\"en-US\",\"@id\":\"https:\/\/www.ceibcn.com\/en\/#\/schema\/person\/image\/\",\"url\":\"https:\/\/secure.gravatar.com\/avatar\/d78c33ad7f1570635ae9c9cb6274fe682bd5872dfde7a5448127d7825dd90943?s=96&d=mm&r=g\",\"contentUrl\":\"https:\/\/secure.gravatar.com\/avatar\/d78c33ad7f1570635ae9c9cb6274fe682bd5872dfde7a5448127d7825dd90943?s=96&d=mm&r=g\",\"caption\":\"Cristian Romero Velasco\"},\"url\":\"https:\/\/www.ceibcn.com\/en\/author\/cristian\/\"}]}<\/script>\n<!-- \/ Yoast SEO plugin. -->","yoast_head_json":{"title":"Seminario \"Cambios geopol\u00edticos: Nuevas realidades pol\u00edticas y econ\u00f3micas globales\" - CEI International Affairs","robots":{"index":"index","follow":"follow","max-snippet":"max-snippet:-1","max-image-preview":"max-image-preview:large","max-video-preview":"max-video-preview:-1"},"canonical":"https:\/\/www.ceibcn.com\/en\/2017\/04\/seminario\/","og_locale":"en_US","og_type":"article","og_title":"Seminario \"Cambios geopol\u00edticos: Nuevas realidades pol\u00edticas y econ\u00f3micas globales\" - CEI International Affairs","og_description":"En los &uacute;ltimos tiempos estamos asistiendo a cambios geopol&iacute;ticos con profundas implicaciones socioecon&oacute;micas. Algunos han sido relativamente inesperados, como los resultados de procesos electorales en Estados Unidos y varios pa&iacute;ses de la UE, aunque a posteriori abundan los an&aacute;lisis de las causas de fondo que han conducido a ellos. Otros reciben menos atenci&oacute;n medi&aacute;tica aunque [&hellip;]","og_url":"https:\/\/www.ceibcn.com\/en\/2017\/04\/seminario\/","og_site_name":"CEI International Affairs","article_publisher":"https:\/\/www.facebook.com\/CEI.CentroDeEstudiosInternacionales\/","article_published_time":"2017-04-19T09:55:06+00:00","og_image":[{"width":1772,"height":700,"url":"https:\/\/www.ceibcn.com\/wp-content\/uploads\/2017\/04\/CeiLogo_EscuelaDiploVectorized.jpg","type":"image\/jpeg"}],"author":"Cristian Romero Velasco","twitter_card":"summary_large_image","twitter_creator":"@CEIbcn","twitter_site":"@CEIbcn","twitter_misc":{"Written by":"Cristian Romero Velasco","Est. reading time":"3 minutes"},"schema":{"@context":"https:\/\/schema.org","@graph":[{"@type":"Article","@id":"https:\/\/www.ceibcn.com\/en\/2017\/04\/seminario\/#article","isPartOf":{"@id":"https:\/\/www.ceibcn.com\/en\/2017\/04\/seminario\/"},"author":{"name":"Cristian Romero Velasco","@id":"https:\/\/www.ceibcn.com\/en\/#\/schema\/person\/4ef9992ee2fbd3987a5e1834e5d5808d"},"headline":"Seminario &#8220;Cambios geopol\u00edticos: Nuevas realidades pol\u00edticas y econ\u00f3micas globales&#8221;","datePublished":"2017-04-19T09:55:06+00:00","mainEntityOfPage":{"@id":"https:\/\/www.ceibcn.com\/en\/2017\/04\/seminario\/"},"wordCount":688,"commentCount":0,"publisher":{"@id":"https:\/\/www.ceibcn.com\/en\/#organization"},"image":{"@id":"https:\/\/www.ceibcn.com\/en\/2017\/04\/seminario\/#primaryimage"},"thumbnailUrl":"https:\/\/www.ceibcn.com\/wp-content\/uploads\/2017\/04\/CeiLogo_EscuelaDiploVectorized.jpg","articleSection":["Sin categor\u00eda"],"inLanguage":"en-US","potentialAction":[{"@type":"CommentAction","name":"Comment","target":["https:\/\/www.ceibcn.com\/en\/2017\/04\/seminario\/#respond"]}]},{"@type":"WebPage","@id":"https:\/\/www.ceibcn.com\/en\/2017\/04\/seminario\/","url":"https:\/\/www.ceibcn.com\/en\/2017\/04\/seminario\/","name":"Seminario \"Cambios geopol\u00edticos: Nuevas realidades pol\u00edticas y econ\u00f3micas globales\" - CEI International Affairs","isPartOf":{"@id":"https:\/\/www.ceibcn.com\/en\/#website"},"primaryImageOfPage":{"@id":"https:\/\/www.ceibcn.com\/en\/2017\/04\/seminario\/#primaryimage"},"image":{"@id":"https:\/\/www.ceibcn.com\/en\/2017\/04\/seminario\/#primaryimage"},"thumbnailUrl":"https:\/\/www.ceibcn.com\/wp-content\/uploads\/2017\/04\/CeiLogo_EscuelaDiploVectorized.jpg","datePublished":"2017-04-19T09:55:06+00:00","breadcrumb":{"@id":"https:\/\/www.ceibcn.com\/en\/2017\/04\/seminario\/#breadcrumb"},"inLanguage":"en-US","potentialAction":[{"@type":"ReadAction","target":["https:\/\/www.ceibcn.com\/en\/2017\/04\/seminario\/"]}]},{"@type":"ImageObject","inLanguage":"en-US","@id":"https:\/\/www.ceibcn.com\/en\/2017\/04\/seminario\/#primaryimage","url":"https:\/\/www.ceibcn.com\/wp-content\/uploads\/2017\/04\/CeiLogo_EscuelaDiploVectorized.jpg","contentUrl":"https:\/\/www.ceibcn.com\/wp-content\/uploads\/2017\/04\/CeiLogo_EscuelaDiploVectorized.jpg","width":1772,"height":700,"caption":"CeiLogo EscuelaDiploVectorized"},{"@type":"BreadcrumbList","@id":"https:\/\/www.ceibcn.com\/en\/2017\/04\/seminario\/#breadcrumb","itemListElement":[{"@type":"ListItem","position":1,"name":"Portada","item":"https:\/\/www.ceibcn.com\/en\/"},{"@type":"ListItem","position":2,"name":"Seminario \u00abCambios geopol\u00edticos: Nuevas realidades pol\u00edticas y econ\u00f3micas globales\u00bb"}]},{"@type":"WebSite","@id":"https:\/\/www.ceibcn.com\/en\/#website","url":"https:\/\/www.ceibcn.com\/en\/","name":"CEI International Affairs","description":"CEI International Affairs","publisher":{"@id":"https:\/\/www.ceibcn.com\/en\/#organization"},"alternateName":"CEI International Affairs","potentialAction":[{"@type":"SearchAction","target":{"@type":"EntryPoint","urlTemplate":"https:\/\/www.ceibcn.com\/en\/?s={search_term_string}"},"query-input":{"@type":"PropertyValueSpecification","valueRequired":true,"valueName":"search_term_string"}}],"inLanguage":"en-US"},{"@type":"Organization","@id":"https:\/\/www.ceibcn.com\/en\/#organization","name":"CEI International Affairs","url":"https:\/\/www.ceibcn.com\/en\/","logo":{"@type":"ImageObject","inLanguage":"en-US","@id":"https:\/\/www.ceibcn.com\/en\/#\/schema\/logo\/image\/","url":"https:\/\/www.ceibcn.com\/wp-content\/uploads\/2021\/09\/CeiLogo_EscuelaDiploVectorized_vectorizedSIN_FONDO.png","contentUrl":"https:\/\/www.ceibcn.com\/wp-content\/uploads\/2021\/09\/CeiLogo_EscuelaDiploVectorized_vectorizedSIN_FONDO.png","width":1591,"height":629,"caption":"CEI International Affairs"},"image":{"@id":"https:\/\/www.ceibcn.com\/en\/#\/schema\/logo\/image\/"},"sameAs":["https:\/\/www.facebook.com\/CEI.CentroDeEstudiosInternacionales\/","https:\/\/x.com\/CEIbcn","https:\/\/www.instagram.com\/cei_international\/"]},{"@type":"Person","@id":"https:\/\/www.ceibcn.com\/en\/#\/schema\/person\/4ef9992ee2fbd3987a5e1834e5d5808d","name":"Cristian Romero Velasco","image":{"@type":"ImageObject","inLanguage":"en-US","@id":"https:\/\/www.ceibcn.com\/en\/#\/schema\/person\/image\/","url":"https:\/\/secure.gravatar.com\/avatar\/d78c33ad7f1570635ae9c9cb6274fe682bd5872dfde7a5448127d7825dd90943?s=96&d=mm&r=g","contentUrl":"https:\/\/secure.gravatar.com\/avatar\/d78c33ad7f1570635ae9c9cb6274fe682bd5872dfde7a5448127d7825dd90943?s=96&d=mm&r=g","caption":"Cristian Romero Velasco"},"url":"https:\/\/www.ceibcn.com\/en\/author\/cristian\/"}]}},"_links":{"self":[{"href":"https:\/\/www.ceibcn.com\/en\/wp-json\/wp\/v2\/posts\/2629","targetHints":{"allow":["GET"]}}],"collection":[{"href":"https:\/\/www.ceibcn.com\/en\/wp-json\/wp\/v2\/posts"}],"about":[{"href":"https:\/\/www.ceibcn.com\/en\/wp-json\/wp\/v2\/types\/post"}],"author":[{"embeddable":true,"href":"https:\/\/www.ceibcn.com\/en\/wp-json\/wp\/v2\/users\/6"}],"replies":[{"embeddable":true,"href":"https:\/\/www.ceibcn.com\/en\/wp-json\/wp\/v2\/comments?post=2629"}],"version-history":[{"count":0,"href":"https:\/\/www.ceibcn.com\/en\/wp-json\/wp\/v2\/posts\/2629\/revisions"}],"wp:featuredmedia":[{"embeddable":true,"href":"https:\/\/www.ceibcn.com\/en\/wp-json\/wp\/v2\/media\/2614"}],"wp:attachment":[{"href":"https:\/\/www.ceibcn.com\/en\/wp-json\/wp\/v2\/media?parent=2629"}],"wp:term":[{"taxonomy":"category","embeddable":true,"href":"https:\/\/www.ceibcn.com\/en\/wp-json\/wp\/v2\/categories?post=2629"},{"taxonomy":"post_tag","embeddable":true,"href":"https:\/\/www.ceibcn.com\/en\/wp-json\/wp\/v2\/tags?post=2629"}],"curies":[{"name":"wp","href":"https:\/\/api.w.org\/{rel}","templated":true}]}}