{"id":2630,"date":"2017-04-19T10:33:46","date_gmt":"2017-04-19T10:33:46","guid":{"rendered":"https:\/\/www.ceibcn.com\/2017\/04\/seminarib-canvis-geopolitics\/"},"modified":"2017-04-19T10:33:46","modified_gmt":"2017-04-19T10:33:46","slug":"seminarib-canvis-geopolitics","status":"publish","type":"post","link":"https:\/\/www.ceibcn.com\/en\/2017\/04\/seminarib-canvis-geopolitics\/","title":{"rendered":"Seminari &#8220;Canvis geopol\u00edtics: Noves realitats pol\u00edtiques i econ\u00f2miques globals&#8221;"},"content":{"rendered":"<p><span style=\"color: #000000; text-align: justify;\">En els darrers temps estem assistint a canvis geopol&iacute;tics amb profundes implicacions socioecon&ograve;miques. Alguns han estat relativament inesperats.<\/span><\/p>\n<p><!--more--><\/p>\n<p style=\"margin-bottom: 0.0001pt; text-align: center;\">&nbsp;<\/p>\n<p style=\"margin-bottom: 0.0001pt; text-align: left;\"><strong>Organitzat per:&nbsp;<\/strong><span style=\"text-decoration: underline;\"><br \/><\/span><\/p>\n<table border=\"0\" style=\"background-color: #ffffff; height: 118px; width: 241px; margin-right: auto; margin-left: auto;\">\n<tbody>\n<tr>\n<td style=\"width: 225px;\">&nbsp;<\/td>\n<td>&nbsp;<\/td>\n<\/tr>\n<tr>\n<td><img fetchpriority=\"high\" decoding=\"async\" class=\" size-full wp-image-2614\" src=\"https:\/\/www.ceibcn.com\/wp-content\/uploads\/2017\/04\/CeiLogo_EscuelaDiploVectorized.jpg\" alt=\"CeiLogo EscuelaDiploVectorized\" width=\"1772\" height=\"700\" srcset=\"https:\/\/www.ceibcn.com\/wp-content\/uploads\/2017\/04\/CeiLogo_EscuelaDiploVectorized.jpg 1772w, https:\/\/www.ceibcn.com\/wp-content\/uploads\/2017\/04\/CeiLogo_EscuelaDiploVectorized-300x119.jpg 300w, https:\/\/www.ceibcn.com\/wp-content\/uploads\/2017\/04\/CeiLogo_EscuelaDiploVectorized-768x303.jpg 768w, https:\/\/www.ceibcn.com\/wp-content\/uploads\/2017\/04\/CeiLogo_EscuelaDiploVectorized-1536x607.jpg 1536w, https:\/\/www.ceibcn.com\/wp-content\/uploads\/2017\/04\/CeiLogo_EscuelaDiploVectorized-150x59.jpg 150w\" sizes=\"(max-width: 1772px) 100vw, 1772px\" \/><\/td>\n<td>&nbsp;<\/td>\n<\/tr>\n<\/tbody>\n<\/table>\n<p>&nbsp;&nbsp;<\/p>\n<p style=\"margin-bottom: 0.0001pt; text-align: center;\"><b><span style=\"color: #1f497d;\">Data: Dijous, 11 de maig de 2017<\/span><\/b><\/p>\n<p style=\"margin-bottom: 0.0001pt; text-align: center;\"><b><span style=\"color: #1f497d;\">Lloc: Palau Macaya (Passeig Sant Joan, 108 &#8211; Barcelona)<\/span><\/b><\/p>\n<p>&nbsp;<\/p>\n<p style=\"margin-bottom: 0.0001pt; text-align: center;\"><b><span style=\"color: #1f497d;\">&nbsp;<img decoding=\"async\" class=\" size-full wp-image-2617\" src=\"https:\/\/www.ceibcn.com\/wp-content\/uploads\/2017\/04\/agenda-CEI-NOsegell.jpg\" alt=\"agenda CEI NOsegell\" width=\"495\" height=\"278\" srcset=\"https:\/\/www.ceibcn.com\/wp-content\/uploads\/2017\/04\/agenda-CEI-NOsegell.jpg 1600w, https:\/\/www.ceibcn.com\/wp-content\/uploads\/2017\/04\/agenda-CEI-NOsegell-300x169.jpg 300w, https:\/\/www.ceibcn.com\/wp-content\/uploads\/2017\/04\/agenda-CEI-NOsegell-768x432.jpg 768w, https:\/\/www.ceibcn.com\/wp-content\/uploads\/2017\/04\/agenda-CEI-NOsegell-1536x864.jpg 1536w, https:\/\/www.ceibcn.com\/wp-content\/uploads\/2017\/04\/agenda-CEI-NOsegell-150x84.jpg 150w\" sizes=\"(max-width: 495px) 100vw, 495px\" \/><\/span><\/b><\/p>\n<p style=\"margin-bottom: 0.0001pt; text-align: center;\">&nbsp;<\/p>\n<p>&nbsp;<\/p>\n<p style=\"text-align: justify; background-image: initial; background-position: initial; background-repeat: initial; background-attachment: initial;\"><span style=\"color: black;\">En els darrers temps estem assistint a canvis geopol&iacute;tics amb profundes implicacions socioecon&ograve;miques. Alguns han estat relativament inesperats, com els resultats de processos electorals a Estats Units i diversos pa&iuml;sos de la UE, tot i que a posteriori han abundat nombrosos an&agrave;lisis de les causes de fons que han condu&iuml;t a aquestes situacions. Altres han rebut menys atenci&oacute; medi&agrave;tica encara que el seu abast pot ser molt ampli, com l&#8217;eventual obertura de noves rutes per l&#8217;&Agrave;rtic i la pugna pel control dels recursos en aquesta zona fins ara inaccessible, a mesura que avan&ccedil;a el desgla&ccedil;. Altres dimensions, com la denominada Quarta Revoluci&oacute; Industrial, accentuen esperances d&#8217;uns, temors d&#8217;uns altres i incerteses de tots.<\/span><\/p>\n<p style=\"text-align: justify; background-image: initial; background-position: initial; background-repeat: initial; background-attachment: initial;\"><span style=\"color: black;\">L&#8217;objectiu d&#8217;aquesta Jornada &eacute;s revisar les noves configuracions geopol&iacute;tiques i els seus efectes, analitzant tant les seves causes com la situaci&oacute; actual i sobretot les perspectives d&#8217;un futur que no &eacute;s f&agrave;cil d&#8217;esbossar. Per a aix&ograve; es compta amb ponents que destaquen per la seva capacitat i rigor per examinar aquests temes. Poques vegades havia estat tan cert que el nostre m&oacute;n est&agrave; canviant de forma vertiginosa i per aix&ograve; &eacute;s especialment necessari reflexionar sobre els punts d&#8217;inflexi&oacute; que condicionaran els propers anys i potser fins i tot d&egrave;cades de l&#8217;economia i la pol&iacute;tica internacionals.<\/span><\/p>\n<p style=\"margin-bottom: 0.0001pt; text-align: justify;\"><b><span style=\"text-decoration: underline;\"><\/span><\/b><\/p>\n<p>&nbsp;<\/p>\n<p style=\"margin-bottom: 0.0001pt; text-align: justify;\"><b><span style=\"text-decoration: underline;\">PROGRAMA<\/span><\/b><\/p>\n<p style=\"margin-bottom: 0.0001pt; text-align: justify;\"><b><span style=\"text-decoration: underline;\"><\/span><\/b><\/p>\n<p style=\"margin-bottom: 0.0001pt; text-align: justify;\"><b><span style=\"color: #1f497d;\">16:00 h.- 16:15h.<\/span><\/b> <b>INAUGURACI&Oacute; DE LA JORNADA<\/b><\/p>\n<p style=\"margin-bottom: 0.0001pt; text-align: justify;\"><b>&#8211; Dr. Juan Tugores, Director de la Jornada<\/b><\/p>\n<p style=\"margin-bottom: 0.0001pt; text-align: justify;\"><b>&nbsp;<\/b><\/p>\n<p style=\"margin-bottom: 0.0001pt; text-align: justify;\"><b><span style=\"color: #1f497d;\">16:15 h. &ndash; 17:30 h. <\/span><\/b><b>PRIMERA TAULA RODONA: <\/b><b><span style=\"color: black;\">&#8220;La nova situaci&oacute; econ&ograve;mica i geoestrat&egrave;gica&#8221;<\/span><\/b><\/p>\n<p style=\"margin-bottom: 0.0001pt; text-align: justify;\">&#8211; Sr. Mart&iacute; Saballs, director adjunt del Diari Expansi&oacute;n.<\/p>\n<p style=\"margin-bottom: 0.0001pt; text-align: justify;\">&#8211; Sr.&nbsp;<span style=\"color: black;\">Alfredo Bonet, ex-secretari general de Comer&ccedil; Exterior i Director Internacional de la Cambra de Comer&ccedil; d&rsquo;Espanya. <\/span><\/p>\n<p style=\"margin-bottom: 0.0001pt; text-align: justify;\"><b>&nbsp;<\/b><\/p>\n<p style=\"margin-bottom: 0.0001pt; text-align: justify;\"><b>Modera: <\/b>Dr. Juan Tugores, Catedr&agrave;tic de Economia, Universitat de Barcelona.<\/p>\n<p style=\"margin-bottom: 0.0001pt; text-align: justify;\"><b><span style=\"color: #1f497d;\"><\/span><\/b><\/p>\n<p>&nbsp;<\/p>\n<p style=\"margin-bottom: 0.0001pt; text-align: justify;\"><b><span style=\"color: #1f497d;\"><\/span><\/b><\/p>\n<p style=\"margin-bottom: 0.0001pt; text-align: justify;\"><b><span style=\"color: #1f497d;\">17:35 h. &ndash; 18:50 h. <\/span><\/b><b>SEGUNDA TAULA RODONA: <\/b><b><span style=\"color: black;\">&#8220;El desgla&ccedil; de l&rsquo;&Agrave;rtic: lluita pels recursos de la frontera o apertura de noves vies de comunicaci&oacute;?&rdquo;<\/span><\/b><\/p>\n<p style=\"margin-bottom: 0.0001pt; text-align: justify; background-image: initial; background-position: initial; background-repeat: initial; background-attachment: initial;\"><span style=\"color: black;\">&#8211; Dr. Gonzalo Escribano Franc&eacute;s, director del Programa <i>Energ&iacute;a y Cambio Clim&aacute;tico<\/i> del Real Instituto Elcano.<\/span><\/p>\n<p style=\"margin-bottom: 0.0001pt; text-align: justify; background-image: initial; background-position: initial; background-repeat: initial; background-attachment: initial;\"><span style=\"color: black;\"><\/span><\/p>\n<p style=\"margin-bottom: 0.0001pt; text-align: justify; background-image: initial; background-position: initial; background-repeat: initial; background-attachment: initial;\"><span style=\"color: black;\">&#8211; Dr. Kamrul Hossain,&nbsp;director del&nbsp;<i>Northern Institute for Environmental and Minority Law<\/i> del&nbsp;Arctic Centre de la University of Lapland (Finl&agrave;ndia). <em>(*En angl&egrave;s)<\/em><\/span><\/p>\n<p style=\"margin-bottom: 0.0001pt; text-align: justify; background-image: initial; background-position: initial; background-repeat: initial; background-attachment: initial;\"><span style=\"color: black;\"><\/span><\/p>\n<p style=\"margin-bottom: 0.0001pt; text-align: justify; background-image: initial; background-position: initial; background-repeat: initial; background-attachment: initial;\"><span style=\"color: black;\">&#8211; Dr. Mar Campins, professora de Dret Internacional P&uacute;blic, Universitat de Barcelona.<\/span><\/p>\n<p>&nbsp;<\/p>\n<p style=\"margin-bottom: 0.0001pt; text-align: justify;\"><b>Modera:<\/b>&nbsp;Dra. Aur&egrave;lia Ma&ntilde;&eacute;, professora de <span class=\"st\">Pol&iacute;tica Econ&ograve;mica i Estructura Econ&ograve;mica Mundial, <\/span>Universitat de Barcelona.<\/p>\n<p>&nbsp;<\/p>\n<p style=\"margin-bottom: 0.0001pt; text-align: justify;\"><b><span style=\"color: #1f497d;\"><\/span><\/b><\/p>\n<p style=\"margin-bottom: 0.0001pt; text-align: justify;\"><b><span style=\"color: #1f497d;\">18:50 h. &ndash; 19:00 h. <\/span><\/b><b>CLOENDA DE LA JORNADA<\/b><\/p>\n<p>&nbsp;<\/p>\n<p><em>Col&middot;laboradors: &nbsp;<\/em><\/p>\n<table border=\"0\" style=\"background-color: #ffffff; height: 178px; width: 444px;\">\n<tbody>\n<tr>\n<td style=\"width: 225px;\">\n<p>&nbsp;<img decoding=\"async\" class=\" size-full wp-image-2620\" src=\"https:\/\/www.ceibcn.com\/wp-content\/uploads\/2017\/04\/fundacio-la-caixa-sense-fons.png\" alt=\"fundacio la caixa sense fons\" width=\"182\" height=\"80\" srcset=\"https:\/\/www.ceibcn.com\/wp-content\/uploads\/2017\/04\/fundacio-la-caixa-sense-fons.png 2950w, https:\/\/www.ceibcn.com\/wp-content\/uploads\/2017\/04\/fundacio-la-caixa-sense-fons-300x133.png 300w, https:\/\/www.ceibcn.com\/wp-content\/uploads\/2017\/04\/fundacio-la-caixa-sense-fons-768x339.png 768w, https:\/\/www.ceibcn.com\/wp-content\/uploads\/2017\/04\/fundacio-la-caixa-sense-fons-1536x678.png 1536w, https:\/\/www.ceibcn.com\/wp-content\/uploads\/2017\/04\/fundacio-la-caixa-sense-fons-2048x905.png 2048w, https:\/\/www.ceibcn.com\/wp-content\/uploads\/2017\/04\/fundacio-la-caixa-sense-fons-150x66.png 150w\" sizes=\"(max-width: 182px) 100vw, 182px\" \/><\/p>\n<\/td>\n<td><img loading=\"lazy\" decoding=\"async\" class=\" size-full wp-image-2623\" src=\"https:\/\/www.ceibcn.com\/wp-content\/uploads\/2017\/04\/Logotipo_del_Ministerio_de_Economia_Industria_y_Competitividad.png\" alt=\"Logotipo del Ministerio de Econom&iacute;a Industria y Competitividad\" width=\"319\" height=\"82\" srcset=\"https:\/\/www.ceibcn.com\/wp-content\/uploads\/2017\/04\/Logotipo_del_Ministerio_de_Economia_Industria_y_Competitividad.png 1280w, https:\/\/www.ceibcn.com\/wp-content\/uploads\/2017\/04\/Logotipo_del_Ministerio_de_Economia_Industria_y_Competitividad-300x77.png 300w, https:\/\/www.ceibcn.com\/wp-content\/uploads\/2017\/04\/Logotipo_del_Ministerio_de_Economia_Industria_y_Competitividad-768x198.png 768w, https:\/\/www.ceibcn.com\/wp-content\/uploads\/2017\/04\/Logotipo_del_Ministerio_de_Economia_Industria_y_Competitividad-150x39.png 150w\" sizes=\"(max-width: 319px) 100vw, 319px\" \/><\/td>\n<\/tr>\n<tr>\n<td>M&aacute;ster en Internacionalizaci&oacute;n UB y M&aacute;ster en Mercados Financieros UB<\/td>\n<td>\n<p>&nbsp;<img loading=\"lazy\" decoding=\"async\" class=\" size-full wp-image-2626\" src=\"https:\/\/www.ceibcn.com\/wp-content\/uploads\/2017\/04\/icip_LOGO.jpg\" alt=\"icip LOGO\" width=\"124\" height=\"97\" style=\"display: block; margin-left: auto; margin-right: auto;\" srcset=\"https:\/\/www.ceibcn.com\/wp-content\/uploads\/2017\/04\/icip_LOGO.jpg 224w, https:\/\/www.ceibcn.com\/wp-content\/uploads\/2017\/04\/icip_LOGO-150x117.jpg 150w\" sizes=\"(max-width: 124px) 100vw, 124px\" \/><\/p>\n<\/td>\n<\/tr>\n<\/tbody>\n<\/table>\n<p>&nbsp;<\/p>\n<p style=\"text-align: justify;\"><span style=\"color: #118ec9; font-size-anulat: 14px; font-weight: bold;\">Informaci&oacute; General<\/span><\/p>\n<p>Data:&nbsp;<strong>11 de maig de 2017<\/strong><\/p>\n<p>Lloc:&nbsp;<strong>Palau Macaya&nbsp;<\/strong>(Passeig de Sant Joan, 108, Barcelona)&nbsp;<\/p>\n<p>Per assistir a la Jornada &eacute;s imprescindible inscriure&#8217;s pr&egrave;viament indicant nom, cognoms i DNI enviant un mail a: <a href=\"mailto:info@ceibcn.com\">info@ceibcn.com<\/a><\/p>\n","protected":false},"excerpt":{"rendered":"<p>En els darrers temps estem assistint a canvis geopol&iacute;tics amb profundes implicacions socioecon&ograve;miques. Alguns han estat relativament inesperats.<\/p>\n","protected":false},"author":6,"featured_media":2614,"comment_status":"open","ping_status":"closed","sticky":false,"template":"","format":"standard","meta":{"_acf_changed":false,"_crdt_document":"","inline_featured_image":false,"footnotes":""},"categories":[67],"tags":[],"class_list":["post-2630","post","type-post","status-publish","format-standard","has-post-thumbnail","hentry","category-news"],"acf":[],"yoast_head":"<!-- This site is optimized with the Yoast SEO plugin v27.0 - https:\/\/yoast.com\/product\/yoast-seo-wordpress\/ -->\n<title>Seminari &quot;Canvis geopol\u00edtics: Noves realitats pol\u00edtiques i econ\u00f2miques globals&quot; - CEI International Affairs<\/title>\n<meta name=\"robots\" content=\"index, follow, max-snippet:-1, max-image-preview:large, max-video-preview:-1\" \/>\n<link rel=\"canonical\" href=\"https:\/\/www.ceibcn.com\/en\/2017\/04\/seminarib-canvis-geopolitics\/\" \/>\n<meta property=\"og:locale\" content=\"en_US\" \/>\n<meta property=\"og:type\" content=\"article\" \/>\n<meta property=\"og:title\" content=\"Seminari &quot;Canvis geopol\u00edtics: Noves realitats pol\u00edtiques i econ\u00f2miques globals&quot; - CEI International Affairs\" \/>\n<meta property=\"og:description\" content=\"En els darrers temps estem assistint a canvis geopol&iacute;tics amb profundes implicacions socioecon&ograve;miques. Alguns han estat relativament inesperats.\" \/>\n<meta property=\"og:url\" content=\"https:\/\/www.ceibcn.com\/en\/2017\/04\/seminarib-canvis-geopolitics\/\" \/>\n<meta property=\"og:site_name\" content=\"CEI International Affairs\" \/>\n<meta property=\"article:publisher\" content=\"https:\/\/www.facebook.com\/CEI.CentroDeEstudiosInternacionales\/\" \/>\n<meta property=\"article:published_time\" content=\"2017-04-19T10:33:46+00:00\" \/>\n<meta property=\"og:image\" content=\"https:\/\/www.ceibcn.com\/wp-content\/uploads\/2017\/04\/CeiLogo_EscuelaDiploVectorized.jpg\" \/>\n\t<meta property=\"og:image:width\" content=\"1772\" \/>\n\t<meta property=\"og:image:height\" content=\"700\" \/>\n\t<meta property=\"og:image:type\" content=\"image\/jpeg\" \/>\n<meta name=\"author\" content=\"Cristian Romero Velasco\" \/>\n<meta name=\"twitter:card\" content=\"summary_large_image\" \/>\n<meta name=\"twitter:creator\" content=\"@CEIbcn\" \/>\n<meta name=\"twitter:site\" content=\"@CEIbcn\" \/>\n<meta name=\"twitter:label1\" content=\"Written by\" \/>\n\t<meta name=\"twitter:data1\" content=\"Cristian Romero Velasco\" \/>\n\t<meta name=\"twitter:label2\" content=\"Est. reading time\" \/>\n\t<meta name=\"twitter:data2\" content=\"3 minutes\" \/>\n<script type=\"application\/ld+json\" class=\"yoast-schema-graph\">{\"@context\":\"https:\/\/schema.org\",\"@graph\":[{\"@type\":\"Article\",\"@id\":\"https:\/\/www.ceibcn.com\/en\/2017\/04\/seminarib-canvis-geopolitics\/#article\",\"isPartOf\":{\"@id\":\"https:\/\/www.ceibcn.com\/en\/2017\/04\/seminarib-canvis-geopolitics\/\"},\"author\":{\"name\":\"Cristian Romero Velasco\",\"@id\":\"https:\/\/www.ceibcn.com\/en\/#\/schema\/person\/4ef9992ee2fbd3987a5e1834e5d5808d\"},\"headline\":\"Seminari &#8220;Canvis geopol\u00edtics: Noves realitats pol\u00edtiques i econ\u00f2miques globals&#8221;\",\"datePublished\":\"2017-04-19T10:33:46+00:00\",\"mainEntityOfPage\":{\"@id\":\"https:\/\/www.ceibcn.com\/en\/2017\/04\/seminarib-canvis-geopolitics\/\"},\"wordCount\":598,\"commentCount\":0,\"publisher\":{\"@id\":\"https:\/\/www.ceibcn.com\/en\/#organization\"},\"image\":{\"@id\":\"https:\/\/www.ceibcn.com\/en\/2017\/04\/seminarib-canvis-geopolitics\/#primaryimage\"},\"thumbnailUrl\":\"https:\/\/www.ceibcn.com\/wp-content\/uploads\/2017\/04\/CeiLogo_EscuelaDiploVectorized.jpg\",\"articleSection\":[\"News\"],\"inLanguage\":\"en-US\",\"potentialAction\":[{\"@type\":\"CommentAction\",\"name\":\"Comment\",\"target\":[\"https:\/\/www.ceibcn.com\/en\/2017\/04\/seminarib-canvis-geopolitics\/#respond\"]}]},{\"@type\":\"WebPage\",\"@id\":\"https:\/\/www.ceibcn.com\/en\/2017\/04\/seminarib-canvis-geopolitics\/\",\"url\":\"https:\/\/www.ceibcn.com\/en\/2017\/04\/seminarib-canvis-geopolitics\/\",\"name\":\"Seminari \\\"Canvis geopol\u00edtics: Noves realitats pol\u00edtiques i econ\u00f2miques globals\\\" - CEI International Affairs\",\"isPartOf\":{\"@id\":\"https:\/\/www.ceibcn.com\/en\/#website\"},\"primaryImageOfPage\":{\"@id\":\"https:\/\/www.ceibcn.com\/en\/2017\/04\/seminarib-canvis-geopolitics\/#primaryimage\"},\"image\":{\"@id\":\"https:\/\/www.ceibcn.com\/en\/2017\/04\/seminarib-canvis-geopolitics\/#primaryimage\"},\"thumbnailUrl\":\"https:\/\/www.ceibcn.com\/wp-content\/uploads\/2017\/04\/CeiLogo_EscuelaDiploVectorized.jpg\",\"datePublished\":\"2017-04-19T10:33:46+00:00\",\"breadcrumb\":{\"@id\":\"https:\/\/www.ceibcn.com\/en\/2017\/04\/seminarib-canvis-geopolitics\/#breadcrumb\"},\"inLanguage\":\"en-US\",\"potentialAction\":[{\"@type\":\"ReadAction\",\"target\":[\"https:\/\/www.ceibcn.com\/en\/2017\/04\/seminarib-canvis-geopolitics\/\"]}]},{\"@type\":\"ImageObject\",\"inLanguage\":\"en-US\",\"@id\":\"https:\/\/www.ceibcn.com\/en\/2017\/04\/seminarib-canvis-geopolitics\/#primaryimage\",\"url\":\"https:\/\/www.ceibcn.com\/wp-content\/uploads\/2017\/04\/CeiLogo_EscuelaDiploVectorized.jpg\",\"contentUrl\":\"https:\/\/www.ceibcn.com\/wp-content\/uploads\/2017\/04\/CeiLogo_EscuelaDiploVectorized.jpg\",\"width\":1772,\"height\":700,\"caption\":\"CeiLogo EscuelaDiploVectorized\"},{\"@type\":\"BreadcrumbList\",\"@id\":\"https:\/\/www.ceibcn.com\/en\/2017\/04\/seminarib-canvis-geopolitics\/#breadcrumb\",\"itemListElement\":[{\"@type\":\"ListItem\",\"position\":1,\"name\":\"Portada\",\"item\":\"https:\/\/www.ceibcn.com\/en\/\"},{\"@type\":\"ListItem\",\"position\":2,\"name\":\"Seminari \u00abCanvis geopol\u00edtics: Noves realitats pol\u00edtiques i econ\u00f2miques globals\u00bb\"}]},{\"@type\":\"WebSite\",\"@id\":\"https:\/\/www.ceibcn.com\/en\/#website\",\"url\":\"https:\/\/www.ceibcn.com\/en\/\",\"name\":\"CEI International Affairs\",\"description\":\"CEI International Affairs\",\"publisher\":{\"@id\":\"https:\/\/www.ceibcn.com\/en\/#organization\"},\"alternateName\":\"CEI International Affairs\",\"potentialAction\":[{\"@type\":\"SearchAction\",\"target\":{\"@type\":\"EntryPoint\",\"urlTemplate\":\"https:\/\/www.ceibcn.com\/en\/?s={search_term_string}\"},\"query-input\":{\"@type\":\"PropertyValueSpecification\",\"valueRequired\":true,\"valueName\":\"search_term_string\"}}],\"inLanguage\":\"en-US\"},{\"@type\":\"Organization\",\"@id\":\"https:\/\/www.ceibcn.com\/en\/#organization\",\"name\":\"CEI International Affairs\",\"url\":\"https:\/\/www.ceibcn.com\/en\/\",\"logo\":{\"@type\":\"ImageObject\",\"inLanguage\":\"en-US\",\"@id\":\"https:\/\/www.ceibcn.com\/en\/#\/schema\/logo\/image\/\",\"url\":\"https:\/\/www.ceibcn.com\/wp-content\/uploads\/2021\/09\/CeiLogo_EscuelaDiploVectorized_vectorizedSIN_FONDO.png\",\"contentUrl\":\"https:\/\/www.ceibcn.com\/wp-content\/uploads\/2021\/09\/CeiLogo_EscuelaDiploVectorized_vectorizedSIN_FONDO.png\",\"width\":1591,\"height\":629,\"caption\":\"CEI International Affairs\"},\"image\":{\"@id\":\"https:\/\/www.ceibcn.com\/en\/#\/schema\/logo\/image\/\"},\"sameAs\":[\"https:\/\/www.facebook.com\/CEI.CentroDeEstudiosInternacionales\/\",\"https:\/\/x.com\/CEIbcn\",\"https:\/\/www.instagram.com\/cei_international\/\"]},{\"@type\":\"Person\",\"@id\":\"https:\/\/www.ceibcn.com\/en\/#\/schema\/person\/4ef9992ee2fbd3987a5e1834e5d5808d\",\"name\":\"Cristian Romero Velasco\",\"image\":{\"@type\":\"ImageObject\",\"inLanguage\":\"en-US\",\"@id\":\"https:\/\/www.ceibcn.com\/en\/#\/schema\/person\/image\/\",\"url\":\"https:\/\/secure.gravatar.com\/avatar\/d78c33ad7f1570635ae9c9cb6274fe682bd5872dfde7a5448127d7825dd90943?s=96&d=mm&r=g\",\"contentUrl\":\"https:\/\/secure.gravatar.com\/avatar\/d78c33ad7f1570635ae9c9cb6274fe682bd5872dfde7a5448127d7825dd90943?s=96&d=mm&r=g\",\"caption\":\"Cristian Romero Velasco\"},\"url\":\"https:\/\/www.ceibcn.com\/en\/author\/cristian\/\"}]}<\/script>\n<!-- \/ Yoast SEO plugin. -->","yoast_head_json":{"title":"Seminari \"Canvis geopol\u00edtics: Noves realitats pol\u00edtiques i econ\u00f2miques globals\" - CEI International Affairs","robots":{"index":"index","follow":"follow","max-snippet":"max-snippet:-1","max-image-preview":"max-image-preview:large","max-video-preview":"max-video-preview:-1"},"canonical":"https:\/\/www.ceibcn.com\/en\/2017\/04\/seminarib-canvis-geopolitics\/","og_locale":"en_US","og_type":"article","og_title":"Seminari \"Canvis geopol\u00edtics: Noves realitats pol\u00edtiques i econ\u00f2miques globals\" - CEI International Affairs","og_description":"En els darrers temps estem assistint a canvis geopol&iacute;tics amb profundes implicacions socioecon&ograve;miques. Alguns han estat relativament inesperats.","og_url":"https:\/\/www.ceibcn.com\/en\/2017\/04\/seminarib-canvis-geopolitics\/","og_site_name":"CEI International Affairs","article_publisher":"https:\/\/www.facebook.com\/CEI.CentroDeEstudiosInternacionales\/","article_published_time":"2017-04-19T10:33:46+00:00","og_image":[{"width":1772,"height":700,"url":"https:\/\/www.ceibcn.com\/wp-content\/uploads\/2017\/04\/CeiLogo_EscuelaDiploVectorized.jpg","type":"image\/jpeg"}],"author":"Cristian Romero Velasco","twitter_card":"summary_large_image","twitter_creator":"@CEIbcn","twitter_site":"@CEIbcn","twitter_misc":{"Written by":"Cristian Romero Velasco","Est. reading time":"3 minutes"},"schema":{"@context":"https:\/\/schema.org","@graph":[{"@type":"Article","@id":"https:\/\/www.ceibcn.com\/en\/2017\/04\/seminarib-canvis-geopolitics\/#article","isPartOf":{"@id":"https:\/\/www.ceibcn.com\/en\/2017\/04\/seminarib-canvis-geopolitics\/"},"author":{"name":"Cristian Romero Velasco","@id":"https:\/\/www.ceibcn.com\/en\/#\/schema\/person\/4ef9992ee2fbd3987a5e1834e5d5808d"},"headline":"Seminari &#8220;Canvis geopol\u00edtics: Noves realitats pol\u00edtiques i econ\u00f2miques globals&#8221;","datePublished":"2017-04-19T10:33:46+00:00","mainEntityOfPage":{"@id":"https:\/\/www.ceibcn.com\/en\/2017\/04\/seminarib-canvis-geopolitics\/"},"wordCount":598,"commentCount":0,"publisher":{"@id":"https:\/\/www.ceibcn.com\/en\/#organization"},"image":{"@id":"https:\/\/www.ceibcn.com\/en\/2017\/04\/seminarib-canvis-geopolitics\/#primaryimage"},"thumbnailUrl":"https:\/\/www.ceibcn.com\/wp-content\/uploads\/2017\/04\/CeiLogo_EscuelaDiploVectorized.jpg","articleSection":["News"],"inLanguage":"en-US","potentialAction":[{"@type":"CommentAction","name":"Comment","target":["https:\/\/www.ceibcn.com\/en\/2017\/04\/seminarib-canvis-geopolitics\/#respond"]}]},{"@type":"WebPage","@id":"https:\/\/www.ceibcn.com\/en\/2017\/04\/seminarib-canvis-geopolitics\/","url":"https:\/\/www.ceibcn.com\/en\/2017\/04\/seminarib-canvis-geopolitics\/","name":"Seminari \"Canvis geopol\u00edtics: Noves realitats pol\u00edtiques i econ\u00f2miques globals\" - CEI International Affairs","isPartOf":{"@id":"https:\/\/www.ceibcn.com\/en\/#website"},"primaryImageOfPage":{"@id":"https:\/\/www.ceibcn.com\/en\/2017\/04\/seminarib-canvis-geopolitics\/#primaryimage"},"image":{"@id":"https:\/\/www.ceibcn.com\/en\/2017\/04\/seminarib-canvis-geopolitics\/#primaryimage"},"thumbnailUrl":"https:\/\/www.ceibcn.com\/wp-content\/uploads\/2017\/04\/CeiLogo_EscuelaDiploVectorized.jpg","datePublished":"2017-04-19T10:33:46+00:00","breadcrumb":{"@id":"https:\/\/www.ceibcn.com\/en\/2017\/04\/seminarib-canvis-geopolitics\/#breadcrumb"},"inLanguage":"en-US","potentialAction":[{"@type":"ReadAction","target":["https:\/\/www.ceibcn.com\/en\/2017\/04\/seminarib-canvis-geopolitics\/"]}]},{"@type":"ImageObject","inLanguage":"en-US","@id":"https:\/\/www.ceibcn.com\/en\/2017\/04\/seminarib-canvis-geopolitics\/#primaryimage","url":"https:\/\/www.ceibcn.com\/wp-content\/uploads\/2017\/04\/CeiLogo_EscuelaDiploVectorized.jpg","contentUrl":"https:\/\/www.ceibcn.com\/wp-content\/uploads\/2017\/04\/CeiLogo_EscuelaDiploVectorized.jpg","width":1772,"height":700,"caption":"CeiLogo EscuelaDiploVectorized"},{"@type":"BreadcrumbList","@id":"https:\/\/www.ceibcn.com\/en\/2017\/04\/seminarib-canvis-geopolitics\/#breadcrumb","itemListElement":[{"@type":"ListItem","position":1,"name":"Portada","item":"https:\/\/www.ceibcn.com\/en\/"},{"@type":"ListItem","position":2,"name":"Seminari \u00abCanvis geopol\u00edtics: Noves realitats pol\u00edtiques i econ\u00f2miques globals\u00bb"}]},{"@type":"WebSite","@id":"https:\/\/www.ceibcn.com\/en\/#website","url":"https:\/\/www.ceibcn.com\/en\/","name":"CEI International Affairs","description":"CEI International Affairs","publisher":{"@id":"https:\/\/www.ceibcn.com\/en\/#organization"},"alternateName":"CEI International Affairs","potentialAction":[{"@type":"SearchAction","target":{"@type":"EntryPoint","urlTemplate":"https:\/\/www.ceibcn.com\/en\/?s={search_term_string}"},"query-input":{"@type":"PropertyValueSpecification","valueRequired":true,"valueName":"search_term_string"}}],"inLanguage":"en-US"},{"@type":"Organization","@id":"https:\/\/www.ceibcn.com\/en\/#organization","name":"CEI International Affairs","url":"https:\/\/www.ceibcn.com\/en\/","logo":{"@type":"ImageObject","inLanguage":"en-US","@id":"https:\/\/www.ceibcn.com\/en\/#\/schema\/logo\/image\/","url":"https:\/\/www.ceibcn.com\/wp-content\/uploads\/2021\/09\/CeiLogo_EscuelaDiploVectorized_vectorizedSIN_FONDO.png","contentUrl":"https:\/\/www.ceibcn.com\/wp-content\/uploads\/2021\/09\/CeiLogo_EscuelaDiploVectorized_vectorizedSIN_FONDO.png","width":1591,"height":629,"caption":"CEI International Affairs"},"image":{"@id":"https:\/\/www.ceibcn.com\/en\/#\/schema\/logo\/image\/"},"sameAs":["https:\/\/www.facebook.com\/CEI.CentroDeEstudiosInternacionales\/","https:\/\/x.com\/CEIbcn","https:\/\/www.instagram.com\/cei_international\/"]},{"@type":"Person","@id":"https:\/\/www.ceibcn.com\/en\/#\/schema\/person\/4ef9992ee2fbd3987a5e1834e5d5808d","name":"Cristian Romero Velasco","image":{"@type":"ImageObject","inLanguage":"en-US","@id":"https:\/\/www.ceibcn.com\/en\/#\/schema\/person\/image\/","url":"https:\/\/secure.gravatar.com\/avatar\/d78c33ad7f1570635ae9c9cb6274fe682bd5872dfde7a5448127d7825dd90943?s=96&d=mm&r=g","contentUrl":"https:\/\/secure.gravatar.com\/avatar\/d78c33ad7f1570635ae9c9cb6274fe682bd5872dfde7a5448127d7825dd90943?s=96&d=mm&r=g","caption":"Cristian Romero Velasco"},"url":"https:\/\/www.ceibcn.com\/en\/author\/cristian\/"}]}},"_links":{"self":[{"href":"https:\/\/www.ceibcn.com\/en\/wp-json\/wp\/v2\/posts\/2630","targetHints":{"allow":["GET"]}}],"collection":[{"href":"https:\/\/www.ceibcn.com\/en\/wp-json\/wp\/v2\/posts"}],"about":[{"href":"https:\/\/www.ceibcn.com\/en\/wp-json\/wp\/v2\/types\/post"}],"author":[{"embeddable":true,"href":"https:\/\/www.ceibcn.com\/en\/wp-json\/wp\/v2\/users\/6"}],"replies":[{"embeddable":true,"href":"https:\/\/www.ceibcn.com\/en\/wp-json\/wp\/v2\/comments?post=2630"}],"version-history":[{"count":0,"href":"https:\/\/www.ceibcn.com\/en\/wp-json\/wp\/v2\/posts\/2630\/revisions"}],"wp:featuredmedia":[{"embeddable":true,"href":"https:\/\/www.ceibcn.com\/en\/wp-json\/wp\/v2\/media\/2614"}],"wp:attachment":[{"href":"https:\/\/www.ceibcn.com\/en\/wp-json\/wp\/v2\/media?parent=2630"}],"wp:term":[{"taxonomy":"category","embeddable":true,"href":"https:\/\/www.ceibcn.com\/en\/wp-json\/wp\/v2\/categories?post=2630"},{"taxonomy":"post_tag","embeddable":true,"href":"https:\/\/www.ceibcn.com\/en\/wp-json\/wp\/v2\/tags?post=2630"}],"curies":[{"name":"wp","href":"https:\/\/api.w.org\/{rel}","templated":true}]}}