{"id":2854,"date":"2018-04-18T08:15:26","date_gmt":"2018-04-18T08:15:26","guid":{"rendered":"https:\/\/www.ceibcn.com\/2018\/04\/relatoria-del-encuentro-con-el-embajador-de-espana-en-arabia-saudi\/"},"modified":"2018-04-18T08:15:26","modified_gmt":"2018-04-18T08:15:26","slug":"relatoria-del-encuentro-con-el-embajador-de-espana-en-arabia-saudi","status":"publish","type":"post","link":"https:\/\/www.ceibcn.com\/en\/2018\/04\/relatoria-del-encuentro-con-el-embajador-de-espana-en-arabia-saudi\/","title":{"rendered":"Relator\u00eda del encuentro con el Embajador de Espa\u00f1a en Arabia Saud\u00ed"},"content":{"rendered":"<p>El pasado martes 6 de marzo el&nbsp;<strong>Embajador de Espa&ntilde;a en Arabia Saud&iacute;<\/strong>, el Excmo. Sr. D.<strong>&nbsp;&Aacute;lvaro Iranzo Guti&eacute;rrez<\/strong>, fue invitado a presentar informaci&oacute;n sobre la situaci&oacute;n pol&iacute;tica.<\/p>\n<p><!--more--><\/p>\n<p>El pasado martes 6 de marzo el <strong>Embajador de Espa&ntilde;a en Arabia Saud&iacute;<\/strong>, el Excmo. Sr. D.<strong> &Aacute;lvaro Iranzo Guti&eacute;rrez<\/strong>, fue invitado a presentar informaci&oacute;n sobre la situaci&oacute;n pol&iacute;tica, econ&oacute;mica y social, as&iacute; como sobre las relaciones diplom&aacute;ticas entre Espa&ntilde;a y Arabia Saud&iacute; en el marco del Programa <a href=\"aula-internacional\">Aula Internacional<\/a>&nbsp;del CEI.&nbsp;Acudieron al encuentro importantes personalidades representantes del mundo empresarial, econ&oacute;mico e institucional, as&iacute; como otros miembros de la diplomacia espa&ntilde;ola.<\/p>\n<p>&nbsp;<\/p>\n<p>El embajador empez&oacute; describiendo a Arabia Saud&iacute; como uno de los pa&iacute;ses m&aacute;s importantes de <strong>Oriente Medio<\/strong>, destacando su econom&iacute;a (con un PIB de 700.000 millones de d&oacute;lares) y su influencia pol&iacute;tica en la regi&oacute;n, al ser la cuna del Islam. Arabia Saud&iacute; tiene una econom&iacute;a que se ha basado, hist&oacute;ricamente y de manera fundamental, en el petr&oacute;leo, del cual es el primer exportador mundial, permiti&eacute;ndole ser considerada una de las veinte econom&iacute;as m&aacute;s importantes del mundo.&nbsp;Particularmente, Arabia Saud&iacute; ha presentado en sus 3 &uacute;ltimos ejercicios un d&eacute;ficit p&uacute;blico que se calcula que podr&iacute;a llegar al 16%, pero ha podido financiar el d&eacute;ficit endeud&aacute;ndose con mercados exteriores por primera vez gracias a sus amplias reservas de divisas, manteniendo su calidad crediticia con una nota A.<\/p>\n<p>&nbsp;<\/p>\n<p><img fetchpriority=\"high\" decoding=\"async\" class=\" size-full wp-image-2845\" src=\"https:\/\/www.ceibcn.com\/wp-content\/uploads\/2018\/04\/Riad.png\" alt=\"Aula Arabia Saud&iacute;\" width=\"322\" height=\"201\" class=\"custom-image\" style=\"display: block; margin-left: auto; margin-right: auto;\" srcset=\"https:\/\/www.ceibcn.com\/wp-content\/uploads\/2018\/04\/Riad.png 640w, https:\/\/www.ceibcn.com\/wp-content\/uploads\/2018\/04\/Riad-300x188.png 300w, https:\/\/www.ceibcn.com\/wp-content\/uploads\/2018\/04\/Riad-150x94.png 150w\" sizes=\"(max-width: 322px) 100vw, 322px\" \/><\/p>\n<p>&nbsp;<\/p>\n<p>El primer aspecto que destac&oacute; el embajador fueron las recientes decisiones pol&iacute;ticas que han marcado una evoluci&oacute;n en la situaci&oacute;n y expectativas del pa&iacute;s. Por primera vez desde 1932, el Rey Salman bin Abdulaziz Al Saud ha acordado su sucesi&oacute;n produci&eacute;ndose un salto generacional, siendo el Pr&iacute;ncipe Mohamed Bin Salman de 32 a&ntilde;os el elegido para sucederle, suponiendo, por su corta edad, un cambio radical en la tradicional l&iacute;nea de sucesi&oacute;n. Existe una gran esperanza en que dicho <strong>cambio generacional<\/strong>, a trav&eacute;s de la Visi&oacute;n 2030 del Pr&iacute;ncipe heredero, permita implementar el<strong> cambio estructural que necesita Arabia Saud&iacute;<\/strong> a los efectos de tener una base productiva m&aacute;s diversificada y una econom&iacute;a que no dependa exclusivamente del petr&oacute;leo.<\/p>\n<p>&nbsp;<\/p>\n<p>As&iacute; mismo, el Embajador remarc&oacute; que las relaciones entre Espa&ntilde;a y Arabia Saud&iacute;, caracterizadas por un mutuo aprecio, carecen de relaci&oacute;n contempor&aacute;nea marcada, pero surgen del <strong>v&iacute;nculo hist&oacute;rico compartido entre Espa&ntilde;a y el mundo &aacute;rabe.<\/strong> La evocaci&oacute;n de Espa&ntilde;a para los saud&iacute;es implica prestigio cultural e hist&oacute;rico. Estas relaciones, adem&aacute;s, se ven reforzadas por la fuerte conexi&oacute;n entre las casas reales de ambos pa&iacute;ses, el reconocimiento de los saud&iacute;es del atractivo tur&iacute;stico de Espa&ntilde;a y, de forma anecd&oacute;tica, por el seguimiento al f&uacute;tbol espa&ntilde;ol que los ciudadanos saud&iacute;es aprecian tanto.&nbsp;<\/p>\n<p>&nbsp;<img decoding=\"async\" class=\" size-full wp-image-2848\" src=\"https:\/\/www.ceibcn.com\/wp-content\/uploads\/2018\/04\/Riad1.png\" alt=\"Aula Arabia Saud&iacute;\" width=\"352\" height=\"220\" class=\"custom-image\" style=\"display: block; margin-left: auto; margin-right: auto;\" srcset=\"https:\/\/www.ceibcn.com\/wp-content\/uploads\/2018\/04\/Riad1.png 640w, https:\/\/www.ceibcn.com\/wp-content\/uploads\/2018\/04\/Riad1-300x188.png 300w, https:\/\/www.ceibcn.com\/wp-content\/uploads\/2018\/04\/Riad1-150x94.png 150w\" sizes=\"(max-width: 352px) 100vw, 352px\" \/><\/p>\n<p>&nbsp;<\/p>\n<p>Estas relaciones cordiales sirvieron de base s&oacute;lida para que la presencia empresarial espa&ntilde;ola en Arabia Saud&iacute; se desarrollara entorno a diversos sectores como las infraestructuras, el transporte, el tratamiento de aguas y una multitud de servicios para <a href=\"http:\/\/www.saudiaramco.com\/en\/home.html),\" target=\"_blank\" rel=\"noopener\">Saudi Aramco<\/a>, la que sin duda es la principal compa&ntilde;&iacute;a estatal. Se calcula que los intercambios econ&oacute;micos entre ambos pa&iacute;ses se sit&uacute;an entre 5 y 7 mil millones de Euros anuales, importando el 15% del crudo necesario en Espa&ntilde;a y exportando principalmente bienes de equipo. El embajador destac&oacute; la presencia espa&ntilde;ola en Arabia Saud&iacute; enumerando proyectos estrat&eacute;gicos como el <strong>AVE de La Meca a Medina<\/strong> o el metro de Riad entre otros.<\/p>\n<p>&nbsp;<\/p>\n<p>Tras el instrumento de planificaci&oacute;n del Pr&iacute;ncipe Mohamed Bin Salman denominado Visi&oacute;n 2030, existe el <strong>deseo de desarrollo y modernizaci&oacute;n econ&oacute;mica.<\/strong> Si bien el sector de las infraestructuras ha sufrido un par&oacute;n, determinados elementos clave como las carreteras de peaje o la privatizaci&oacute;n de la gesti&oacute;n aeroportuaria se mantienen fundamentales para el desarrollo de su econom&iacute;a. Otros sectores de marcada relevancia para las empresas espa&ntilde;olas han ganado protagonismo. Representan una gran oportunidad para &eacute;stas, sectores como las energ&iacute;as renovables, el agua en todas sus facetas (tratamiento, distribuci&oacute;n, desalaci&oacute;n), los servicios de educaci&oacute;n y formaci&oacute;n profesional, el entretenimiento con la creaci&oacute;n de grandes parques tem&aacute;ticos y el desarrollo deportivo y el turismo, tradicionalmente muy cerrado pero con un gran potencial, especialmente en la costa del Mar Rojo.<\/p>\n<p>&nbsp;<\/p>\n<p>Por otro lado, el sector privado est&aacute; llamado a aumentar su presencia en la econom&iacute;a saudita. Se ofrecer&aacute;n menos licitaciones de proyectos llave en mano que ser&aacute;n sustituidos por distintos tipos de asociaci&oacute;n p&uacute;blico-privada. La privatizaci&oacute;n de un 5% de Saudi Aramco permitir&aacute; crear un fondo soberano, que ser&aacute; un veh&iacute;culo de inversi&oacute;n a tener especialmente en cuenta para atraer inversiones en inmobiliario pero tambi&eacute;n en el sector industrial espa&ntilde;ol. El Sr. Iranzo Guti&eacute;rrez tambi&eacute;n apunt&oacute; la importancia del <strong>sector defensa<\/strong> para Arabia Saud&iacute;, que es el tercer importador mundial. Espa&ntilde;a ha sabido explotar esta faceta hasta ahora y deber&aacute; seguir haci&eacute;ndolo ante la necesidad saud&iacute; en esta materia, resaltando los acuerdos que se encuentran en fase de negociaci&oacute;n entre Arabia Saud&iacute; y Navantia o Airbus para la importaci&oacute;n de 5 corbetas y de transporte a&eacute;reo.<\/p>\n<p>&nbsp;<\/p>\n<p><img decoding=\"async\" class=\" size-full wp-image-2851\" src=\"https:\/\/www.ceibcn.com\/wp-content\/uploads\/2018\/04\/Riad11.png\" alt=\"Aula Arabia Saud&iacute;\" width=\"379\" height=\"237\" class=\"custom-image\" style=\"display: block; margin-left: auto; margin-right: auto;\" srcset=\"https:\/\/www.ceibcn.com\/wp-content\/uploads\/2018\/04\/Riad11.png 640w, https:\/\/www.ceibcn.com\/wp-content\/uploads\/2018\/04\/Riad11-300x188.png 300w, https:\/\/www.ceibcn.com\/wp-content\/uploads\/2018\/04\/Riad11-150x94.png 150w\" sizes=\"(max-width: 379px) 100vw, 379px\" \/><\/p>\n<p>&nbsp;<\/p>\n<p>El embajador hizo hincapi&eacute; en la <strong>fase de transici&oacute;n<\/strong> que vive el pa&iacute;s. Los inversores y empresarios reclaman seguridad jur&iacute;dica y determinadas garant&iacute;as que condicionar&aacute;n su presencia en el pa&iacute;s, pero se mostr&oacute; confiado en que estos elementos existir&aacute;n en un futuro cercano, destacando cambios legislativos, poniendo como ejemplo la nueva ley de quiebras o la transparencia en la adjudicaci&oacute;n de concursos, filtrados por asesores extranjeros. El mercado laboral tambi&eacute;n est&aacute; inmerso en una transformaci&oacute;n para dar cabida a la creciente demanda nacional de empleo, liderado por nuevas generaciones bien preparadas, especialmente el sector femenino, que reclama su sitio en el mundo laboral.<\/p>\n<p style=\"text-align: justify;\"><span style=\"font-family: 'Times New Roman', serif;\"><\/span><\/p>\n<p>&nbsp;<\/p>\n<p>Concluy&oacute; el acto poni&eacute;ndose, tanto &eacute;l como su oficina, a disposici&oacute;n de los presentes para cualquier informaci&oacute;n adicional o ayuda necesaria que pudiera requerirse en el desarrollo de <strong>proyectos o inversiones bilaterales tanto en Arabia Saud&iacute; como en Espa&ntilde;a<\/strong> y anim&oacute; a explorar las oportunidades que nacer&aacute;n de este cambio aprovechando las buenas relaciones entre Arabia Saud&iacute; y Espa&ntilde;a.<\/p>\n<p>&nbsp;<\/p>\n<blockquote>\n<p>Relator&iacute;a elaborada por Jordi Sixto<\/p>\n<p>Alumno de la&nbsp;<a href=\"carreradiplomatica\">Preparaci&oacute;n de la Oposici&oacute;n a la Carrera Diplom&aacute;tica<\/a><\/p>\n<\/blockquote>\n","protected":false},"excerpt":{"rendered":"<p>El pasado martes 6 de marzo el&nbsp;Embajador de Espa&ntilde;a en Arabia Saud&iacute;, el Excmo. Sr. D.&nbsp;&Aacute;lvaro Iranzo Guti&eacute;rrez, fue invitado a presentar informaci&oacute;n sobre la situaci&oacute;n pol&iacute;tica.<\/p>\n","protected":false},"author":6,"featured_media":2845,"comment_status":"open","ping_status":"closed","sticky":false,"template":"","format":"standard","meta":{"_acf_changed":false,"_crdt_document":"","inline_featured_image":false,"footnotes":""},"categories":[1],"tags":[],"class_list":["post-2854","post","type-post","status-publish","format-standard","has-post-thumbnail","hentry","category-sin-categoria"],"acf":[],"yoast_head":"<!-- This site is optimized with the Yoast SEO plugin v27.0 - https:\/\/yoast.com\/product\/yoast-seo-wordpress\/ -->\n<title>Relator\u00eda del encuentro con el Embajador de Espa\u00f1a en Arabia Saud\u00ed - CEI International Affairs<\/title>\n<meta name=\"robots\" content=\"index, follow, max-snippet:-1, max-image-preview:large, max-video-preview:-1\" \/>\n<link rel=\"canonical\" href=\"https:\/\/www.ceibcn.com\/en\/2018\/04\/relatoria-del-encuentro-con-el-embajador-de-espana-en-arabia-saudi\/\" \/>\n<meta property=\"og:locale\" content=\"en_US\" \/>\n<meta property=\"og:type\" content=\"article\" \/>\n<meta property=\"og:title\" content=\"Relator\u00eda del encuentro con el Embajador de Espa\u00f1a en Arabia Saud\u00ed - CEI International Affairs\" \/>\n<meta property=\"og:description\" content=\"El pasado martes 6 de marzo el&nbsp;Embajador de Espa&ntilde;a en Arabia Saud&iacute;, el Excmo. Sr. D.&nbsp;&Aacute;lvaro Iranzo Guti&eacute;rrez, fue invitado a presentar informaci&oacute;n sobre la situaci&oacute;n pol&iacute;tica.\" \/>\n<meta property=\"og:url\" content=\"https:\/\/www.ceibcn.com\/en\/2018\/04\/relatoria-del-encuentro-con-el-embajador-de-espana-en-arabia-saudi\/\" \/>\n<meta property=\"og:site_name\" content=\"CEI International Affairs\" \/>\n<meta property=\"article:publisher\" content=\"https:\/\/www.facebook.com\/CEI.CentroDeEstudiosInternacionales\/\" \/>\n<meta property=\"article:published_time\" content=\"2018-04-18T08:15:26+00:00\" \/>\n<meta property=\"og:image\" content=\"https:\/\/www.ceibcn.com\/wp-content\/uploads\/2018\/04\/Riad.png\" \/>\n\t<meta property=\"og:image:width\" content=\"640\" \/>\n\t<meta property=\"og:image:height\" content=\"400\" \/>\n\t<meta property=\"og:image:type\" content=\"image\/png\" \/>\n<meta name=\"author\" content=\"Cristian Romero Velasco\" \/>\n<meta name=\"twitter:card\" content=\"summary_large_image\" \/>\n<meta name=\"twitter:creator\" content=\"@CEIbcn\" \/>\n<meta name=\"twitter:site\" content=\"@CEIbcn\" \/>\n<meta name=\"twitter:label1\" content=\"Written by\" \/>\n\t<meta name=\"twitter:data1\" content=\"Cristian Romero Velasco\" \/>\n\t<meta name=\"twitter:label2\" content=\"Est. reading time\" \/>\n\t<meta name=\"twitter:data2\" content=\"6 minutes\" \/>\n<script type=\"application\/ld+json\" class=\"yoast-schema-graph\">{\"@context\":\"https:\/\/schema.org\",\"@graph\":[{\"@type\":\"Article\",\"@id\":\"https:\/\/www.ceibcn.com\/en\/2018\/04\/relatoria-del-encuentro-con-el-embajador-de-espana-en-arabia-saudi\/#article\",\"isPartOf\":{\"@id\":\"https:\/\/www.ceibcn.com\/en\/2018\/04\/relatoria-del-encuentro-con-el-embajador-de-espana-en-arabia-saudi\/\"},\"author\":{\"name\":\"Cristian Romero Velasco\",\"@id\":\"https:\/\/www.ceibcn.com\/en\/#\/schema\/person\/4ef9992ee2fbd3987a5e1834e5d5808d\"},\"headline\":\"Relator\u00eda del encuentro con el Embajador de Espa\u00f1a en Arabia Saud\u00ed\",\"datePublished\":\"2018-04-18T08:15:26+00:00\",\"mainEntityOfPage\":{\"@id\":\"https:\/\/www.ceibcn.com\/en\/2018\/04\/relatoria-del-encuentro-con-el-embajador-de-espana-en-arabia-saudi\/\"},\"wordCount\":1302,\"commentCount\":0,\"publisher\":{\"@id\":\"https:\/\/www.ceibcn.com\/en\/#organization\"},\"image\":{\"@id\":\"https:\/\/www.ceibcn.com\/en\/2018\/04\/relatoria-del-encuentro-con-el-embajador-de-espana-en-arabia-saudi\/#primaryimage\"},\"thumbnailUrl\":\"https:\/\/www.ceibcn.com\/wp-content\/uploads\/2018\/04\/Riad.png\",\"articleSection\":[\"Sin categor\u00eda\"],\"inLanguage\":\"en-US\",\"potentialAction\":[{\"@type\":\"CommentAction\",\"name\":\"Comment\",\"target\":[\"https:\/\/www.ceibcn.com\/en\/2018\/04\/relatoria-del-encuentro-con-el-embajador-de-espana-en-arabia-saudi\/#respond\"]}]},{\"@type\":\"WebPage\",\"@id\":\"https:\/\/www.ceibcn.com\/en\/2018\/04\/relatoria-del-encuentro-con-el-embajador-de-espana-en-arabia-saudi\/\",\"url\":\"https:\/\/www.ceibcn.com\/en\/2018\/04\/relatoria-del-encuentro-con-el-embajador-de-espana-en-arabia-saudi\/\",\"name\":\"Relator\u00eda del encuentro con el Embajador de Espa\u00f1a en Arabia Saud\u00ed - CEI International Affairs\",\"isPartOf\":{\"@id\":\"https:\/\/www.ceibcn.com\/en\/#website\"},\"primaryImageOfPage\":{\"@id\":\"https:\/\/www.ceibcn.com\/en\/2018\/04\/relatoria-del-encuentro-con-el-embajador-de-espana-en-arabia-saudi\/#primaryimage\"},\"image\":{\"@id\":\"https:\/\/www.ceibcn.com\/en\/2018\/04\/relatoria-del-encuentro-con-el-embajador-de-espana-en-arabia-saudi\/#primaryimage\"},\"thumbnailUrl\":\"https:\/\/www.ceibcn.com\/wp-content\/uploads\/2018\/04\/Riad.png\",\"datePublished\":\"2018-04-18T08:15:26+00:00\",\"breadcrumb\":{\"@id\":\"https:\/\/www.ceibcn.com\/en\/2018\/04\/relatoria-del-encuentro-con-el-embajador-de-espana-en-arabia-saudi\/#breadcrumb\"},\"inLanguage\":\"en-US\",\"potentialAction\":[{\"@type\":\"ReadAction\",\"target\":[\"https:\/\/www.ceibcn.com\/en\/2018\/04\/relatoria-del-encuentro-con-el-embajador-de-espana-en-arabia-saudi\/\"]}]},{\"@type\":\"ImageObject\",\"inLanguage\":\"en-US\",\"@id\":\"https:\/\/www.ceibcn.com\/en\/2018\/04\/relatoria-del-encuentro-con-el-embajador-de-espana-en-arabia-saudi\/#primaryimage\",\"url\":\"https:\/\/www.ceibcn.com\/wp-content\/uploads\/2018\/04\/Riad.png\",\"contentUrl\":\"https:\/\/www.ceibcn.com\/wp-content\/uploads\/2018\/04\/Riad.png\",\"width\":640,\"height\":400,\"caption\":\"Aula Arabia Saud&iacute;\"},{\"@type\":\"BreadcrumbList\",\"@id\":\"https:\/\/www.ceibcn.com\/en\/2018\/04\/relatoria-del-encuentro-con-el-embajador-de-espana-en-arabia-saudi\/#breadcrumb\",\"itemListElement\":[{\"@type\":\"ListItem\",\"position\":1,\"name\":\"Portada\",\"item\":\"https:\/\/www.ceibcn.com\/en\/\"},{\"@type\":\"ListItem\",\"position\":2,\"name\":\"Relator\u00eda del encuentro con el Embajador de Espa\u00f1a en Arabia Saud\u00ed\"}]},{\"@type\":\"WebSite\",\"@id\":\"https:\/\/www.ceibcn.com\/en\/#website\",\"url\":\"https:\/\/www.ceibcn.com\/en\/\",\"name\":\"CEI International Affairs\",\"description\":\"CEI International Affairs\",\"publisher\":{\"@id\":\"https:\/\/www.ceibcn.com\/en\/#organization\"},\"alternateName\":\"CEI International Affairs\",\"potentialAction\":[{\"@type\":\"SearchAction\",\"target\":{\"@type\":\"EntryPoint\",\"urlTemplate\":\"https:\/\/www.ceibcn.com\/en\/?s={search_term_string}\"},\"query-input\":{\"@type\":\"PropertyValueSpecification\",\"valueRequired\":true,\"valueName\":\"search_term_string\"}}],\"inLanguage\":\"en-US\"},{\"@type\":\"Organization\",\"@id\":\"https:\/\/www.ceibcn.com\/en\/#organization\",\"name\":\"CEI International Affairs\",\"url\":\"https:\/\/www.ceibcn.com\/en\/\",\"logo\":{\"@type\":\"ImageObject\",\"inLanguage\":\"en-US\",\"@id\":\"https:\/\/www.ceibcn.com\/en\/#\/schema\/logo\/image\/\",\"url\":\"https:\/\/www.ceibcn.com\/wp-content\/uploads\/2021\/09\/CeiLogo_EscuelaDiploVectorized_vectorizedSIN_FONDO.png\",\"contentUrl\":\"https:\/\/www.ceibcn.com\/wp-content\/uploads\/2021\/09\/CeiLogo_EscuelaDiploVectorized_vectorizedSIN_FONDO.png\",\"width\":1591,\"height\":629,\"caption\":\"CEI International Affairs\"},\"image\":{\"@id\":\"https:\/\/www.ceibcn.com\/en\/#\/schema\/logo\/image\/\"},\"sameAs\":[\"https:\/\/www.facebook.com\/CEI.CentroDeEstudiosInternacionales\/\",\"https:\/\/x.com\/CEIbcn\",\"https:\/\/www.instagram.com\/cei_international\/\"]},{\"@type\":\"Person\",\"@id\":\"https:\/\/www.ceibcn.com\/en\/#\/schema\/person\/4ef9992ee2fbd3987a5e1834e5d5808d\",\"name\":\"Cristian Romero Velasco\",\"image\":{\"@type\":\"ImageObject\",\"inLanguage\":\"en-US\",\"@id\":\"https:\/\/www.ceibcn.com\/en\/#\/schema\/person\/image\/\",\"url\":\"https:\/\/secure.gravatar.com\/avatar\/d78c33ad7f1570635ae9c9cb6274fe682bd5872dfde7a5448127d7825dd90943?s=96&d=mm&r=g\",\"contentUrl\":\"https:\/\/secure.gravatar.com\/avatar\/d78c33ad7f1570635ae9c9cb6274fe682bd5872dfde7a5448127d7825dd90943?s=96&d=mm&r=g\",\"caption\":\"Cristian Romero Velasco\"},\"url\":\"https:\/\/www.ceibcn.com\/en\/author\/cristian\/\"}]}<\/script>\n<!-- \/ Yoast SEO plugin. -->","yoast_head_json":{"title":"Relator\u00eda del encuentro con el Embajador de Espa\u00f1a en Arabia Saud\u00ed - CEI International Affairs","robots":{"index":"index","follow":"follow","max-snippet":"max-snippet:-1","max-image-preview":"max-image-preview:large","max-video-preview":"max-video-preview:-1"},"canonical":"https:\/\/www.ceibcn.com\/en\/2018\/04\/relatoria-del-encuentro-con-el-embajador-de-espana-en-arabia-saudi\/","og_locale":"en_US","og_type":"article","og_title":"Relator\u00eda del encuentro con el Embajador de Espa\u00f1a en Arabia Saud\u00ed - CEI International Affairs","og_description":"El pasado martes 6 de marzo el&nbsp;Embajador de Espa&ntilde;a en Arabia Saud&iacute;, el Excmo. Sr. D.&nbsp;&Aacute;lvaro Iranzo Guti&eacute;rrez, fue invitado a presentar informaci&oacute;n sobre la situaci&oacute;n pol&iacute;tica.","og_url":"https:\/\/www.ceibcn.com\/en\/2018\/04\/relatoria-del-encuentro-con-el-embajador-de-espana-en-arabia-saudi\/","og_site_name":"CEI International Affairs","article_publisher":"https:\/\/www.facebook.com\/CEI.CentroDeEstudiosInternacionales\/","article_published_time":"2018-04-18T08:15:26+00:00","og_image":[{"width":640,"height":400,"url":"https:\/\/www.ceibcn.com\/wp-content\/uploads\/2018\/04\/Riad.png","type":"image\/png"}],"author":"Cristian Romero Velasco","twitter_card":"summary_large_image","twitter_creator":"@CEIbcn","twitter_site":"@CEIbcn","twitter_misc":{"Written by":"Cristian Romero Velasco","Est. reading time":"6 minutes"},"schema":{"@context":"https:\/\/schema.org","@graph":[{"@type":"Article","@id":"https:\/\/www.ceibcn.com\/en\/2018\/04\/relatoria-del-encuentro-con-el-embajador-de-espana-en-arabia-saudi\/#article","isPartOf":{"@id":"https:\/\/www.ceibcn.com\/en\/2018\/04\/relatoria-del-encuentro-con-el-embajador-de-espana-en-arabia-saudi\/"},"author":{"name":"Cristian Romero Velasco","@id":"https:\/\/www.ceibcn.com\/en\/#\/schema\/person\/4ef9992ee2fbd3987a5e1834e5d5808d"},"headline":"Relator\u00eda del encuentro con el Embajador de Espa\u00f1a en Arabia Saud\u00ed","datePublished":"2018-04-18T08:15:26+00:00","mainEntityOfPage":{"@id":"https:\/\/www.ceibcn.com\/en\/2018\/04\/relatoria-del-encuentro-con-el-embajador-de-espana-en-arabia-saudi\/"},"wordCount":1302,"commentCount":0,"publisher":{"@id":"https:\/\/www.ceibcn.com\/en\/#organization"},"image":{"@id":"https:\/\/www.ceibcn.com\/en\/2018\/04\/relatoria-del-encuentro-con-el-embajador-de-espana-en-arabia-saudi\/#primaryimage"},"thumbnailUrl":"https:\/\/www.ceibcn.com\/wp-content\/uploads\/2018\/04\/Riad.png","articleSection":["Sin categor\u00eda"],"inLanguage":"en-US","potentialAction":[{"@type":"CommentAction","name":"Comment","target":["https:\/\/www.ceibcn.com\/en\/2018\/04\/relatoria-del-encuentro-con-el-embajador-de-espana-en-arabia-saudi\/#respond"]}]},{"@type":"WebPage","@id":"https:\/\/www.ceibcn.com\/en\/2018\/04\/relatoria-del-encuentro-con-el-embajador-de-espana-en-arabia-saudi\/","url":"https:\/\/www.ceibcn.com\/en\/2018\/04\/relatoria-del-encuentro-con-el-embajador-de-espana-en-arabia-saudi\/","name":"Relator\u00eda del encuentro con el Embajador de Espa\u00f1a en Arabia Saud\u00ed - CEI International Affairs","isPartOf":{"@id":"https:\/\/www.ceibcn.com\/en\/#website"},"primaryImageOfPage":{"@id":"https:\/\/www.ceibcn.com\/en\/2018\/04\/relatoria-del-encuentro-con-el-embajador-de-espana-en-arabia-saudi\/#primaryimage"},"image":{"@id":"https:\/\/www.ceibcn.com\/en\/2018\/04\/relatoria-del-encuentro-con-el-embajador-de-espana-en-arabia-saudi\/#primaryimage"},"thumbnailUrl":"https:\/\/www.ceibcn.com\/wp-content\/uploads\/2018\/04\/Riad.png","datePublished":"2018-04-18T08:15:26+00:00","breadcrumb":{"@id":"https:\/\/www.ceibcn.com\/en\/2018\/04\/relatoria-del-encuentro-con-el-embajador-de-espana-en-arabia-saudi\/#breadcrumb"},"inLanguage":"en-US","potentialAction":[{"@type":"ReadAction","target":["https:\/\/www.ceibcn.com\/en\/2018\/04\/relatoria-del-encuentro-con-el-embajador-de-espana-en-arabia-saudi\/"]}]},{"@type":"ImageObject","inLanguage":"en-US","@id":"https:\/\/www.ceibcn.com\/en\/2018\/04\/relatoria-del-encuentro-con-el-embajador-de-espana-en-arabia-saudi\/#primaryimage","url":"https:\/\/www.ceibcn.com\/wp-content\/uploads\/2018\/04\/Riad.png","contentUrl":"https:\/\/www.ceibcn.com\/wp-content\/uploads\/2018\/04\/Riad.png","width":640,"height":400,"caption":"Aula Arabia Saud&iacute;"},{"@type":"BreadcrumbList","@id":"https:\/\/www.ceibcn.com\/en\/2018\/04\/relatoria-del-encuentro-con-el-embajador-de-espana-en-arabia-saudi\/#breadcrumb","itemListElement":[{"@type":"ListItem","position":1,"name":"Portada","item":"https:\/\/www.ceibcn.com\/en\/"},{"@type":"ListItem","position":2,"name":"Relator\u00eda del encuentro con el Embajador de Espa\u00f1a en Arabia Saud\u00ed"}]},{"@type":"WebSite","@id":"https:\/\/www.ceibcn.com\/en\/#website","url":"https:\/\/www.ceibcn.com\/en\/","name":"CEI International Affairs","description":"CEI International Affairs","publisher":{"@id":"https:\/\/www.ceibcn.com\/en\/#organization"},"alternateName":"CEI International Affairs","potentialAction":[{"@type":"SearchAction","target":{"@type":"EntryPoint","urlTemplate":"https:\/\/www.ceibcn.com\/en\/?s={search_term_string}"},"query-input":{"@type":"PropertyValueSpecification","valueRequired":true,"valueName":"search_term_string"}}],"inLanguage":"en-US"},{"@type":"Organization","@id":"https:\/\/www.ceibcn.com\/en\/#organization","name":"CEI International Affairs","url":"https:\/\/www.ceibcn.com\/en\/","logo":{"@type":"ImageObject","inLanguage":"en-US","@id":"https:\/\/www.ceibcn.com\/en\/#\/schema\/logo\/image\/","url":"https:\/\/www.ceibcn.com\/wp-content\/uploads\/2021\/09\/CeiLogo_EscuelaDiploVectorized_vectorizedSIN_FONDO.png","contentUrl":"https:\/\/www.ceibcn.com\/wp-content\/uploads\/2021\/09\/CeiLogo_EscuelaDiploVectorized_vectorizedSIN_FONDO.png","width":1591,"height":629,"caption":"CEI International Affairs"},"image":{"@id":"https:\/\/www.ceibcn.com\/en\/#\/schema\/logo\/image\/"},"sameAs":["https:\/\/www.facebook.com\/CEI.CentroDeEstudiosInternacionales\/","https:\/\/x.com\/CEIbcn","https:\/\/www.instagram.com\/cei_international\/"]},{"@type":"Person","@id":"https:\/\/www.ceibcn.com\/en\/#\/schema\/person\/4ef9992ee2fbd3987a5e1834e5d5808d","name":"Cristian Romero Velasco","image":{"@type":"ImageObject","inLanguage":"en-US","@id":"https:\/\/www.ceibcn.com\/en\/#\/schema\/person\/image\/","url":"https:\/\/secure.gravatar.com\/avatar\/d78c33ad7f1570635ae9c9cb6274fe682bd5872dfde7a5448127d7825dd90943?s=96&d=mm&r=g","contentUrl":"https:\/\/secure.gravatar.com\/avatar\/d78c33ad7f1570635ae9c9cb6274fe682bd5872dfde7a5448127d7825dd90943?s=96&d=mm&r=g","caption":"Cristian Romero Velasco"},"url":"https:\/\/www.ceibcn.com\/en\/author\/cristian\/"}]}},"_links":{"self":[{"href":"https:\/\/www.ceibcn.com\/en\/wp-json\/wp\/v2\/posts\/2854","targetHints":{"allow":["GET"]}}],"collection":[{"href":"https:\/\/www.ceibcn.com\/en\/wp-json\/wp\/v2\/posts"}],"about":[{"href":"https:\/\/www.ceibcn.com\/en\/wp-json\/wp\/v2\/types\/post"}],"author":[{"embeddable":true,"href":"https:\/\/www.ceibcn.com\/en\/wp-json\/wp\/v2\/users\/6"}],"replies":[{"embeddable":true,"href":"https:\/\/www.ceibcn.com\/en\/wp-json\/wp\/v2\/comments?post=2854"}],"version-history":[{"count":0,"href":"https:\/\/www.ceibcn.com\/en\/wp-json\/wp\/v2\/posts\/2854\/revisions"}],"wp:featuredmedia":[{"embeddable":true,"href":"https:\/\/www.ceibcn.com\/en\/wp-json\/wp\/v2\/media\/2845"}],"wp:attachment":[{"href":"https:\/\/www.ceibcn.com\/en\/wp-json\/wp\/v2\/media?parent=2854"}],"wp:term":[{"taxonomy":"category","embeddable":true,"href":"https:\/\/www.ceibcn.com\/en\/wp-json\/wp\/v2\/categories?post=2854"},{"taxonomy":"post_tag","embeddable":true,"href":"https:\/\/www.ceibcn.com\/en\/wp-json\/wp\/v2\/tags?post=2854"}],"curies":[{"name":"wp","href":"https:\/\/api.w.org\/{rel}","templated":true}]}}