{"id":3193,"date":"2019-04-29T10:33:05","date_gmt":"2019-04-29T10:33:05","guid":{"rendered":"https:\/\/www.ceibcn.com\/2019\/04\/coneixes-el-projecte-eu-aid-volunteers-us-portem-3-vacants-de-voluntariat\/"},"modified":"2019-04-29T10:33:05","modified_gmt":"2019-04-29T10:33:05","slug":"coneixes-el-projecte-eu-aid-volunteers-us-portem-3-vacants-de-voluntariat","status":"publish","type":"post","link":"https:\/\/www.ceibcn.com\/en\/2019\/04\/coneixes-el-projecte-eu-aid-volunteers-us-portem-3-vacants-de-voluntariat\/","title":{"rendered":"Coneixes el projecte EU Aid Volunteers?"},"content":{"rendered":"<p>El <a href=\"https:\/\/drc.ngo\/\" target=\"_blank\" rel=\"noopener\">Danish Refugee Council<\/a> (DRC) est\u00e0 liderant un nou i emocionant projecte de la UE amb l&#8217;objectiu de reclutar persones com a part de la iniciativa d<em><strong>&#8216;EU Aid Volunteers<\/strong><\/em>. El projecte permet als ciutadans de la UE i residents de llarga durada a la Uni\u00f3 Europea participar dels <strong>programes d&#8217;ajuda humanit\u00e0ria i fomentar la seva carrera internacional<\/strong>.<\/p>\n<p>&nbsp;<\/p>\n<p><img fetchpriority=\"high\" decoding=\"async\" class=\" size-full wp-image-3185\" style=\"display: block; margin-left: auto; margin-right: auto;\" src=\"https:\/\/www.ceibcn.com\/wp-content\/uploads\/2019\/04\/Int_EUAID.jpg\" alt=\"Int EUAID\" width=\"500\" height=\"375\" srcset=\"https:\/\/www.ceibcn.com\/wp-content\/uploads\/2019\/04\/Int_EUAID.jpg 1473w, https:\/\/www.ceibcn.com\/wp-content\/uploads\/2019\/04\/Int_EUAID-300x225.jpg 300w, https:\/\/www.ceibcn.com\/wp-content\/uploads\/2019\/04\/Int_EUAID-768x576.jpg 768w, https:\/\/www.ceibcn.com\/wp-content\/uploads\/2019\/04\/Int_EUAID-150x112.jpg 150w\" sizes=\"(max-width: 500px) 100vw, 500px\" \/><\/p>\n<p>&nbsp;<\/p>\n<ul>\n<li><strong>Acabes de graduar-te?<\/strong><\/li>\n<\/ul>\n<p>&nbsp;<\/p>\n<p>Per als professionals joves, aquesta \u00e9s una gran oportunitat per a involucrar-se en projectes d&#8217;ajuda humanit\u00e0ria internacional. Com a voluntari d&#8217;EU Aid Volunteers millorar\u00e0s les teves habilitats en el camp de l&#8217;ajuda humanit\u00e0ria a trav\u00e9s d&#8217;una capacitaci\u00f3 profunda i experi\u00e8ncia pr\u00e0ctica en un pa\u00eds no pertanyent a la UE afectat per desastres naturals o en vies de desenvolupament.<\/p>\n<p>&nbsp;<\/p>\n<ul>\n<li><strong>Ets un professional experimentat?<\/strong><\/li>\n<\/ul>\n<p>&nbsp;<\/p>\n<p>Per a professionals amb experi\u00e8ncia, aquesta \u00e9s una gran oportunitat per a obtenir experi\u00e8ncies noves i internacionals, involucrant-se en projectes d&#8217;ajuda humanit\u00e0ria. Com a alt voluntari d&#8217;EU Aid Volunteers, podr\u00e0s enfortir i desenvolupar les teves skills sobre el terreny a trav\u00e9s d&#8217;una capacitaci\u00f3 profunda i experi\u00e8ncia pr\u00e0ctica de camp.<\/p>\n<p>&nbsp;<\/p>\n<ul>\n<li><strong>Es tracta de voluntariat remunerat?<\/strong><\/li>\n<\/ul>\n<p>&nbsp;<\/p>\n<p>En tots dos casos, la iniciativa cobreix les despeses dels voluntaris durant el training i l&#8217;estada: inclosos els costos de viatge, asseguran\u00e7a i allotjament. A m\u00e9s, els EU Aid Volunteers rebran un subsidi mensual de subsist\u00e8ncia que cobreix les despeses di\u00e0ries, com a aliments, transport local i altres.<\/p>\n<p>&nbsp;<\/p>\n<p>&nbsp;<\/p>\n<blockquote>\n<p><strong>La nostra experi\u00e8ncia al Projecte Hope:<\/strong><\/p>\n<p>&nbsp;<\/p>\n<\/blockquote>\n<p>El CEI International Affairs, juntament amb altres Universitats europees, est\u00e0 participant en el projecte Hope, liderat pel&nbsp;<a href=\"https:\/\/drc.ngo\/\" target=\"_blank\" rel=\"noopener\">Danish Refugee Council<\/a>, l&#8217;&nbsp;<a href=\"https:\/\/www.pagulasabi.ee\/en\" target=\"_blank\" rel=\"noopener\">Estonian Refugee Council<\/a>&nbsp;i&nbsp;<a href=\"https:\/\/www.alianzaporlasolidaridad.org\/es\/?gclid=Cj0KCQjw2IrmBRCJARIsAJZDdxAJrPOQlu8sa3KS6YEGD2O9qyhW739tIAf4-3Eis8QiRIk6j7fbn1EaArKgEALw_wcB\" target=\"_blank\" rel=\"noopener\">Alianza por la Solidaridad<\/a>.<\/p>\n<p>&nbsp;<\/p>\n<p>&nbsp;<\/p>\n<p>Com ja s\u2019ha comentat, l&#8217;objectiu principal d&#8217;<a href=\"https:\/\/ec.europa.eu\/echo\/what\/humanitarian-aid\/eu-aid-volunteers_en\" target=\"_blank\" rel=\"noopener\">EU Aid Volunteers<\/a> \u00e9s promoure la pres\u00e8ncia de joves europeus en aquest programa d&#8217;ajuda humanit\u00e0ria, aix\u00ed com anunciar les diferents vacants de voluntariat. Podr\u00e0s trobar les vacants d&#8217;EU Aid Volunteers a l&#8217;apartat <a href=\"ca\/2013-12-19-17-24-48\">Vacants Internacionals<\/a> de la nostra web.<\/p>\n<p>&nbsp;<\/p>\n<p>&nbsp;<\/p>\n<p>A m\u00e9s, el projecte Hope ens ha donat l&#8217;excel\u00b7lent oportunitat de convidar al <a href=\"ca\/master-diplomacia\">M\u00e0ster en Diplom\u00e0cia i Organitzacions Internacionals<\/a>&nbsp;a personalitats molt prestigioses, com el Sr.<a href=\"coneix-nos\/noticies\/1407-ens-visita-el-jutge-del-tribunal-penal-internacional-per-a-l-antiga-iugoslavia-el-sr-harhoff\"> F. Harhoff<\/a>, Jutge del Tribunal Penal Internacional per a l&#8217;Antiga Iugosl\u00e0via (TPIY), i al Sr. <a href=\"\/coneix-nos\/noticies\/1398-ens-visita-un-fiscal-del-tribunal-especial-per-a-sierra-leone-analitzem-el-paper-de-les-victimes\" target=\"_blank\" rel=\"noopener\">Mohamed A. Bangura<\/a>, Fiscal del Tribunal Especial per a Sierra Leone.<\/p>\n<p>&nbsp;<\/p>\n<p><img decoding=\"async\" class=\" size-full wp-image-3188\" style=\"display: block; margin-left: auto; margin-right: auto;\" src=\"https:\/\/www.ceibcn.com\/wp-content\/uploads\/2019\/04\/int_grupoEUAid.png\" alt=\"int grupoEUAid\" width=\"500\" height=\"355\" srcset=\"https:\/\/www.ceibcn.com\/wp-content\/uploads\/2019\/04\/int_grupoEUAid.png 811w, https:\/\/www.ceibcn.com\/wp-content\/uploads\/2019\/04\/int_grupoEUAid-300x213.png 300w, https:\/\/www.ceibcn.com\/wp-content\/uploads\/2019\/04\/int_grupoEUAid-768x545.png 768w, https:\/\/www.ceibcn.com\/wp-content\/uploads\/2019\/04\/int_grupoEUAid-150x107.png 150w\" sizes=\"(max-width: 500px) 100vw, 500px\" \/><\/p>\n<p>&nbsp;<\/p>\n<p>Per a finalitzar, la setmana passada, la nostra <strong>subdirectora, la Sra. Laura Mas<\/strong>, va viatjar a Tallinn, Est\u00f2nia, on va treballar amb l&#8217;equip del projecte Hope:<\/p>\n<p>&nbsp;<\/p>\n<p>Aquesta reuni\u00f3 a Est\u00f2nia tenia el prop\u00f2sit de crear una<strong> estrat\u00e8gia per a donar a con\u00e8ixer EU Aid Volunteers<\/strong> entre els joves europeus, a m\u00e9s d&#8217;assegurar-se (des de les Universitats) que aquests joves disposen de les capacitats suficients que es demanen en els voluntariats d&#8217;EU Aid Volunteers.<\/p>\n","protected":false},"excerpt":{"rendered":"<p>El Danish Refugee Council (DRC) est\u00e0 liderant un nou i emocionant projecte de la UE amb l&#8217;objectiu de reclutar persones com a part de la iniciativa d&#8216;EU Aid Volunteers. El projecte permet als ciutadans de la UE i residents de llarga durada a la Uni\u00f3 Europea participar dels programes d&#8217;ajuda humanit\u00e0ria i fomentar la seva [&hellip;]<\/p>\n","protected":false},"author":6,"featured_media":3185,"comment_status":"open","ping_status":"closed","sticky":false,"template":"","format":"standard","meta":{"_acf_changed":false,"_crdt_document":"","inline_featured_image":false,"footnotes":""},"categories":[67],"tags":[],"class_list":["post-3193","post","type-post","status-publish","format-standard","has-post-thumbnail","hentry","category-news"],"acf":[],"yoast_head":"<!-- This site is optimized with the Yoast SEO plugin v27.0 - https:\/\/yoast.com\/product\/yoast-seo-wordpress\/ -->\n<title>Coneixes el projecte EU Aid Volunteers? - CEI International Affairs<\/title>\n<meta name=\"robots\" content=\"index, follow, max-snippet:-1, max-image-preview:large, max-video-preview:-1\" \/>\n<link rel=\"canonical\" href=\"https:\/\/www.ceibcn.com\/en\/2019\/04\/coneixes-el-projecte-eu-aid-volunteers-us-portem-3-vacants-de-voluntariat\/\" \/>\n<meta property=\"og:locale\" content=\"en_US\" \/>\n<meta property=\"og:type\" content=\"article\" \/>\n<meta property=\"og:title\" content=\"Coneixes el projecte EU Aid Volunteers? - CEI International Affairs\" \/>\n<meta property=\"og:description\" content=\"El Danish Refugee Council (DRC) est\u00e0 liderant un nou i emocionant projecte de la UE amb l&#8217;objectiu de reclutar persones com a part de la iniciativa d&#8216;EU Aid Volunteers. El projecte permet als ciutadans de la UE i residents de llarga durada a la Uni\u00f3 Europea participar dels programes d&#8217;ajuda humanit\u00e0ria i fomentar la seva [&hellip;]\" \/>\n<meta property=\"og:url\" content=\"https:\/\/www.ceibcn.com\/en\/2019\/04\/coneixes-el-projecte-eu-aid-volunteers-us-portem-3-vacants-de-voluntariat\/\" \/>\n<meta property=\"og:site_name\" content=\"CEI International Affairs\" \/>\n<meta property=\"article:publisher\" content=\"https:\/\/www.facebook.com\/CEI.CentroDeEstudiosInternacionales\/\" \/>\n<meta property=\"article:published_time\" content=\"2019-04-29T10:33:05+00:00\" \/>\n<meta property=\"og:image\" content=\"https:\/\/www.ceibcn.com\/wp-content\/uploads\/2019\/04\/Int_EUAID.jpg\" \/>\n\t<meta property=\"og:image:width\" content=\"1473\" \/>\n\t<meta property=\"og:image:height\" content=\"1104\" \/>\n\t<meta property=\"og:image:type\" content=\"image\/jpeg\" \/>\n<meta name=\"author\" content=\"Cristian Romero Velasco\" \/>\n<meta name=\"twitter:card\" content=\"summary_large_image\" \/>\n<meta name=\"twitter:creator\" content=\"@CEIbcn\" \/>\n<meta name=\"twitter:site\" content=\"@CEIbcn\" \/>\n<meta name=\"twitter:label1\" content=\"Written by\" \/>\n\t<meta name=\"twitter:data1\" content=\"Cristian Romero Velasco\" \/>\n\t<meta name=\"twitter:label2\" content=\"Est. reading time\" \/>\n\t<meta name=\"twitter:data2\" content=\"2 minutes\" \/>\n<script type=\"application\/ld+json\" class=\"yoast-schema-graph\">{\"@context\":\"https:\/\/schema.org\",\"@graph\":[{\"@type\":\"Article\",\"@id\":\"https:\/\/www.ceibcn.com\/en\/2019\/04\/coneixes-el-projecte-eu-aid-volunteers-us-portem-3-vacants-de-voluntariat\/#article\",\"isPartOf\":{\"@id\":\"https:\/\/www.ceibcn.com\/en\/2019\/04\/coneixes-el-projecte-eu-aid-volunteers-us-portem-3-vacants-de-voluntariat\/\"},\"author\":{\"name\":\"Cristian Romero Velasco\",\"@id\":\"https:\/\/www.ceibcn.com\/en\/#\/schema\/person\/4ef9992ee2fbd3987a5e1834e5d5808d\"},\"headline\":\"Coneixes el projecte EU Aid Volunteers?\",\"datePublished\":\"2019-04-29T10:33:05+00:00\",\"mainEntityOfPage\":{\"@id\":\"https:\/\/www.ceibcn.com\/en\/2019\/04\/coneixes-el-projecte-eu-aid-volunteers-us-portem-3-vacants-de-voluntariat\/\"},\"wordCount\":512,\"commentCount\":0,\"publisher\":{\"@id\":\"https:\/\/www.ceibcn.com\/en\/#organization\"},\"image\":{\"@id\":\"https:\/\/www.ceibcn.com\/en\/2019\/04\/coneixes-el-projecte-eu-aid-volunteers-us-portem-3-vacants-de-voluntariat\/#primaryimage\"},\"thumbnailUrl\":\"https:\/\/www.ceibcn.com\/wp-content\/uploads\/2019\/04\/Int_EUAID.jpg\",\"articleSection\":[\"News\"],\"inLanguage\":\"en-US\",\"potentialAction\":[{\"@type\":\"CommentAction\",\"name\":\"Comment\",\"target\":[\"https:\/\/www.ceibcn.com\/en\/2019\/04\/coneixes-el-projecte-eu-aid-volunteers-us-portem-3-vacants-de-voluntariat\/#respond\"]}]},{\"@type\":\"WebPage\",\"@id\":\"https:\/\/www.ceibcn.com\/en\/2019\/04\/coneixes-el-projecte-eu-aid-volunteers-us-portem-3-vacants-de-voluntariat\/\",\"url\":\"https:\/\/www.ceibcn.com\/en\/2019\/04\/coneixes-el-projecte-eu-aid-volunteers-us-portem-3-vacants-de-voluntariat\/\",\"name\":\"Coneixes el projecte EU Aid Volunteers? - CEI International Affairs\",\"isPartOf\":{\"@id\":\"https:\/\/www.ceibcn.com\/en\/#website\"},\"primaryImageOfPage\":{\"@id\":\"https:\/\/www.ceibcn.com\/en\/2019\/04\/coneixes-el-projecte-eu-aid-volunteers-us-portem-3-vacants-de-voluntariat\/#primaryimage\"},\"image\":{\"@id\":\"https:\/\/www.ceibcn.com\/en\/2019\/04\/coneixes-el-projecte-eu-aid-volunteers-us-portem-3-vacants-de-voluntariat\/#primaryimage\"},\"thumbnailUrl\":\"https:\/\/www.ceibcn.com\/wp-content\/uploads\/2019\/04\/Int_EUAID.jpg\",\"datePublished\":\"2019-04-29T10:33:05+00:00\",\"breadcrumb\":{\"@id\":\"https:\/\/www.ceibcn.com\/en\/2019\/04\/coneixes-el-projecte-eu-aid-volunteers-us-portem-3-vacants-de-voluntariat\/#breadcrumb\"},\"inLanguage\":\"en-US\",\"potentialAction\":[{\"@type\":\"ReadAction\",\"target\":[\"https:\/\/www.ceibcn.com\/en\/2019\/04\/coneixes-el-projecte-eu-aid-volunteers-us-portem-3-vacants-de-voluntariat\/\"]}]},{\"@type\":\"ImageObject\",\"inLanguage\":\"en-US\",\"@id\":\"https:\/\/www.ceibcn.com\/en\/2019\/04\/coneixes-el-projecte-eu-aid-volunteers-us-portem-3-vacants-de-voluntariat\/#primaryimage\",\"url\":\"https:\/\/www.ceibcn.com\/wp-content\/uploads\/2019\/04\/Int_EUAID.jpg\",\"contentUrl\":\"https:\/\/www.ceibcn.com\/wp-content\/uploads\/2019\/04\/Int_EUAID.jpg\",\"width\":1473,\"height\":1104,\"caption\":\"EU Aid Volunteers\"},{\"@type\":\"BreadcrumbList\",\"@id\":\"https:\/\/www.ceibcn.com\/en\/2019\/04\/coneixes-el-projecte-eu-aid-volunteers-us-portem-3-vacants-de-voluntariat\/#breadcrumb\",\"itemListElement\":[{\"@type\":\"ListItem\",\"position\":1,\"name\":\"Portada\",\"item\":\"https:\/\/www.ceibcn.com\/en\/\"},{\"@type\":\"ListItem\",\"position\":2,\"name\":\"Coneixes el projecte EU Aid Volunteers?\"}]},{\"@type\":\"WebSite\",\"@id\":\"https:\/\/www.ceibcn.com\/en\/#website\",\"url\":\"https:\/\/www.ceibcn.com\/en\/\",\"name\":\"CEI International Affairs\",\"description\":\"CEI International Affairs\",\"publisher\":{\"@id\":\"https:\/\/www.ceibcn.com\/en\/#organization\"},\"alternateName\":\"CEI International Affairs\",\"potentialAction\":[{\"@type\":\"SearchAction\",\"target\":{\"@type\":\"EntryPoint\",\"urlTemplate\":\"https:\/\/www.ceibcn.com\/en\/?s={search_term_string}\"},\"query-input\":{\"@type\":\"PropertyValueSpecification\",\"valueRequired\":true,\"valueName\":\"search_term_string\"}}],\"inLanguage\":\"en-US\"},{\"@type\":\"Organization\",\"@id\":\"https:\/\/www.ceibcn.com\/en\/#organization\",\"name\":\"CEI International Affairs\",\"url\":\"https:\/\/www.ceibcn.com\/en\/\",\"logo\":{\"@type\":\"ImageObject\",\"inLanguage\":\"en-US\",\"@id\":\"https:\/\/www.ceibcn.com\/en\/#\/schema\/logo\/image\/\",\"url\":\"https:\/\/www.ceibcn.com\/wp-content\/uploads\/2021\/09\/CeiLogo_EscuelaDiploVectorized_vectorizedSIN_FONDO.png\",\"contentUrl\":\"https:\/\/www.ceibcn.com\/wp-content\/uploads\/2021\/09\/CeiLogo_EscuelaDiploVectorized_vectorizedSIN_FONDO.png\",\"width\":1591,\"height\":629,\"caption\":\"CEI International Affairs\"},\"image\":{\"@id\":\"https:\/\/www.ceibcn.com\/en\/#\/schema\/logo\/image\/\"},\"sameAs\":[\"https:\/\/www.facebook.com\/CEI.CentroDeEstudiosInternacionales\/\",\"https:\/\/x.com\/CEIbcn\",\"https:\/\/www.instagram.com\/cei_international\/\"]},{\"@type\":\"Person\",\"@id\":\"https:\/\/www.ceibcn.com\/en\/#\/schema\/person\/4ef9992ee2fbd3987a5e1834e5d5808d\",\"name\":\"Cristian Romero Velasco\",\"image\":{\"@type\":\"ImageObject\",\"inLanguage\":\"en-US\",\"@id\":\"https:\/\/www.ceibcn.com\/en\/#\/schema\/person\/image\/\",\"url\":\"https:\/\/secure.gravatar.com\/avatar\/d78c33ad7f1570635ae9c9cb6274fe682bd5872dfde7a5448127d7825dd90943?s=96&d=mm&r=g\",\"contentUrl\":\"https:\/\/secure.gravatar.com\/avatar\/d78c33ad7f1570635ae9c9cb6274fe682bd5872dfde7a5448127d7825dd90943?s=96&d=mm&r=g\",\"caption\":\"Cristian Romero Velasco\"},\"url\":\"https:\/\/www.ceibcn.com\/en\/author\/cristian\/\"}]}<\/script>\n<!-- \/ Yoast SEO plugin. -->","yoast_head_json":{"title":"Coneixes el projecte EU Aid Volunteers? - CEI International Affairs","robots":{"index":"index","follow":"follow","max-snippet":"max-snippet:-1","max-image-preview":"max-image-preview:large","max-video-preview":"max-video-preview:-1"},"canonical":"https:\/\/www.ceibcn.com\/en\/2019\/04\/coneixes-el-projecte-eu-aid-volunteers-us-portem-3-vacants-de-voluntariat\/","og_locale":"en_US","og_type":"article","og_title":"Coneixes el projecte EU Aid Volunteers? - CEI International Affairs","og_description":"El Danish Refugee Council (DRC) est\u00e0 liderant un nou i emocionant projecte de la UE amb l&#8217;objectiu de reclutar persones com a part de la iniciativa d&#8216;EU Aid Volunteers. El projecte permet als ciutadans de la UE i residents de llarga durada a la Uni\u00f3 Europea participar dels programes d&#8217;ajuda humanit\u00e0ria i fomentar la seva [&hellip;]","og_url":"https:\/\/www.ceibcn.com\/en\/2019\/04\/coneixes-el-projecte-eu-aid-volunteers-us-portem-3-vacants-de-voluntariat\/","og_site_name":"CEI International Affairs","article_publisher":"https:\/\/www.facebook.com\/CEI.CentroDeEstudiosInternacionales\/","article_published_time":"2019-04-29T10:33:05+00:00","og_image":[{"width":1473,"height":1104,"url":"https:\/\/www.ceibcn.com\/wp-content\/uploads\/2019\/04\/Int_EUAID.jpg","type":"image\/jpeg"}],"author":"Cristian Romero Velasco","twitter_card":"summary_large_image","twitter_creator":"@CEIbcn","twitter_site":"@CEIbcn","twitter_misc":{"Written by":"Cristian Romero Velasco","Est. reading time":"2 minutes"},"schema":{"@context":"https:\/\/schema.org","@graph":[{"@type":"Article","@id":"https:\/\/www.ceibcn.com\/en\/2019\/04\/coneixes-el-projecte-eu-aid-volunteers-us-portem-3-vacants-de-voluntariat\/#article","isPartOf":{"@id":"https:\/\/www.ceibcn.com\/en\/2019\/04\/coneixes-el-projecte-eu-aid-volunteers-us-portem-3-vacants-de-voluntariat\/"},"author":{"name":"Cristian Romero Velasco","@id":"https:\/\/www.ceibcn.com\/en\/#\/schema\/person\/4ef9992ee2fbd3987a5e1834e5d5808d"},"headline":"Coneixes el projecte EU Aid Volunteers?","datePublished":"2019-04-29T10:33:05+00:00","mainEntityOfPage":{"@id":"https:\/\/www.ceibcn.com\/en\/2019\/04\/coneixes-el-projecte-eu-aid-volunteers-us-portem-3-vacants-de-voluntariat\/"},"wordCount":512,"commentCount":0,"publisher":{"@id":"https:\/\/www.ceibcn.com\/en\/#organization"},"image":{"@id":"https:\/\/www.ceibcn.com\/en\/2019\/04\/coneixes-el-projecte-eu-aid-volunteers-us-portem-3-vacants-de-voluntariat\/#primaryimage"},"thumbnailUrl":"https:\/\/www.ceibcn.com\/wp-content\/uploads\/2019\/04\/Int_EUAID.jpg","articleSection":["News"],"inLanguage":"en-US","potentialAction":[{"@type":"CommentAction","name":"Comment","target":["https:\/\/www.ceibcn.com\/en\/2019\/04\/coneixes-el-projecte-eu-aid-volunteers-us-portem-3-vacants-de-voluntariat\/#respond"]}]},{"@type":"WebPage","@id":"https:\/\/www.ceibcn.com\/en\/2019\/04\/coneixes-el-projecte-eu-aid-volunteers-us-portem-3-vacants-de-voluntariat\/","url":"https:\/\/www.ceibcn.com\/en\/2019\/04\/coneixes-el-projecte-eu-aid-volunteers-us-portem-3-vacants-de-voluntariat\/","name":"Coneixes el projecte EU Aid Volunteers? - CEI International Affairs","isPartOf":{"@id":"https:\/\/www.ceibcn.com\/en\/#website"},"primaryImageOfPage":{"@id":"https:\/\/www.ceibcn.com\/en\/2019\/04\/coneixes-el-projecte-eu-aid-volunteers-us-portem-3-vacants-de-voluntariat\/#primaryimage"},"image":{"@id":"https:\/\/www.ceibcn.com\/en\/2019\/04\/coneixes-el-projecte-eu-aid-volunteers-us-portem-3-vacants-de-voluntariat\/#primaryimage"},"thumbnailUrl":"https:\/\/www.ceibcn.com\/wp-content\/uploads\/2019\/04\/Int_EUAID.jpg","datePublished":"2019-04-29T10:33:05+00:00","breadcrumb":{"@id":"https:\/\/www.ceibcn.com\/en\/2019\/04\/coneixes-el-projecte-eu-aid-volunteers-us-portem-3-vacants-de-voluntariat\/#breadcrumb"},"inLanguage":"en-US","potentialAction":[{"@type":"ReadAction","target":["https:\/\/www.ceibcn.com\/en\/2019\/04\/coneixes-el-projecte-eu-aid-volunteers-us-portem-3-vacants-de-voluntariat\/"]}]},{"@type":"ImageObject","inLanguage":"en-US","@id":"https:\/\/www.ceibcn.com\/en\/2019\/04\/coneixes-el-projecte-eu-aid-volunteers-us-portem-3-vacants-de-voluntariat\/#primaryimage","url":"https:\/\/www.ceibcn.com\/wp-content\/uploads\/2019\/04\/Int_EUAID.jpg","contentUrl":"https:\/\/www.ceibcn.com\/wp-content\/uploads\/2019\/04\/Int_EUAID.jpg","width":1473,"height":1104,"caption":"EU Aid Volunteers"},{"@type":"BreadcrumbList","@id":"https:\/\/www.ceibcn.com\/en\/2019\/04\/coneixes-el-projecte-eu-aid-volunteers-us-portem-3-vacants-de-voluntariat\/#breadcrumb","itemListElement":[{"@type":"ListItem","position":1,"name":"Portada","item":"https:\/\/www.ceibcn.com\/en\/"},{"@type":"ListItem","position":2,"name":"Coneixes el projecte EU Aid Volunteers?"}]},{"@type":"WebSite","@id":"https:\/\/www.ceibcn.com\/en\/#website","url":"https:\/\/www.ceibcn.com\/en\/","name":"CEI International Affairs","description":"CEI International Affairs","publisher":{"@id":"https:\/\/www.ceibcn.com\/en\/#organization"},"alternateName":"CEI International Affairs","potentialAction":[{"@type":"SearchAction","target":{"@type":"EntryPoint","urlTemplate":"https:\/\/www.ceibcn.com\/en\/?s={search_term_string}"},"query-input":{"@type":"PropertyValueSpecification","valueRequired":true,"valueName":"search_term_string"}}],"inLanguage":"en-US"},{"@type":"Organization","@id":"https:\/\/www.ceibcn.com\/en\/#organization","name":"CEI International Affairs","url":"https:\/\/www.ceibcn.com\/en\/","logo":{"@type":"ImageObject","inLanguage":"en-US","@id":"https:\/\/www.ceibcn.com\/en\/#\/schema\/logo\/image\/","url":"https:\/\/www.ceibcn.com\/wp-content\/uploads\/2021\/09\/CeiLogo_EscuelaDiploVectorized_vectorizedSIN_FONDO.png","contentUrl":"https:\/\/www.ceibcn.com\/wp-content\/uploads\/2021\/09\/CeiLogo_EscuelaDiploVectorized_vectorizedSIN_FONDO.png","width":1591,"height":629,"caption":"CEI International Affairs"},"image":{"@id":"https:\/\/www.ceibcn.com\/en\/#\/schema\/logo\/image\/"},"sameAs":["https:\/\/www.facebook.com\/CEI.CentroDeEstudiosInternacionales\/","https:\/\/x.com\/CEIbcn","https:\/\/www.instagram.com\/cei_international\/"]},{"@type":"Person","@id":"https:\/\/www.ceibcn.com\/en\/#\/schema\/person\/4ef9992ee2fbd3987a5e1834e5d5808d","name":"Cristian Romero Velasco","image":{"@type":"ImageObject","inLanguage":"en-US","@id":"https:\/\/www.ceibcn.com\/en\/#\/schema\/person\/image\/","url":"https:\/\/secure.gravatar.com\/avatar\/d78c33ad7f1570635ae9c9cb6274fe682bd5872dfde7a5448127d7825dd90943?s=96&d=mm&r=g","contentUrl":"https:\/\/secure.gravatar.com\/avatar\/d78c33ad7f1570635ae9c9cb6274fe682bd5872dfde7a5448127d7825dd90943?s=96&d=mm&r=g","caption":"Cristian Romero Velasco"},"url":"https:\/\/www.ceibcn.com\/en\/author\/cristian\/"}]}},"_links":{"self":[{"href":"https:\/\/www.ceibcn.com\/en\/wp-json\/wp\/v2\/posts\/3193","targetHints":{"allow":["GET"]}}],"collection":[{"href":"https:\/\/www.ceibcn.com\/en\/wp-json\/wp\/v2\/posts"}],"about":[{"href":"https:\/\/www.ceibcn.com\/en\/wp-json\/wp\/v2\/types\/post"}],"author":[{"embeddable":true,"href":"https:\/\/www.ceibcn.com\/en\/wp-json\/wp\/v2\/users\/6"}],"replies":[{"embeddable":true,"href":"https:\/\/www.ceibcn.com\/en\/wp-json\/wp\/v2\/comments?post=3193"}],"version-history":[{"count":0,"href":"https:\/\/www.ceibcn.com\/en\/wp-json\/wp\/v2\/posts\/3193\/revisions"}],"wp:featuredmedia":[{"embeddable":true,"href":"https:\/\/www.ceibcn.com\/en\/wp-json\/wp\/v2\/media\/3185"}],"wp:attachment":[{"href":"https:\/\/www.ceibcn.com\/en\/wp-json\/wp\/v2\/media?parent=3193"}],"wp:term":[{"taxonomy":"category","embeddable":true,"href":"https:\/\/www.ceibcn.com\/en\/wp-json\/wp\/v2\/categories?post=3193"},{"taxonomy":"post_tag","embeddable":true,"href":"https:\/\/www.ceibcn.com\/en\/wp-json\/wp\/v2\/tags?post=3193"}],"curies":[{"name":"wp","href":"https:\/\/api.w.org\/{rel}","templated":true}]}}