{"id":32054,"date":"2025-11-26T20:06:37","date_gmt":"2025-11-26T19:06:37","guid":{"rendered":"https:\/\/www.ceibcn.com\/2025\/11\/seminario-la-amenaza-de-los-microplasticos-y-los-toxicos-persistentes\/"},"modified":"2025-11-28T12:22:58","modified_gmt":"2025-11-28T11:22:58","slug":"seminario-la-amenaza-de-los-microplasticos-y-los-toxicos-persistentes","status":"publish","type":"post","link":"https:\/\/www.ceibcn.com\/en\/2025\/11\/seminario-la-amenaza-de-los-microplasticos-y-los-toxicos-persistentes\/","title":{"rendered":"Seminario: &#8220;La amenaza de los micropl\u00e1sticos y los t\u00f3xicos persistentes&#8221;"},"content":{"rendered":"\n<p class=\"wp-block-paragraph\">Esta tarde se ha celebrado en el Palau Macaya el segundo seminario anual organizado por el CEI y la Fundaci\u00f3n \u201cla Caixa\u201d, centrado en los efectos de los micropl\u00e1sticos y los t\u00f3xicos persistentes en la salud global y los ecosistemas.<\/p>\n\n\n\n<p class=\"wp-block-paragraph\">El encuentro ha contado con la participaci\u00f3n de Cristina Villanueva Belmonte, investigadora de ISGlobal y coordinadora del estudio sobre la exposici\u00f3n a nano y micropl\u00e1sticos a trav\u00e9s del agua de consumo de Barcelona, quien destac\u00f3 los efectos negativos de estos contaminantes, su presencia generalizada y creciente, as\u00ed como sus repercusiones en la salud humana y el medio ambiente.<\/p>\n\n\n\n<p class=\"wp-block-paragraph\">Por su parte, Ana Tudela Flores, periodista de Datadista y representante en Espa\u00f1a del proyecto internacional The Forever Pollution Project, abord\u00f3 los PFAs \u2014qu\u00edmicos persistentes conocidos como \u201ceternos\u201d\u2014 y explic\u00f3 sus efectos sobre la salud, el papel actual de las autoridades y las propuestas para su prohibici\u00f3n gradual.<\/p>\n\n\n\n<p class=\"wp-block-paragraph\">El seminario ha promovido un espacio de di\u00e1logo y reflexi\u00f3n sobre esta problem\u00e1tica ambiental y su impacto directo en la vida de las personas. Es por ello por lo que el CEI agradece a todas las personas asistentes por su participaci\u00f3n y contribuci\u00f3n al debate.<\/p>\n\n\n\n<figure class=\"wp-block-gallery has-nested-images columns-default is-cropped wp-block-gallery-1 is-layout-flex wp-block-gallery-is-layout-flex\">\n<figure class=\"wp-block-image size-large\"><img fetchpriority=\"high\" decoding=\"async\" width=\"1600\" height=\"828\" data-id=\"32040\" src=\"https:\/\/www.ceibcn.com\/wp-content\/uploads\/2025\/11\/general-2-1600x828.jpg\" alt=\"\" class=\"wp-image-32040\"\/><\/figure>\n\n\n\n<figure class=\"wp-block-image size-large\"><img decoding=\"async\" width=\"1600\" height=\"828\" data-id=\"32046\" src=\"https:\/\/www.ceibcn.com\/wp-content\/uploads\/2025\/11\/ana-tudela-1600x828.jpg\" alt=\"\" class=\"wp-image-32046\"\/><\/figure>\n\n\n\n<figure class=\"wp-block-image size-large\"><img decoding=\"async\" width=\"1600\" height=\"828\" data-id=\"32045\" src=\"https:\/\/www.ceibcn.com\/wp-content\/uploads\/2025\/11\/ana-juanatey-1600x828.jpg\" alt=\"\" class=\"wp-image-32045\"\/><\/figure>\n\n\n\n<figure class=\"wp-block-image size-large\"><img loading=\"lazy\" decoding=\"async\" width=\"1600\" height=\"828\" data-id=\"32039\" src=\"https:\/\/www.ceibcn.com\/wp-content\/uploads\/2025\/11\/Foto-general-1600x828.jpg\" alt=\"\" class=\"wp-image-32039\"\/><\/figure>\n<\/figure>\n\n\n\n<p class=\"wp-block-paragraph\"><\/p>\n\n\n\n<p class=\"wp-block-paragraph\"><\/p>\n","protected":false},"excerpt":{"rendered":"<p>Seminario en el Palau Macaya centrado en los efectos de los micropl\u00e1sticos y los t\u00f3xicos persistentes en la salud global y los ecosistemas.<\/p>\n","protected":false},"author":11,"featured_media":32069,"comment_status":"open","ping_status":"closed","sticky":false,"template":"","format":"standard","meta":{"_acf_changed":false,"_crdt_document":"","inline_featured_image":false,"footnotes":""},"categories":[67],"tags":[],"class_list":["post-32054","post","type-post","status-publish","format-standard","has-post-thumbnail","hentry","category-news"],"acf":[],"yoast_head":"<!-- This site is optimized with the Yoast SEO plugin v27.0 - https:\/\/yoast.com\/product\/yoast-seo-wordpress\/ -->\n<title>Seminario: &quot;La amenaza de los micropl\u00e1sticos y los t\u00f3xicos persistentes&quot; - CEI International Affairs<\/title>\n<meta name=\"robots\" content=\"index, follow, max-snippet:-1, max-image-preview:large, max-video-preview:-1\" \/>\n<link rel=\"canonical\" href=\"https:\/\/www.ceibcn.com\/en\/2025\/11\/seminario-la-amenaza-de-los-microplasticos-y-los-toxicos-persistentes\/\" \/>\n<meta property=\"og:locale\" content=\"en_US\" \/>\n<meta property=\"og:type\" content=\"article\" \/>\n<meta property=\"og:title\" content=\"Seminario: &quot;La amenaza de los micropl\u00e1sticos y los t\u00f3xicos persistentes&quot; - CEI International Affairs\" \/>\n<meta property=\"og:description\" content=\"Seminario en el Palau Macaya centrado en los efectos de los micropl\u00e1sticos y los t\u00f3xicos persistentes en la salud global y los ecosistemas.\" \/>\n<meta property=\"og:url\" content=\"https:\/\/www.ceibcn.com\/en\/2025\/11\/seminario-la-amenaza-de-los-microplasticos-y-los-toxicos-persistentes\/\" \/>\n<meta property=\"og:site_name\" content=\"CEI International Affairs\" \/>\n<meta property=\"article:publisher\" content=\"https:\/\/www.facebook.com\/CEI.CentroDeEstudiosInternacionales\/\" \/>\n<meta property=\"article:published_time\" content=\"2025-11-26T19:06:37+00:00\" \/>\n<meta property=\"article:modified_time\" content=\"2025-11-28T11:22:58+00:00\" \/>\n<meta property=\"og:image\" content=\"https:\/\/www.ceibcn.com\/wp-content\/uploads\/2025\/11\/Foto-general.jpg\" \/>\n\t<meta property=\"og:image:width\" content=\"1600\" \/>\n\t<meta property=\"og:image:height\" content=\"1066\" \/>\n\t<meta property=\"og:image:type\" content=\"image\/jpeg\" \/>\n<meta name=\"author\" content=\"Carla V\u00e1zquez Moreno\" \/>\n<meta name=\"twitter:card\" content=\"summary_large_image\" \/>\n<meta name=\"twitter:creator\" content=\"@CEIbcn\" \/>\n<meta name=\"twitter:site\" content=\"@CEIbcn\" \/>\n<meta name=\"twitter:label1\" content=\"Written by\" \/>\n\t<meta name=\"twitter:data1\" content=\"Carla V\u00e1zquez Moreno\" \/>\n\t<meta name=\"twitter:label2\" content=\"Est. reading time\" \/>\n\t<meta name=\"twitter:data2\" content=\"2 minutes\" \/>\n<script type=\"application\/ld+json\" class=\"yoast-schema-graph\">{\"@context\":\"https:\/\/schema.org\",\"@graph\":[{\"@type\":\"Article\",\"@id\":\"https:\/\/www.ceibcn.com\/en\/2025\/11\/seminario-la-amenaza-de-los-microplasticos-y-los-toxicos-persistentes\/#article\",\"isPartOf\":{\"@id\":\"https:\/\/www.ceibcn.com\/en\/2025\/11\/seminario-la-amenaza-de-los-microplasticos-y-los-toxicos-persistentes\/\"},\"author\":{\"name\":\"Carla V\u00e1zquez Moreno\",\"@id\":\"https:\/\/www.ceibcn.com\/en\/#\/schema\/person\/ade8c52628f010f149da9031432f538d\"},\"headline\":\"Seminario: &#8220;La amenaza de los micropl\u00e1sticos y los t\u00f3xicos persistentes&#8221;\",\"datePublished\":\"2025-11-26T19:06:37+00:00\",\"dateModified\":\"2025-11-28T11:22:58+00:00\",\"mainEntityOfPage\":{\"@id\":\"https:\/\/www.ceibcn.com\/en\/2025\/11\/seminario-la-amenaza-de-los-microplasticos-y-los-toxicos-persistentes\/\"},\"wordCount\":218,\"commentCount\":0,\"publisher\":{\"@id\":\"https:\/\/www.ceibcn.com\/en\/#organization\"},\"image\":{\"@id\":\"https:\/\/www.ceibcn.com\/en\/2025\/11\/seminario-la-amenaza-de-los-microplasticos-y-los-toxicos-persistentes\/#primaryimage\"},\"thumbnailUrl\":\"https:\/\/www.ceibcn.com\/wp-content\/uploads\/2025\/11\/Foto-general.jpg\",\"articleSection\":[\"News\"],\"inLanguage\":\"en-US\",\"potentialAction\":[{\"@type\":\"CommentAction\",\"name\":\"Comment\",\"target\":[\"https:\/\/www.ceibcn.com\/en\/2025\/11\/seminario-la-amenaza-de-los-microplasticos-y-los-toxicos-persistentes\/#respond\"]}]},{\"@type\":\"WebPage\",\"@id\":\"https:\/\/www.ceibcn.com\/en\/2025\/11\/seminario-la-amenaza-de-los-microplasticos-y-los-toxicos-persistentes\/\",\"url\":\"https:\/\/www.ceibcn.com\/en\/2025\/11\/seminario-la-amenaza-de-los-microplasticos-y-los-toxicos-persistentes\/\",\"name\":\"Seminario: \\\"La amenaza de los micropl\u00e1sticos y los t\u00f3xicos persistentes\\\" - CEI International Affairs\",\"isPartOf\":{\"@id\":\"https:\/\/www.ceibcn.com\/en\/#website\"},\"primaryImageOfPage\":{\"@id\":\"https:\/\/www.ceibcn.com\/en\/2025\/11\/seminario-la-amenaza-de-los-microplasticos-y-los-toxicos-persistentes\/#primaryimage\"},\"image\":{\"@id\":\"https:\/\/www.ceibcn.com\/en\/2025\/11\/seminario-la-amenaza-de-los-microplasticos-y-los-toxicos-persistentes\/#primaryimage\"},\"thumbnailUrl\":\"https:\/\/www.ceibcn.com\/wp-content\/uploads\/2025\/11\/Foto-general.jpg\",\"datePublished\":\"2025-11-26T19:06:37+00:00\",\"dateModified\":\"2025-11-28T11:22:58+00:00\",\"breadcrumb\":{\"@id\":\"https:\/\/www.ceibcn.com\/en\/2025\/11\/seminario-la-amenaza-de-los-microplasticos-y-los-toxicos-persistentes\/#breadcrumb\"},\"inLanguage\":\"en-US\",\"potentialAction\":[{\"@type\":\"ReadAction\",\"target\":[\"https:\/\/www.ceibcn.com\/en\/2025\/11\/seminario-la-amenaza-de-los-microplasticos-y-los-toxicos-persistentes\/\"]}]},{\"@type\":\"ImageObject\",\"inLanguage\":\"en-US\",\"@id\":\"https:\/\/www.ceibcn.com\/en\/2025\/11\/seminario-la-amenaza-de-los-microplasticos-y-los-toxicos-persistentes\/#primaryimage\",\"url\":\"https:\/\/www.ceibcn.com\/wp-content\/uploads\/2025\/11\/Foto-general.jpg\",\"contentUrl\":\"https:\/\/www.ceibcn.com\/wp-content\/uploads\/2025\/11\/Foto-general.jpg\",\"width\":1600,\"height\":1066},{\"@type\":\"BreadcrumbList\",\"@id\":\"https:\/\/www.ceibcn.com\/en\/2025\/11\/seminario-la-amenaza-de-los-microplasticos-y-los-toxicos-persistentes\/#breadcrumb\",\"itemListElement\":[{\"@type\":\"ListItem\",\"position\":1,\"name\":\"Portada\",\"item\":\"https:\/\/www.ceibcn.com\/en\/\"},{\"@type\":\"ListItem\",\"position\":2,\"name\":\"Seminario: &#8220;La amenaza de los micropl\u00e1sticos y los t\u00f3xicos persistentes&#8221;\"}]},{\"@type\":\"WebSite\",\"@id\":\"https:\/\/www.ceibcn.com\/en\/#website\",\"url\":\"https:\/\/www.ceibcn.com\/en\/\",\"name\":\"CEI International Affairs\",\"description\":\"CEI International Affairs\",\"publisher\":{\"@id\":\"https:\/\/www.ceibcn.com\/en\/#organization\"},\"alternateName\":\"CEI International Affairs\",\"potentialAction\":[{\"@type\":\"SearchAction\",\"target\":{\"@type\":\"EntryPoint\",\"urlTemplate\":\"https:\/\/www.ceibcn.com\/en\/?s={search_term_string}\"},\"query-input\":{\"@type\":\"PropertyValueSpecification\",\"valueRequired\":true,\"valueName\":\"search_term_string\"}}],\"inLanguage\":\"en-US\"},{\"@type\":\"Organization\",\"@id\":\"https:\/\/www.ceibcn.com\/en\/#organization\",\"name\":\"CEI International Affairs\",\"url\":\"https:\/\/www.ceibcn.com\/en\/\",\"logo\":{\"@type\":\"ImageObject\",\"inLanguage\":\"en-US\",\"@id\":\"https:\/\/www.ceibcn.com\/en\/#\/schema\/logo\/image\/\",\"url\":\"https:\/\/www.ceibcn.com\/wp-content\/uploads\/2021\/09\/CeiLogo_EscuelaDiploVectorized_vectorizedSIN_FONDO.png\",\"contentUrl\":\"https:\/\/www.ceibcn.com\/wp-content\/uploads\/2021\/09\/CeiLogo_EscuelaDiploVectorized_vectorizedSIN_FONDO.png\",\"width\":1591,\"height\":629,\"caption\":\"CEI International Affairs\"},\"image\":{\"@id\":\"https:\/\/www.ceibcn.com\/en\/#\/schema\/logo\/image\/\"},\"sameAs\":[\"https:\/\/www.facebook.com\/CEI.CentroDeEstudiosInternacionales\/\",\"https:\/\/x.com\/CEIbcn\",\"https:\/\/www.instagram.com\/cei_international\/\"]},{\"@type\":\"Person\",\"@id\":\"https:\/\/www.ceibcn.com\/en\/#\/schema\/person\/ade8c52628f010f149da9031432f538d\",\"name\":\"Carla V\u00e1zquez Moreno\",\"image\":{\"@type\":\"ImageObject\",\"inLanguage\":\"en-US\",\"@id\":\"https:\/\/www.ceibcn.com\/en\/#\/schema\/person\/image\/\",\"url\":\"https:\/\/secure.gravatar.com\/avatar\/07396995718186c2b1a2f071ca87cd80143e420274dfd37126595cdd5bbc2e0c?s=96&d=mm&r=g\",\"contentUrl\":\"https:\/\/secure.gravatar.com\/avatar\/07396995718186c2b1a2f071ca87cd80143e420274dfd37126595cdd5bbc2e0c?s=96&d=mm&r=g\",\"caption\":\"Carla V\u00e1zquez Moreno\"},\"url\":\"https:\/\/www.ceibcn.com\/en\/author\/carla\/\"}]}<\/script>\n<!-- \/ Yoast SEO plugin. -->","yoast_head_json":{"title":"Seminario: \"La amenaza de los micropl\u00e1sticos y los t\u00f3xicos persistentes\" - CEI International Affairs","robots":{"index":"index","follow":"follow","max-snippet":"max-snippet:-1","max-image-preview":"max-image-preview:large","max-video-preview":"max-video-preview:-1"},"canonical":"https:\/\/www.ceibcn.com\/en\/2025\/11\/seminario-la-amenaza-de-los-microplasticos-y-los-toxicos-persistentes\/","og_locale":"en_US","og_type":"article","og_title":"Seminario: \"La amenaza de los micropl\u00e1sticos y los t\u00f3xicos persistentes\" - CEI International Affairs","og_description":"Seminario en el Palau Macaya centrado en los efectos de los micropl\u00e1sticos y los t\u00f3xicos persistentes en la salud global y los ecosistemas.","og_url":"https:\/\/www.ceibcn.com\/en\/2025\/11\/seminario-la-amenaza-de-los-microplasticos-y-los-toxicos-persistentes\/","og_site_name":"CEI International Affairs","article_publisher":"https:\/\/www.facebook.com\/CEI.CentroDeEstudiosInternacionales\/","article_published_time":"2025-11-26T19:06:37+00:00","article_modified_time":"2025-11-28T11:22:58+00:00","og_image":[{"width":1600,"height":1066,"url":"https:\/\/www.ceibcn.com\/wp-content\/uploads\/2025\/11\/Foto-general.jpg","type":"image\/jpeg"}],"author":"Carla V\u00e1zquez Moreno","twitter_card":"summary_large_image","twitter_creator":"@CEIbcn","twitter_site":"@CEIbcn","twitter_misc":{"Written by":"Carla V\u00e1zquez Moreno","Est. reading time":"2 minutes"},"schema":{"@context":"https:\/\/schema.org","@graph":[{"@type":"Article","@id":"https:\/\/www.ceibcn.com\/en\/2025\/11\/seminario-la-amenaza-de-los-microplasticos-y-los-toxicos-persistentes\/#article","isPartOf":{"@id":"https:\/\/www.ceibcn.com\/en\/2025\/11\/seminario-la-amenaza-de-los-microplasticos-y-los-toxicos-persistentes\/"},"author":{"name":"Carla V\u00e1zquez Moreno","@id":"https:\/\/www.ceibcn.com\/en\/#\/schema\/person\/ade8c52628f010f149da9031432f538d"},"headline":"Seminario: &#8220;La amenaza de los micropl\u00e1sticos y los t\u00f3xicos persistentes&#8221;","datePublished":"2025-11-26T19:06:37+00:00","dateModified":"2025-11-28T11:22:58+00:00","mainEntityOfPage":{"@id":"https:\/\/www.ceibcn.com\/en\/2025\/11\/seminario-la-amenaza-de-los-microplasticos-y-los-toxicos-persistentes\/"},"wordCount":218,"commentCount":0,"publisher":{"@id":"https:\/\/www.ceibcn.com\/en\/#organization"},"image":{"@id":"https:\/\/www.ceibcn.com\/en\/2025\/11\/seminario-la-amenaza-de-los-microplasticos-y-los-toxicos-persistentes\/#primaryimage"},"thumbnailUrl":"https:\/\/www.ceibcn.com\/wp-content\/uploads\/2025\/11\/Foto-general.jpg","articleSection":["News"],"inLanguage":"en-US","potentialAction":[{"@type":"CommentAction","name":"Comment","target":["https:\/\/www.ceibcn.com\/en\/2025\/11\/seminario-la-amenaza-de-los-microplasticos-y-los-toxicos-persistentes\/#respond"]}]},{"@type":"WebPage","@id":"https:\/\/www.ceibcn.com\/en\/2025\/11\/seminario-la-amenaza-de-los-microplasticos-y-los-toxicos-persistentes\/","url":"https:\/\/www.ceibcn.com\/en\/2025\/11\/seminario-la-amenaza-de-los-microplasticos-y-los-toxicos-persistentes\/","name":"Seminario: \"La amenaza de los micropl\u00e1sticos y los t\u00f3xicos persistentes\" - CEI International Affairs","isPartOf":{"@id":"https:\/\/www.ceibcn.com\/en\/#website"},"primaryImageOfPage":{"@id":"https:\/\/www.ceibcn.com\/en\/2025\/11\/seminario-la-amenaza-de-los-microplasticos-y-los-toxicos-persistentes\/#primaryimage"},"image":{"@id":"https:\/\/www.ceibcn.com\/en\/2025\/11\/seminario-la-amenaza-de-los-microplasticos-y-los-toxicos-persistentes\/#primaryimage"},"thumbnailUrl":"https:\/\/www.ceibcn.com\/wp-content\/uploads\/2025\/11\/Foto-general.jpg","datePublished":"2025-11-26T19:06:37+00:00","dateModified":"2025-11-28T11:22:58+00:00","breadcrumb":{"@id":"https:\/\/www.ceibcn.com\/en\/2025\/11\/seminario-la-amenaza-de-los-microplasticos-y-los-toxicos-persistentes\/#breadcrumb"},"inLanguage":"en-US","potentialAction":[{"@type":"ReadAction","target":["https:\/\/www.ceibcn.com\/en\/2025\/11\/seminario-la-amenaza-de-los-microplasticos-y-los-toxicos-persistentes\/"]}]},{"@type":"ImageObject","inLanguage":"en-US","@id":"https:\/\/www.ceibcn.com\/en\/2025\/11\/seminario-la-amenaza-de-los-microplasticos-y-los-toxicos-persistentes\/#primaryimage","url":"https:\/\/www.ceibcn.com\/wp-content\/uploads\/2025\/11\/Foto-general.jpg","contentUrl":"https:\/\/www.ceibcn.com\/wp-content\/uploads\/2025\/11\/Foto-general.jpg","width":1600,"height":1066},{"@type":"BreadcrumbList","@id":"https:\/\/www.ceibcn.com\/en\/2025\/11\/seminario-la-amenaza-de-los-microplasticos-y-los-toxicos-persistentes\/#breadcrumb","itemListElement":[{"@type":"ListItem","position":1,"name":"Portada","item":"https:\/\/www.ceibcn.com\/en\/"},{"@type":"ListItem","position":2,"name":"Seminario: &#8220;La amenaza de los micropl\u00e1sticos y los t\u00f3xicos persistentes&#8221;"}]},{"@type":"WebSite","@id":"https:\/\/www.ceibcn.com\/en\/#website","url":"https:\/\/www.ceibcn.com\/en\/","name":"CEI International Affairs","description":"CEI International Affairs","publisher":{"@id":"https:\/\/www.ceibcn.com\/en\/#organization"},"alternateName":"CEI International Affairs","potentialAction":[{"@type":"SearchAction","target":{"@type":"EntryPoint","urlTemplate":"https:\/\/www.ceibcn.com\/en\/?s={search_term_string}"},"query-input":{"@type":"PropertyValueSpecification","valueRequired":true,"valueName":"search_term_string"}}],"inLanguage":"en-US"},{"@type":"Organization","@id":"https:\/\/www.ceibcn.com\/en\/#organization","name":"CEI International Affairs","url":"https:\/\/www.ceibcn.com\/en\/","logo":{"@type":"ImageObject","inLanguage":"en-US","@id":"https:\/\/www.ceibcn.com\/en\/#\/schema\/logo\/image\/","url":"https:\/\/www.ceibcn.com\/wp-content\/uploads\/2021\/09\/CeiLogo_EscuelaDiploVectorized_vectorizedSIN_FONDO.png","contentUrl":"https:\/\/www.ceibcn.com\/wp-content\/uploads\/2021\/09\/CeiLogo_EscuelaDiploVectorized_vectorizedSIN_FONDO.png","width":1591,"height":629,"caption":"CEI International Affairs"},"image":{"@id":"https:\/\/www.ceibcn.com\/en\/#\/schema\/logo\/image\/"},"sameAs":["https:\/\/www.facebook.com\/CEI.CentroDeEstudiosInternacionales\/","https:\/\/x.com\/CEIbcn","https:\/\/www.instagram.com\/cei_international\/"]},{"@type":"Person","@id":"https:\/\/www.ceibcn.com\/en\/#\/schema\/person\/ade8c52628f010f149da9031432f538d","name":"Carla V\u00e1zquez Moreno","image":{"@type":"ImageObject","inLanguage":"en-US","@id":"https:\/\/www.ceibcn.com\/en\/#\/schema\/person\/image\/","url":"https:\/\/secure.gravatar.com\/avatar\/07396995718186c2b1a2f071ca87cd80143e420274dfd37126595cdd5bbc2e0c?s=96&d=mm&r=g","contentUrl":"https:\/\/secure.gravatar.com\/avatar\/07396995718186c2b1a2f071ca87cd80143e420274dfd37126595cdd5bbc2e0c?s=96&d=mm&r=g","caption":"Carla V\u00e1zquez Moreno"},"url":"https:\/\/www.ceibcn.com\/en\/author\/carla\/"}]}},"_links":{"self":[{"href":"https:\/\/www.ceibcn.com\/en\/wp-json\/wp\/v2\/posts\/32054","targetHints":{"allow":["GET"]}}],"collection":[{"href":"https:\/\/www.ceibcn.com\/en\/wp-json\/wp\/v2\/posts"}],"about":[{"href":"https:\/\/www.ceibcn.com\/en\/wp-json\/wp\/v2\/types\/post"}],"author":[{"embeddable":true,"href":"https:\/\/www.ceibcn.com\/en\/wp-json\/wp\/v2\/users\/11"}],"replies":[{"embeddable":true,"href":"https:\/\/www.ceibcn.com\/en\/wp-json\/wp\/v2\/comments?post=32054"}],"version-history":[{"count":1,"href":"https:\/\/www.ceibcn.com\/en\/wp-json\/wp\/v2\/posts\/32054\/revisions"}],"predecessor-version":[{"id":32071,"href":"https:\/\/www.ceibcn.com\/en\/wp-json\/wp\/v2\/posts\/32054\/revisions\/32071"}],"wp:featuredmedia":[{"embeddable":true,"href":"https:\/\/www.ceibcn.com\/en\/wp-json\/wp\/v2\/media\/32069"}],"wp:attachment":[{"href":"https:\/\/www.ceibcn.com\/en\/wp-json\/wp\/v2\/media?parent=32054"}],"wp:term":[{"taxonomy":"category","embeddable":true,"href":"https:\/\/www.ceibcn.com\/en\/wp-json\/wp\/v2\/categories?post=32054"},{"taxonomy":"post_tag","embeddable":true,"href":"https:\/\/www.ceibcn.com\/en\/wp-json\/wp\/v2\/tags?post=32054"}],"curies":[{"name":"wp","href":"https:\/\/api.w.org\/{rel}","templated":true}]}}