{"id":3481,"date":"2019-11-07T09:27:38","date_gmt":"2019-11-07T09:27:38","guid":{"rendered":"https:\/\/www.ceibcn.com\/2019\/11\/curso-financiado-formate-ahora-con-el-curso-sobre-la-ue-financiado\/"},"modified":"2019-11-07T09:27:38","modified_gmt":"2019-11-07T09:27:38","slug":"curso-financiado-formate-ahora-con-el-curso-sobre-la-ue-financiado","status":"publish","type":"post","link":"https:\/\/www.ceibcn.com\/en\/2019\/11\/curso-financiado-formate-ahora-con-el-curso-sobre-la-ue-financiado\/","title":{"rendered":"CURSO FINANCIADO UE: F\u00f3rmate con el Curso sobre la Uni\u00f3n Europea por menos de la mitad de precio"},"content":{"rendered":"<p>\u00bfLlevas tiempo buscando una formaci\u00f3n completa sobre la <strong>Uni\u00f3n Europea<\/strong>? \u00a1Conf\u00eda en el prestigioso <a href=\"es\/curso-union-europea\">Curso sobre la Uni\u00f3n Europea<\/a>!<\/p>\n<p>&nbsp;<\/p>\n<p>&nbsp;<img decoding=\"async\" class=\" size-full wp-image-3457\" src=\"https:\/\/www.ceibcn.com\/wp-content\/uploads\/2019\/11\/intprecioUE.png\" alt=\"intprecioUE\" width=\"495\" height=\"71\" srcset=\"https:\/\/www.ceibcn.com\/wp-content\/uploads\/2019\/11\/intprecioUE.png 495w, https:\/\/www.ceibcn.com\/wp-content\/uploads\/2019\/11\/intprecioUE-300x43.png 300w, https:\/\/www.ceibcn.com\/wp-content\/uploads\/2019\/11\/intprecioUE-150x22.png 150w\" sizes=\"(max-width: 495px) 100vw, 495px\" \/><\/p>\n<p>&nbsp;<\/p>\n<p>Este a\u00f1o celebramos la<strong> edici\u00f3n n\u00ba42,<\/strong> con la mejor de las novedades: \u00a1<strong>El precio baja de 575\u20ac a 200\u20ac<\/strong> gracias a la financiaci\u00f3n de la <a href=\"http:\/\/www.exteriores.gob.es\/Portal\/es\/Ministerio\/FuncionesEstructura\/Organigrama\/Paginas\/SecretariaDeEstadoParaLaUnionEuropea.aspx\" target=\"_blank\" rel=\"noopener\">Secretar\u00eda de Estado para la UE<\/a>!<\/p>\n<p>&nbsp;<\/p>\n<p>&nbsp;<\/p>\n<blockquote>\n<p><strong>\u00a1No dejes escapar la oportunidad!<\/strong><\/p>\n<\/blockquote>\n<p>&nbsp;<\/p>\n<p><strong>Reserva tu plaza antes de Navidades por tan solo 50\u20ac<\/strong>: Debido a la alta demanda es recomendable reservar con previsi\u00f3n tu plaza en el curso, podr\u00e1s hacerlo hasta el 19 diciembre por 50\u20ac.<\/p>\n<p>&nbsp;<\/p>\n<p>&nbsp;<\/p>\n<table class=\"egt\">\n<tbody>\n<tr>\n<td><img decoding=\"async\" class=\" size-full wp-image-3460\" src=\"https:\/\/www.ceibcn.com\/wp-content\/uploads\/2019\/11\/mailchimpUE5.png\" alt=\"mailchimpUE5\" width=\"100\" height=\"97\" \/><\/td>\n<td>\n<p><strong>FECHAS Y HORARIOS<\/strong><\/p>\n<p>El Curso sobre la UE tendr\u00e1 lugar del <a href=\"es\/informacion-general-curso6\">2 de marzo al 20 mayo<\/a>. Las clases se impartir\u00e1n en la sede de CEI, los lunes y mi\u00e9rcoles de&nbsp;16-19h.&nbsp;<\/p>\n<p>&nbsp;<\/p>\n<\/td>\n<\/tr>\n<tr>\n<td><img decoding=\"async\" class=\" size-full wp-image-3463\" src=\"https:\/\/www.ceibcn.com\/wp-content\/uploads\/2019\/11\/mailchimpUE6.png\" alt=\"mailchimpUE6\" width=\"100\" height=\"99\" \/><\/td>\n<td>\n<p><strong>OBJETIVO<\/strong><\/p>\n<p> Este curso tiene una <a href=\"es\/curso-union-europea\">vertiente profesionalizadora<\/a> que har\u00e1 que profundices tus conocimientos sobre la&nbsp;Uni\u00f3n Europea en diversas \u00e1reas: sociales, econ\u00f3micas y pol\u00edticas.<\/p>\n<p>&nbsp;<\/p>\n<\/td>\n<\/tr>\n<tr>\n<td><img loading=\"lazy\" decoding=\"async\" class=\" size-full wp-image-3466\" src=\"https:\/\/www.ceibcn.com\/wp-content\/uploads\/2019\/11\/mailchimpUE1.png\" alt=\"mailchimpUE1\" width=\"100\" height=\"100\" \/><\/td>\n<td>\n<p><strong>VIAJE A BRUSELAS<\/strong><\/p>\n<p> \u00bfQuieres formarte in situ?&nbsp;\u00a1No hay mejor elecci\u00f3n que el curso de la UE! Podr\u00e1s asistir a un <a href=\"es\/metodologia-curso6\">viaje a Bruselas<\/a> -previsto para el 14 y 15 de abril de 2020 &#8211; durante el cual continuar\u00e1s tu formaci\u00f3n en las sedes de diversas instituciones europeas, viviendo desde dentro el trabajo que all\u00ed se realiza.<\/p>\n<p>&nbsp;<\/p>\n<\/td>\n<\/tr>\n<tr>\n<td><img loading=\"lazy\" decoding=\"async\" class=\" size-full wp-image-3469\" src=\"https:\/\/www.ceibcn.com\/wp-content\/uploads\/2019\/11\/mailchimpUE3.png\" alt=\"mailchimpUE3\" width=\"100\" height=\"101\" \/><\/td>\n<td>\n<p><strong>PROFESORADO<\/strong><\/p>\n<p> Las clases&nbsp;est\u00e1n impartidas por <a href=\"es\/direccion-y-profesorado-curso6\">expertos en la Uni\u00f3n Europea<\/a>, en concreto por altos funcionarios, diplom\u00e1ticos, abogados y profesores universitarios que aportar\u00e1n una visi\u00f3n te\u00f3rica y pr\u00e1ctica de la Uni\u00f3n Europea, as\u00ed como de las rutinas de trabajo de las instituciones de la UE.<\/p>\n<p>&nbsp;<\/p>\n<\/td>\n<\/tr>\n<tr>\n<td><img loading=\"lazy\" decoding=\"async\" class=\" size-full wp-image-3472\" src=\"https:\/\/www.ceibcn.com\/wp-content\/uploads\/2019\/11\/mailchimpUE2.png\" alt=\"mailchimpUE2\" width=\"100\" height=\"101\" \/><\/td>\n<td>\n<p><strong>PR\u00c1CTICAS VOLUNTARIAS<\/strong><\/p>\n<p>&nbsp;<\/p>\n<p>Se ofrecen un m\u00e1ximo de 5 plazas para hacer <a href=\"es\/practicas-profesionales-curso6\">pr\u00e1cticas voluntarias<\/a> y no remuneradas en diversas instituciones relacionadas con la UE, como:&nbsp;Representaci\u00f3n de la Comisi\u00f3n Europea en Madrid, IEMed, Europe Direct, Eurecat,&nbsp;Ministerio de Asuntos Exteriores, Uni\u00f3n Europea y Cooperaci\u00f3n&#8230;<\/p>\n<p>&nbsp;<\/p>\n<\/td>\n<\/tr>\n<tr>\n<td><img loading=\"lazy\" decoding=\"async\" class=\" size-full wp-image-3475\" src=\"https:\/\/www.ceibcn.com\/wp-content\/uploads\/2019\/11\/mailchimpUE4.png\" alt=\"mailchimpUE4\" width=\"100\" height=\"101\" \/><\/td>\n<td>\n<p><strong>DIPLOMA<\/strong><\/p>\n<p> Obtendr\u00e1s un <a href=\"es\/informacion-general-curso6\">diploma<\/a> otorgado por los organizadores del curso: el CEI y la<span style=\"background-color: inherit; color: inherit; font-family: inherit; font-size: 1rem;\">&nbsp;Secretar\u00eda de Estado para la UE del Ministerio de Asuntos Exteriores, Uni\u00f3n Europea y Cooperaci\u00f3n, adem\u00e1s de&nbsp;<\/span>la Secretar\u00eda de Acci\u00f3n Exterior y de la UE de la Generalitat de Catalunya como colaboradora. El alumnado deber\u00e1 acreditar un m\u00ednimo del 80% de asistencia a las sesiones del curso.&nbsp;<\/p>\n<\/td>\n<\/tr>\n<tr>\n<td>&nbsp;<img loading=\"lazy\" decoding=\"async\" class=\" size-full wp-image-3478\" src=\"https:\/\/www.ceibcn.com\/wp-content\/uploads\/2019\/11\/Mailchimp_PrestigioUE.png\" alt=\"Mailchimp PrestigioUE\" width=\"100\" height=\"105\" srcset=\"https:\/\/www.ceibcn.com\/wp-content\/uploads\/2019\/11\/Mailchimp_PrestigioUE.png 213w, https:\/\/www.ceibcn.com\/wp-content\/uploads\/2019\/11\/Mailchimp_PrestigioUE-143x150.png 143w\" sizes=\"(max-width: 100px) 100vw, 100px\" \/><\/td>\n<td>&nbsp;<\/p>\n<p><span style=\"background-color: inherit; color: inherit; font-family: inherit; font-size: 1rem;\"><b>PRESTIGIO DE LA FORMACI\u00d3N<\/b><\/span><\/p>\n<p>&nbsp;<\/p>\n<p><span style=\"background-color: inherit; color: inherit; font-family: inherit; font-size: 1rem;\">El Curso sobre la UE est\u00e1 coorganizado por el CEI International Affairs y la Secretar\u00eda de Estado para la UE del Ministerio de Asuntos Exteriores, Uni\u00f3n Europea y Cooperaci\u00f3n, con la colaboraci\u00f3n de la Secretaria d\u2019Acci\u00f3 Exterior y de la UE de la Generalitat de Catalunya.<\/span><\/p>\n<p>&nbsp;<\/p>\n<\/td>\n<\/tr>\n<\/tbody>\n<\/table>\n<p>&nbsp;<\/p>\n<p>&nbsp;<\/p>\n<p>&nbsp;<\/p>\n<blockquote>\n<p><strong>\u00a1No lo dudes e inf\u00f3rmate ahora sobre el Curso sobre la UE! <\/strong><\/p>\n<\/blockquote>\n<p>&nbsp;<\/p>\n<ul>\n<li>Recuerda que puedes reservar plaza por 50\u20ac antes del 19 de diciembre.<\/li>\n<\/ul>\n<p>&nbsp;<\/p>\n<ul>\n<li>Consulta la informaci\u00f3n completa del <a href=\"es\/curso-union-europea\">Curso sobre la UE<\/a> o solicita informaci\u00f3n en: <a href=\"mailto:info@ceibcn.com\">info@ceibcn.com<\/a>&nbsp;\/ 93 205 45 16<\/li>\n<\/ul>\n","protected":false},"excerpt":{"rendered":"<p>\u00bfLlevas tiempo buscando una formaci\u00f3n completa sobre la Uni\u00f3n Europea? \u00a1Conf\u00eda en el prestigioso Curso sobre la Uni\u00f3n Europea! &nbsp; &nbsp; &nbsp; Este a\u00f1o celebramos la edici\u00f3n n\u00ba42, con la mejor de las novedades: \u00a1El precio baja de 575\u20ac a 200\u20ac gracias a la financiaci\u00f3n de la Secretar\u00eda de Estado para la UE! &nbsp; &nbsp; [&hellip;]<\/p>\n","protected":false},"author":6,"featured_media":3457,"comment_status":"open","ping_status":"closed","sticky":false,"template":"","format":"standard","meta":{"_acf_changed":false,"_crdt_document":"","inline_featured_image":false,"footnotes":""},"categories":[1],"tags":[],"class_list":["post-3481","post","type-post","status-publish","format-standard","has-post-thumbnail","hentry","category-sin-categoria"],"acf":[],"yoast_head":"<!-- This site is optimized with the Yoast SEO plugin v27.0 - https:\/\/yoast.com\/product\/yoast-seo-wordpress\/ -->\n<title>CURSO FINANCIADO UE: F\u00f3rmate con el Curso sobre la Uni\u00f3n Europea por menos de la mitad de precio - CEI International Affairs<\/title>\n<meta name=\"robots\" content=\"index, follow, max-snippet:-1, max-image-preview:large, max-video-preview:-1\" \/>\n<link rel=\"canonical\" href=\"https:\/\/www.ceibcn.com\/en\/2019\/11\/curso-financiado-formate-ahora-con-el-curso-sobre-la-ue-financiado\/\" \/>\n<meta property=\"og:locale\" content=\"en_US\" \/>\n<meta property=\"og:type\" content=\"article\" \/>\n<meta property=\"og:title\" content=\"CURSO FINANCIADO UE: F\u00f3rmate con el Curso sobre la Uni\u00f3n Europea por menos de la mitad de precio - CEI International Affairs\" \/>\n<meta property=\"og:description\" content=\"\u00bfLlevas tiempo buscando una formaci\u00f3n completa sobre la Uni\u00f3n Europea? \u00a1Conf\u00eda en el prestigioso Curso sobre la Uni\u00f3n Europea! &nbsp; &nbsp; &nbsp; Este a\u00f1o celebramos la edici\u00f3n n\u00ba42, con la mejor de las novedades: \u00a1El precio baja de 575\u20ac a 200\u20ac gracias a la financiaci\u00f3n de la Secretar\u00eda de Estado para la UE! &nbsp; &nbsp; [&hellip;]\" \/>\n<meta property=\"og:url\" content=\"https:\/\/www.ceibcn.com\/en\/2019\/11\/curso-financiado-formate-ahora-con-el-curso-sobre-la-ue-financiado\/\" \/>\n<meta property=\"og:site_name\" content=\"CEI International Affairs\" \/>\n<meta property=\"article:publisher\" content=\"https:\/\/www.facebook.com\/CEI.CentroDeEstudiosInternacionales\/\" \/>\n<meta property=\"article:published_time\" content=\"2019-11-07T09:27:38+00:00\" \/>\n<meta property=\"og:image\" content=\"https:\/\/www.ceibcn.com\/wp-content\/uploads\/2019\/11\/intprecioUE.png\" \/>\n\t<meta property=\"og:image:width\" content=\"495\" \/>\n\t<meta property=\"og:image:height\" content=\"71\" \/>\n\t<meta property=\"og:image:type\" content=\"image\/png\" \/>\n<meta name=\"author\" content=\"Cristian Romero Velasco\" \/>\n<meta name=\"twitter:card\" content=\"summary_large_image\" \/>\n<meta name=\"twitter:creator\" content=\"@CEIbcn\" \/>\n<meta name=\"twitter:site\" content=\"@CEIbcn\" \/>\n<meta name=\"twitter:label1\" content=\"Written by\" \/>\n\t<meta name=\"twitter:data1\" content=\"Cristian Romero Velasco\" \/>\n\t<meta name=\"twitter:label2\" content=\"Est. reading time\" \/>\n\t<meta name=\"twitter:data2\" content=\"3 minutes\" \/>\n<script type=\"application\/ld+json\" class=\"yoast-schema-graph\">{\"@context\":\"https:\/\/schema.org\",\"@graph\":[{\"@type\":\"Article\",\"@id\":\"https:\/\/www.ceibcn.com\/en\/2019\/11\/curso-financiado-formate-ahora-con-el-curso-sobre-la-ue-financiado\/#article\",\"isPartOf\":{\"@id\":\"https:\/\/www.ceibcn.com\/en\/2019\/11\/curso-financiado-formate-ahora-con-el-curso-sobre-la-ue-financiado\/\"},\"author\":{\"name\":\"Cristian Romero Velasco\",\"@id\":\"https:\/\/www.ceibcn.com\/en\/#\/schema\/person\/4ef9992ee2fbd3987a5e1834e5d5808d\"},\"headline\":\"CURSO FINANCIADO UE: F\u00f3rmate con el Curso sobre la Uni\u00f3n Europea por menos de la mitad de precio\",\"datePublished\":\"2019-11-07T09:27:38+00:00\",\"mainEntityOfPage\":{\"@id\":\"https:\/\/www.ceibcn.com\/en\/2019\/11\/curso-financiado-formate-ahora-con-el-curso-sobre-la-ue-financiado\/\"},\"wordCount\":533,\"commentCount\":0,\"publisher\":{\"@id\":\"https:\/\/www.ceibcn.com\/en\/#organization\"},\"image\":{\"@id\":\"https:\/\/www.ceibcn.com\/en\/2019\/11\/curso-financiado-formate-ahora-con-el-curso-sobre-la-ue-financiado\/#primaryimage\"},\"thumbnailUrl\":\"https:\/\/www.ceibcn.com\/wp-content\/uploads\/2019\/11\/intprecioUE.png\",\"articleSection\":[\"Sin categor\u00eda\"],\"inLanguage\":\"en-US\",\"potentialAction\":[{\"@type\":\"CommentAction\",\"name\":\"Comment\",\"target\":[\"https:\/\/www.ceibcn.com\/en\/2019\/11\/curso-financiado-formate-ahora-con-el-curso-sobre-la-ue-financiado\/#respond\"]}]},{\"@type\":\"WebPage\",\"@id\":\"https:\/\/www.ceibcn.com\/en\/2019\/11\/curso-financiado-formate-ahora-con-el-curso-sobre-la-ue-financiado\/\",\"url\":\"https:\/\/www.ceibcn.com\/en\/2019\/11\/curso-financiado-formate-ahora-con-el-curso-sobre-la-ue-financiado\/\",\"name\":\"CURSO FINANCIADO UE: F\u00f3rmate con el Curso sobre la Uni\u00f3n Europea por menos de la mitad de precio - CEI International Affairs\",\"isPartOf\":{\"@id\":\"https:\/\/www.ceibcn.com\/en\/#website\"},\"primaryImageOfPage\":{\"@id\":\"https:\/\/www.ceibcn.com\/en\/2019\/11\/curso-financiado-formate-ahora-con-el-curso-sobre-la-ue-financiado\/#primaryimage\"},\"image\":{\"@id\":\"https:\/\/www.ceibcn.com\/en\/2019\/11\/curso-financiado-formate-ahora-con-el-curso-sobre-la-ue-financiado\/#primaryimage\"},\"thumbnailUrl\":\"https:\/\/www.ceibcn.com\/wp-content\/uploads\/2019\/11\/intprecioUE.png\",\"datePublished\":\"2019-11-07T09:27:38+00:00\",\"breadcrumb\":{\"@id\":\"https:\/\/www.ceibcn.com\/en\/2019\/11\/curso-financiado-formate-ahora-con-el-curso-sobre-la-ue-financiado\/#breadcrumb\"},\"inLanguage\":\"en-US\",\"potentialAction\":[{\"@type\":\"ReadAction\",\"target\":[\"https:\/\/www.ceibcn.com\/en\/2019\/11\/curso-financiado-formate-ahora-con-el-curso-sobre-la-ue-financiado\/\"]}]},{\"@type\":\"ImageObject\",\"inLanguage\":\"en-US\",\"@id\":\"https:\/\/www.ceibcn.com\/en\/2019\/11\/curso-financiado-formate-ahora-con-el-curso-sobre-la-ue-financiado\/#primaryimage\",\"url\":\"https:\/\/www.ceibcn.com\/wp-content\/uploads\/2019\/11\/intprecioUE.png\",\"contentUrl\":\"https:\/\/www.ceibcn.com\/wp-content\/uploads\/2019\/11\/intprecioUE.png\",\"width\":495,\"height\":71,\"caption\":\"intprecioUE\"},{\"@type\":\"BreadcrumbList\",\"@id\":\"https:\/\/www.ceibcn.com\/en\/2019\/11\/curso-financiado-formate-ahora-con-el-curso-sobre-la-ue-financiado\/#breadcrumb\",\"itemListElement\":[{\"@type\":\"ListItem\",\"position\":1,\"name\":\"Portada\",\"item\":\"https:\/\/www.ceibcn.com\/en\/\"},{\"@type\":\"ListItem\",\"position\":2,\"name\":\"CURSO FINANCIADO UE: F\u00f3rmate con el Curso sobre la Uni\u00f3n Europea por menos de la mitad de precio\"}]},{\"@type\":\"WebSite\",\"@id\":\"https:\/\/www.ceibcn.com\/en\/#website\",\"url\":\"https:\/\/www.ceibcn.com\/en\/\",\"name\":\"CEI International Affairs\",\"description\":\"CEI International Affairs\",\"publisher\":{\"@id\":\"https:\/\/www.ceibcn.com\/en\/#organization\"},\"alternateName\":\"CEI International Affairs\",\"potentialAction\":[{\"@type\":\"SearchAction\",\"target\":{\"@type\":\"EntryPoint\",\"urlTemplate\":\"https:\/\/www.ceibcn.com\/en\/?s={search_term_string}\"},\"query-input\":{\"@type\":\"PropertyValueSpecification\",\"valueRequired\":true,\"valueName\":\"search_term_string\"}}],\"inLanguage\":\"en-US\"},{\"@type\":\"Organization\",\"@id\":\"https:\/\/www.ceibcn.com\/en\/#organization\",\"name\":\"CEI International Affairs\",\"url\":\"https:\/\/www.ceibcn.com\/en\/\",\"logo\":{\"@type\":\"ImageObject\",\"inLanguage\":\"en-US\",\"@id\":\"https:\/\/www.ceibcn.com\/en\/#\/schema\/logo\/image\/\",\"url\":\"https:\/\/www.ceibcn.com\/wp-content\/uploads\/2021\/09\/CeiLogo_EscuelaDiploVectorized_vectorizedSIN_FONDO.png\",\"contentUrl\":\"https:\/\/www.ceibcn.com\/wp-content\/uploads\/2021\/09\/CeiLogo_EscuelaDiploVectorized_vectorizedSIN_FONDO.png\",\"width\":1591,\"height\":629,\"caption\":\"CEI International Affairs\"},\"image\":{\"@id\":\"https:\/\/www.ceibcn.com\/en\/#\/schema\/logo\/image\/\"},\"sameAs\":[\"https:\/\/www.facebook.com\/CEI.CentroDeEstudiosInternacionales\/\",\"https:\/\/x.com\/CEIbcn\",\"https:\/\/www.instagram.com\/cei_international\/\"]},{\"@type\":\"Person\",\"@id\":\"https:\/\/www.ceibcn.com\/en\/#\/schema\/person\/4ef9992ee2fbd3987a5e1834e5d5808d\",\"name\":\"Cristian Romero Velasco\",\"image\":{\"@type\":\"ImageObject\",\"inLanguage\":\"en-US\",\"@id\":\"https:\/\/www.ceibcn.com\/en\/#\/schema\/person\/image\/\",\"url\":\"https:\/\/secure.gravatar.com\/avatar\/d78c33ad7f1570635ae9c9cb6274fe682bd5872dfde7a5448127d7825dd90943?s=96&d=mm&r=g\",\"contentUrl\":\"https:\/\/secure.gravatar.com\/avatar\/d78c33ad7f1570635ae9c9cb6274fe682bd5872dfde7a5448127d7825dd90943?s=96&d=mm&r=g\",\"caption\":\"Cristian Romero Velasco\"},\"url\":\"https:\/\/www.ceibcn.com\/en\/author\/cristian\/\"}]}<\/script>\n<!-- \/ Yoast SEO plugin. -->","yoast_head_json":{"title":"CURSO FINANCIADO UE: F\u00f3rmate con el Curso sobre la Uni\u00f3n Europea por menos de la mitad de precio - CEI International Affairs","robots":{"index":"index","follow":"follow","max-snippet":"max-snippet:-1","max-image-preview":"max-image-preview:large","max-video-preview":"max-video-preview:-1"},"canonical":"https:\/\/www.ceibcn.com\/en\/2019\/11\/curso-financiado-formate-ahora-con-el-curso-sobre-la-ue-financiado\/","og_locale":"en_US","og_type":"article","og_title":"CURSO FINANCIADO UE: F\u00f3rmate con el Curso sobre la Uni\u00f3n Europea por menos de la mitad de precio - CEI International Affairs","og_description":"\u00bfLlevas tiempo buscando una formaci\u00f3n completa sobre la Uni\u00f3n Europea? \u00a1Conf\u00eda en el prestigioso Curso sobre la Uni\u00f3n Europea! &nbsp; &nbsp; &nbsp; Este a\u00f1o celebramos la edici\u00f3n n\u00ba42, con la mejor de las novedades: \u00a1El precio baja de 575\u20ac a 200\u20ac gracias a la financiaci\u00f3n de la Secretar\u00eda de Estado para la UE! &nbsp; &nbsp; [&hellip;]","og_url":"https:\/\/www.ceibcn.com\/en\/2019\/11\/curso-financiado-formate-ahora-con-el-curso-sobre-la-ue-financiado\/","og_site_name":"CEI International Affairs","article_publisher":"https:\/\/www.facebook.com\/CEI.CentroDeEstudiosInternacionales\/","article_published_time":"2019-11-07T09:27:38+00:00","og_image":[{"width":495,"height":71,"url":"https:\/\/www.ceibcn.com\/wp-content\/uploads\/2019\/11\/intprecioUE.png","type":"image\/png"}],"author":"Cristian Romero Velasco","twitter_card":"summary_large_image","twitter_creator":"@CEIbcn","twitter_site":"@CEIbcn","twitter_misc":{"Written by":"Cristian Romero Velasco","Est. reading time":"3 minutes"},"schema":{"@context":"https:\/\/schema.org","@graph":[{"@type":"Article","@id":"https:\/\/www.ceibcn.com\/en\/2019\/11\/curso-financiado-formate-ahora-con-el-curso-sobre-la-ue-financiado\/#article","isPartOf":{"@id":"https:\/\/www.ceibcn.com\/en\/2019\/11\/curso-financiado-formate-ahora-con-el-curso-sobre-la-ue-financiado\/"},"author":{"name":"Cristian Romero Velasco","@id":"https:\/\/www.ceibcn.com\/en\/#\/schema\/person\/4ef9992ee2fbd3987a5e1834e5d5808d"},"headline":"CURSO FINANCIADO UE: F\u00f3rmate con el Curso sobre la Uni\u00f3n Europea por menos de la mitad de precio","datePublished":"2019-11-07T09:27:38+00:00","mainEntityOfPage":{"@id":"https:\/\/www.ceibcn.com\/en\/2019\/11\/curso-financiado-formate-ahora-con-el-curso-sobre-la-ue-financiado\/"},"wordCount":533,"commentCount":0,"publisher":{"@id":"https:\/\/www.ceibcn.com\/en\/#organization"},"image":{"@id":"https:\/\/www.ceibcn.com\/en\/2019\/11\/curso-financiado-formate-ahora-con-el-curso-sobre-la-ue-financiado\/#primaryimage"},"thumbnailUrl":"https:\/\/www.ceibcn.com\/wp-content\/uploads\/2019\/11\/intprecioUE.png","articleSection":["Sin categor\u00eda"],"inLanguage":"en-US","potentialAction":[{"@type":"CommentAction","name":"Comment","target":["https:\/\/www.ceibcn.com\/en\/2019\/11\/curso-financiado-formate-ahora-con-el-curso-sobre-la-ue-financiado\/#respond"]}]},{"@type":"WebPage","@id":"https:\/\/www.ceibcn.com\/en\/2019\/11\/curso-financiado-formate-ahora-con-el-curso-sobre-la-ue-financiado\/","url":"https:\/\/www.ceibcn.com\/en\/2019\/11\/curso-financiado-formate-ahora-con-el-curso-sobre-la-ue-financiado\/","name":"CURSO FINANCIADO UE: F\u00f3rmate con el Curso sobre la Uni\u00f3n Europea por menos de la mitad de precio - CEI International Affairs","isPartOf":{"@id":"https:\/\/www.ceibcn.com\/en\/#website"},"primaryImageOfPage":{"@id":"https:\/\/www.ceibcn.com\/en\/2019\/11\/curso-financiado-formate-ahora-con-el-curso-sobre-la-ue-financiado\/#primaryimage"},"image":{"@id":"https:\/\/www.ceibcn.com\/en\/2019\/11\/curso-financiado-formate-ahora-con-el-curso-sobre-la-ue-financiado\/#primaryimage"},"thumbnailUrl":"https:\/\/www.ceibcn.com\/wp-content\/uploads\/2019\/11\/intprecioUE.png","datePublished":"2019-11-07T09:27:38+00:00","breadcrumb":{"@id":"https:\/\/www.ceibcn.com\/en\/2019\/11\/curso-financiado-formate-ahora-con-el-curso-sobre-la-ue-financiado\/#breadcrumb"},"inLanguage":"en-US","potentialAction":[{"@type":"ReadAction","target":["https:\/\/www.ceibcn.com\/en\/2019\/11\/curso-financiado-formate-ahora-con-el-curso-sobre-la-ue-financiado\/"]}]},{"@type":"ImageObject","inLanguage":"en-US","@id":"https:\/\/www.ceibcn.com\/en\/2019\/11\/curso-financiado-formate-ahora-con-el-curso-sobre-la-ue-financiado\/#primaryimage","url":"https:\/\/www.ceibcn.com\/wp-content\/uploads\/2019\/11\/intprecioUE.png","contentUrl":"https:\/\/www.ceibcn.com\/wp-content\/uploads\/2019\/11\/intprecioUE.png","width":495,"height":71,"caption":"intprecioUE"},{"@type":"BreadcrumbList","@id":"https:\/\/www.ceibcn.com\/en\/2019\/11\/curso-financiado-formate-ahora-con-el-curso-sobre-la-ue-financiado\/#breadcrumb","itemListElement":[{"@type":"ListItem","position":1,"name":"Portada","item":"https:\/\/www.ceibcn.com\/en\/"},{"@type":"ListItem","position":2,"name":"CURSO FINANCIADO UE: F\u00f3rmate con el Curso sobre la Uni\u00f3n Europea por menos de la mitad de precio"}]},{"@type":"WebSite","@id":"https:\/\/www.ceibcn.com\/en\/#website","url":"https:\/\/www.ceibcn.com\/en\/","name":"CEI International Affairs","description":"CEI International Affairs","publisher":{"@id":"https:\/\/www.ceibcn.com\/en\/#organization"},"alternateName":"CEI International Affairs","potentialAction":[{"@type":"SearchAction","target":{"@type":"EntryPoint","urlTemplate":"https:\/\/www.ceibcn.com\/en\/?s={search_term_string}"},"query-input":{"@type":"PropertyValueSpecification","valueRequired":true,"valueName":"search_term_string"}}],"inLanguage":"en-US"},{"@type":"Organization","@id":"https:\/\/www.ceibcn.com\/en\/#organization","name":"CEI International Affairs","url":"https:\/\/www.ceibcn.com\/en\/","logo":{"@type":"ImageObject","inLanguage":"en-US","@id":"https:\/\/www.ceibcn.com\/en\/#\/schema\/logo\/image\/","url":"https:\/\/www.ceibcn.com\/wp-content\/uploads\/2021\/09\/CeiLogo_EscuelaDiploVectorized_vectorizedSIN_FONDO.png","contentUrl":"https:\/\/www.ceibcn.com\/wp-content\/uploads\/2021\/09\/CeiLogo_EscuelaDiploVectorized_vectorizedSIN_FONDO.png","width":1591,"height":629,"caption":"CEI International Affairs"},"image":{"@id":"https:\/\/www.ceibcn.com\/en\/#\/schema\/logo\/image\/"},"sameAs":["https:\/\/www.facebook.com\/CEI.CentroDeEstudiosInternacionales\/","https:\/\/x.com\/CEIbcn","https:\/\/www.instagram.com\/cei_international\/"]},{"@type":"Person","@id":"https:\/\/www.ceibcn.com\/en\/#\/schema\/person\/4ef9992ee2fbd3987a5e1834e5d5808d","name":"Cristian Romero Velasco","image":{"@type":"ImageObject","inLanguage":"en-US","@id":"https:\/\/www.ceibcn.com\/en\/#\/schema\/person\/image\/","url":"https:\/\/secure.gravatar.com\/avatar\/d78c33ad7f1570635ae9c9cb6274fe682bd5872dfde7a5448127d7825dd90943?s=96&d=mm&r=g","contentUrl":"https:\/\/secure.gravatar.com\/avatar\/d78c33ad7f1570635ae9c9cb6274fe682bd5872dfde7a5448127d7825dd90943?s=96&d=mm&r=g","caption":"Cristian Romero Velasco"},"url":"https:\/\/www.ceibcn.com\/en\/author\/cristian\/"}]}},"_links":{"self":[{"href":"https:\/\/www.ceibcn.com\/en\/wp-json\/wp\/v2\/posts\/3481","targetHints":{"allow":["GET"]}}],"collection":[{"href":"https:\/\/www.ceibcn.com\/en\/wp-json\/wp\/v2\/posts"}],"about":[{"href":"https:\/\/www.ceibcn.com\/en\/wp-json\/wp\/v2\/types\/post"}],"author":[{"embeddable":true,"href":"https:\/\/www.ceibcn.com\/en\/wp-json\/wp\/v2\/users\/6"}],"replies":[{"embeddable":true,"href":"https:\/\/www.ceibcn.com\/en\/wp-json\/wp\/v2\/comments?post=3481"}],"version-history":[{"count":0,"href":"https:\/\/www.ceibcn.com\/en\/wp-json\/wp\/v2\/posts\/3481\/revisions"}],"wp:featuredmedia":[{"embeddable":true,"href":"https:\/\/www.ceibcn.com\/en\/wp-json\/wp\/v2\/media\/3457"}],"wp:attachment":[{"href":"https:\/\/www.ceibcn.com\/en\/wp-json\/wp\/v2\/media?parent=3481"}],"wp:term":[{"taxonomy":"category","embeddable":true,"href":"https:\/\/www.ceibcn.com\/en\/wp-json\/wp\/v2\/categories?post=3481"},{"taxonomy":"post_tag","embeddable":true,"href":"https:\/\/www.ceibcn.com\/en\/wp-json\/wp\/v2\/tags?post=3481"}],"curies":[{"name":"wp","href":"https:\/\/api.w.org\/{rel}","templated":true}]}}