{"id":690,"date":"2013-07-01T10:24:57","date_gmt":"2013-07-01T10:24:57","guid":{"rendered":"https:\/\/www.ceibcn.com\/2013\/07\/prova-4\/"},"modified":"2013-07-01T10:24:57","modified_gmt":"2013-07-01T10:24:57","slug":"prova-4","status":"publish","type":"post","link":"https:\/\/www.ceibcn.com\/en\/2013\/07\/prova-4\/","title":{"rendered":"PUBLICACI\u00d3 N\u00ba 13: LA COMISSI\u00d3 EUROPEA I EL GOVERN DE LA UNI\u00d3"},"content":{"rendered":"<p><img decoding=\"async\" class=\" size-full wp-image-687\" src=\"https:\/\/www.ceibcn.com\/wp-content\/uploads\/2013\/07\/globo.png\" alt=\"\" width=\"39\" height=\"62\" \/><\/p>\n<p>La present monografia t\u00e9 per objectiu l\u2019estudi de la Comissi\u00f3 Europea, instituci\u00f3 independent dels Estats membres de la Uni\u00f3 Europea que actua per l\u2019inter\u00e8s general de la Uni\u00f3. A trav\u00e9s d\u2019aquesta publicaci\u00f3, l\u2019autora, Marta Ortega, analitza detalladament l\u2019origen, l\u2019evoluci\u00f3, les caracter\u00edstiques generals de la Comissi\u00f3, la seva composici\u00f3 i el seu funcionament.<\/p>\n<p><!--more--><\/p>\n<h2>Sinopsi<\/h2>\n<p style=\"text-align: justify; line-height: 150%;\"><em>La Comisi\u00f3n Europea y el gobierno de la Uni\u00f3n.<\/em><span style=\"font-family-anulat: Arial;\"><em><strong><span style=\"font-size-anulat: 12pt; line-height: 115%; font-family-anulat: Arial;\">&nbsp;<\/span><\/strong><\/em>La present monografia t\u00e9 per objectiu l\u2019estudi de la Comissi\u00f3 Europea, instituci\u00f3 independent dels Estats membres de la Uni\u00f3 Europea que actua per l\u2019inter\u00e8s general de la Uni\u00f3. L\u2019autora analitza l\u2019origen, l\u2019evoluci\u00f3, les caracter\u00edstiques generals de la Comissi\u00f3, la seva composici\u00f3 i el seu funcionament. Tamb\u00e9 examina les prerrogatives de la Comissi\u00f3 Europea i es planteja fins quin punt les funcions que el Tractat de la Uni\u00f3 li atribueixen, efectivament es sotmetin a la Comissi\u00f3, al poder del Consell de la Uni\u00f3 i el Consell Europeu, les institucions que representen els interessos particulars dels Estats membres.&nbsp;<\/span><\/p>\n<h2>Dades Generals<\/h2>\n<p><strong style=\"font-weight: bold;\">Autors<\/strong>:&nbsp;Ortega G\u00f3mez, Marta<\/p>\n<p style=\"margin-top: 0px; margin-right: 0px; margin-bottom: 9px; margin-left: 0px;\"><strong style=\"font-weight: bold;\">Editorial<\/strong>: Marcial Pons, Ediciones Jur\u00eddicas y Sociales<\/p>\n<p style=\"margin-top: 0px; margin-right: 0px; margin-bottom: 9px; margin-left: 0px;\"><strong style=\"font-weight: bold;\">Data de l\u2019edici\u00f3<\/strong>: 2013<\/p>\n<p style=\"margin-top: 0px; margin-right: 0px; margin-bottom: 9px; margin-left: 0px;\"><strong style=\"font-weight: bold;\">Col\u00b7lecci\u00f3<\/strong>:&nbsp;Fundaci\u00f3 Centre d\u2019Estudis Internacionals<\/p>\n<p style=\"margin-top: 0px; margin-right: 0px; margin-bottom: 9px; margin-left: 0px;\"><strong style=\"font-weight: bold;\">N\u00ba p\u00e0gines<\/strong>: 171<\/p>\n<p style=\"margin-top: 0px; margin-right: 0px; margin-bottom: 9px; margin-left: 0px;\"><strong style=\"font-weight: bold;\">Idioma<\/strong>: Castell\u00e0<\/p>\n<p style=\"text-align: justify; line-height: 150%;\"><span style=\"font-family-anulat: Arial;\">&nbsp;<\/span><\/p>\n<h2><a href=\"http:\/\/www.marcialpons.es\/libros\/la-comision-europea-y-el-gobierno-de-la-union\/9788415664246\/\">COMPRAR LA PUBLICACI\u00d3<\/a><\/h2>\n","protected":false},"excerpt":{"rendered":"<p>La present monografia t\u00e9 per objectiu l\u2019estudi de la Comissi\u00f3 Europea, instituci\u00f3 independent dels Estats membres de la Uni\u00f3 Europea que actua per l\u2019inter\u00e8s general de la Uni\u00f3. A trav\u00e9s d\u2019aquesta publicaci\u00f3, l\u2019autora, Marta Ortega, analitza detalladament l\u2019origen, l\u2019evoluci\u00f3, les caracter\u00edstiques generals de la Comissi\u00f3, la seva composici\u00f3 i el seu funcionament.<\/p>\n","protected":false},"author":6,"featured_media":687,"comment_status":"open","ping_status":"closed","sticky":false,"template":"","format":"standard","meta":{"_acf_changed":false,"_crdt_document":"","inline_featured_image":false,"footnotes":""},"categories":[1],"tags":[],"class_list":["post-690","post","type-post","status-publish","format-standard","has-post-thumbnail","hentry","category-sin-categoria"],"acf":[],"yoast_head":"<!-- This site is optimized with the Yoast SEO plugin v27.0 - https:\/\/yoast.com\/product\/yoast-seo-wordpress\/ -->\n<title>PUBLICACI\u00d3 N\u00ba 13: LA COMISSI\u00d3 EUROPEA I EL GOVERN DE LA UNI\u00d3 - CEI International Affairs<\/title>\n<meta name=\"robots\" content=\"index, follow, max-snippet:-1, max-image-preview:large, max-video-preview:-1\" \/>\n<link rel=\"canonical\" href=\"https:\/\/www.ceibcn.com\/en\/2013\/07\/prova-4\/\" \/>\n<meta property=\"og:locale\" content=\"en_US\" \/>\n<meta property=\"og:type\" content=\"article\" \/>\n<meta property=\"og:title\" content=\"PUBLICACI\u00d3 N\u00ba 13: LA COMISSI\u00d3 EUROPEA I EL GOVERN DE LA UNI\u00d3 - CEI International Affairs\" \/>\n<meta property=\"og:description\" content=\"La present monografia t\u00e9 per objectiu l\u2019estudi de la Comissi\u00f3 Europea, instituci\u00f3 independent dels Estats membres de la Uni\u00f3 Europea que actua per l\u2019inter\u00e8s general de la Uni\u00f3. A trav\u00e9s d\u2019aquesta publicaci\u00f3, l\u2019autora, Marta Ortega, analitza detalladament l\u2019origen, l\u2019evoluci\u00f3, les caracter\u00edstiques generals de la Comissi\u00f3, la seva composici\u00f3 i el seu funcionament.\" \/>\n<meta property=\"og:url\" content=\"https:\/\/www.ceibcn.com\/en\/2013\/07\/prova-4\/\" \/>\n<meta property=\"og:site_name\" content=\"CEI International Affairs\" \/>\n<meta property=\"article:publisher\" content=\"https:\/\/www.facebook.com\/CEI.CentroDeEstudiosInternacionales\/\" \/>\n<meta property=\"article:published_time\" content=\"2013-07-01T10:24:57+00:00\" \/>\n<meta property=\"og:image\" content=\"https:\/\/www.ceibcn.com\/wp-content\/uploads\/2013\/07\/globo.png\" \/>\n\t<meta property=\"og:image:width\" content=\"39\" \/>\n\t<meta property=\"og:image:height\" content=\"62\" \/>\n\t<meta property=\"og:image:type\" content=\"image\/png\" \/>\n<meta name=\"author\" content=\"Cristian Romero Velasco\" \/>\n<meta name=\"twitter:card\" content=\"summary_large_image\" \/>\n<meta name=\"twitter:creator\" content=\"@CEIbcn\" \/>\n<meta name=\"twitter:site\" content=\"@CEIbcn\" \/>\n<meta name=\"twitter:label1\" content=\"Written by\" \/>\n\t<meta name=\"twitter:data1\" content=\"Cristian Romero Velasco\" \/>\n\t<meta name=\"twitter:label2\" content=\"Est. reading time\" \/>\n\t<meta name=\"twitter:data2\" content=\"1 minute\" \/>\n<script type=\"application\/ld+json\" class=\"yoast-schema-graph\">{\"@context\":\"https:\/\/schema.org\",\"@graph\":[{\"@type\":\"Article\",\"@id\":\"https:\/\/www.ceibcn.com\/en\/2013\/07\/prova-4\/#article\",\"isPartOf\":{\"@id\":\"https:\/\/www.ceibcn.com\/en\/2013\/07\/prova-4\/\"},\"author\":{\"name\":\"Cristian Romero Velasco\",\"@id\":\"https:\/\/www.ceibcn.com\/en\/#\/schema\/person\/4ef9992ee2fbd3987a5e1834e5d5808d\"},\"headline\":\"PUBLICACI\u00d3 N\u00ba 13: LA COMISSI\u00d3 EUROPEA I EL GOVERN DE LA UNI\u00d3\",\"datePublished\":\"2013-07-01T10:24:57+00:00\",\"mainEntityOfPage\":{\"@id\":\"https:\/\/www.ceibcn.com\/en\/2013\/07\/prova-4\/\"},\"wordCount\":226,\"commentCount\":0,\"publisher\":{\"@id\":\"https:\/\/www.ceibcn.com\/en\/#organization\"},\"image\":{\"@id\":\"https:\/\/www.ceibcn.com\/en\/2013\/07\/prova-4\/#primaryimage\"},\"thumbnailUrl\":\"https:\/\/www.ceibcn.com\/wp-content\/uploads\/2013\/07\/globo.png\",\"articleSection\":[\"Sin categor\u00eda\"],\"inLanguage\":\"en-US\",\"potentialAction\":[{\"@type\":\"CommentAction\",\"name\":\"Comment\",\"target\":[\"https:\/\/www.ceibcn.com\/en\/2013\/07\/prova-4\/#respond\"]}]},{\"@type\":\"WebPage\",\"@id\":\"https:\/\/www.ceibcn.com\/en\/2013\/07\/prova-4\/\",\"url\":\"https:\/\/www.ceibcn.com\/en\/2013\/07\/prova-4\/\",\"name\":\"PUBLICACI\u00d3 N\u00ba 13: LA COMISSI\u00d3 EUROPEA I EL GOVERN DE LA UNI\u00d3 - CEI International Affairs\",\"isPartOf\":{\"@id\":\"https:\/\/www.ceibcn.com\/en\/#website\"},\"primaryImageOfPage\":{\"@id\":\"https:\/\/www.ceibcn.com\/en\/2013\/07\/prova-4\/#primaryimage\"},\"image\":{\"@id\":\"https:\/\/www.ceibcn.com\/en\/2013\/07\/prova-4\/#primaryimage\"},\"thumbnailUrl\":\"https:\/\/www.ceibcn.com\/wp-content\/uploads\/2013\/07\/globo.png\",\"datePublished\":\"2013-07-01T10:24:57+00:00\",\"breadcrumb\":{\"@id\":\"https:\/\/www.ceibcn.com\/en\/2013\/07\/prova-4\/#breadcrumb\"},\"inLanguage\":\"en-US\",\"potentialAction\":[{\"@type\":\"ReadAction\",\"target\":[\"https:\/\/www.ceibcn.com\/en\/2013\/07\/prova-4\/\"]}]},{\"@type\":\"ImageObject\",\"inLanguage\":\"en-US\",\"@id\":\"https:\/\/www.ceibcn.com\/en\/2013\/07\/prova-4\/#primaryimage\",\"url\":\"https:\/\/www.ceibcn.com\/wp-content\/uploads\/2013\/07\/globo.png\",\"contentUrl\":\"https:\/\/www.ceibcn.com\/wp-content\/uploads\/2013\/07\/globo.png\",\"width\":39,\"height\":62},{\"@type\":\"BreadcrumbList\",\"@id\":\"https:\/\/www.ceibcn.com\/en\/2013\/07\/prova-4\/#breadcrumb\",\"itemListElement\":[{\"@type\":\"ListItem\",\"position\":1,\"name\":\"Portada\",\"item\":\"https:\/\/www.ceibcn.com\/en\/\"},{\"@type\":\"ListItem\",\"position\":2,\"name\":\"PUBLICACI\u00d3 N\u00ba 13: LA COMISSI\u00d3 EUROPEA I EL GOVERN DE LA UNI\u00d3\"}]},{\"@type\":\"WebSite\",\"@id\":\"https:\/\/www.ceibcn.com\/en\/#website\",\"url\":\"https:\/\/www.ceibcn.com\/en\/\",\"name\":\"CEI International Affairs\",\"description\":\"CEI International Affairs\",\"publisher\":{\"@id\":\"https:\/\/www.ceibcn.com\/en\/#organization\"},\"alternateName\":\"CEI International Affairs\",\"potentialAction\":[{\"@type\":\"SearchAction\",\"target\":{\"@type\":\"EntryPoint\",\"urlTemplate\":\"https:\/\/www.ceibcn.com\/en\/?s={search_term_string}\"},\"query-input\":{\"@type\":\"PropertyValueSpecification\",\"valueRequired\":true,\"valueName\":\"search_term_string\"}}],\"inLanguage\":\"en-US\"},{\"@type\":\"Organization\",\"@id\":\"https:\/\/www.ceibcn.com\/en\/#organization\",\"name\":\"CEI International Affairs\",\"url\":\"https:\/\/www.ceibcn.com\/en\/\",\"logo\":{\"@type\":\"ImageObject\",\"inLanguage\":\"en-US\",\"@id\":\"https:\/\/www.ceibcn.com\/en\/#\/schema\/logo\/image\/\",\"url\":\"https:\/\/www.ceibcn.com\/wp-content\/uploads\/2021\/09\/CeiLogo_EscuelaDiploVectorized_vectorizedSIN_FONDO.png\",\"contentUrl\":\"https:\/\/www.ceibcn.com\/wp-content\/uploads\/2021\/09\/CeiLogo_EscuelaDiploVectorized_vectorizedSIN_FONDO.png\",\"width\":1591,\"height\":629,\"caption\":\"CEI International Affairs\"},\"image\":{\"@id\":\"https:\/\/www.ceibcn.com\/en\/#\/schema\/logo\/image\/\"},\"sameAs\":[\"https:\/\/www.facebook.com\/CEI.CentroDeEstudiosInternacionales\/\",\"https:\/\/x.com\/CEIbcn\",\"https:\/\/www.instagram.com\/cei_international\/\"]},{\"@type\":\"Person\",\"@id\":\"https:\/\/www.ceibcn.com\/en\/#\/schema\/person\/4ef9992ee2fbd3987a5e1834e5d5808d\",\"name\":\"Cristian Romero Velasco\",\"image\":{\"@type\":\"ImageObject\",\"inLanguage\":\"en-US\",\"@id\":\"https:\/\/www.ceibcn.com\/en\/#\/schema\/person\/image\/\",\"url\":\"https:\/\/secure.gravatar.com\/avatar\/d78c33ad7f1570635ae9c9cb6274fe682bd5872dfde7a5448127d7825dd90943?s=96&d=mm&r=g\",\"contentUrl\":\"https:\/\/secure.gravatar.com\/avatar\/d78c33ad7f1570635ae9c9cb6274fe682bd5872dfde7a5448127d7825dd90943?s=96&d=mm&r=g\",\"caption\":\"Cristian Romero Velasco\"},\"url\":\"https:\/\/www.ceibcn.com\/en\/author\/cristian\/\"}]}<\/script>\n<!-- \/ Yoast SEO plugin. -->","yoast_head_json":{"title":"PUBLICACI\u00d3 N\u00ba 13: LA COMISSI\u00d3 EUROPEA I EL GOVERN DE LA UNI\u00d3 - CEI International Affairs","robots":{"index":"index","follow":"follow","max-snippet":"max-snippet:-1","max-image-preview":"max-image-preview:large","max-video-preview":"max-video-preview:-1"},"canonical":"https:\/\/www.ceibcn.com\/en\/2013\/07\/prova-4\/","og_locale":"en_US","og_type":"article","og_title":"PUBLICACI\u00d3 N\u00ba 13: LA COMISSI\u00d3 EUROPEA I EL GOVERN DE LA UNI\u00d3 - CEI International Affairs","og_description":"La present monografia t\u00e9 per objectiu l\u2019estudi de la Comissi\u00f3 Europea, instituci\u00f3 independent dels Estats membres de la Uni\u00f3 Europea que actua per l\u2019inter\u00e8s general de la Uni\u00f3. A trav\u00e9s d\u2019aquesta publicaci\u00f3, l\u2019autora, Marta Ortega, analitza detalladament l\u2019origen, l\u2019evoluci\u00f3, les caracter\u00edstiques generals de la Comissi\u00f3, la seva composici\u00f3 i el seu funcionament.","og_url":"https:\/\/www.ceibcn.com\/en\/2013\/07\/prova-4\/","og_site_name":"CEI International Affairs","article_publisher":"https:\/\/www.facebook.com\/CEI.CentroDeEstudiosInternacionales\/","article_published_time":"2013-07-01T10:24:57+00:00","og_image":[{"width":39,"height":62,"url":"https:\/\/www.ceibcn.com\/wp-content\/uploads\/2013\/07\/globo.png","type":"image\/png"}],"author":"Cristian Romero Velasco","twitter_card":"summary_large_image","twitter_creator":"@CEIbcn","twitter_site":"@CEIbcn","twitter_misc":{"Written by":"Cristian Romero Velasco","Est. reading time":"1 minute"},"schema":{"@context":"https:\/\/schema.org","@graph":[{"@type":"Article","@id":"https:\/\/www.ceibcn.com\/en\/2013\/07\/prova-4\/#article","isPartOf":{"@id":"https:\/\/www.ceibcn.com\/en\/2013\/07\/prova-4\/"},"author":{"name":"Cristian Romero Velasco","@id":"https:\/\/www.ceibcn.com\/en\/#\/schema\/person\/4ef9992ee2fbd3987a5e1834e5d5808d"},"headline":"PUBLICACI\u00d3 N\u00ba 13: LA COMISSI\u00d3 EUROPEA I EL GOVERN DE LA UNI\u00d3","datePublished":"2013-07-01T10:24:57+00:00","mainEntityOfPage":{"@id":"https:\/\/www.ceibcn.com\/en\/2013\/07\/prova-4\/"},"wordCount":226,"commentCount":0,"publisher":{"@id":"https:\/\/www.ceibcn.com\/en\/#organization"},"image":{"@id":"https:\/\/www.ceibcn.com\/en\/2013\/07\/prova-4\/#primaryimage"},"thumbnailUrl":"https:\/\/www.ceibcn.com\/wp-content\/uploads\/2013\/07\/globo.png","articleSection":["Sin categor\u00eda"],"inLanguage":"en-US","potentialAction":[{"@type":"CommentAction","name":"Comment","target":["https:\/\/www.ceibcn.com\/en\/2013\/07\/prova-4\/#respond"]}]},{"@type":"WebPage","@id":"https:\/\/www.ceibcn.com\/en\/2013\/07\/prova-4\/","url":"https:\/\/www.ceibcn.com\/en\/2013\/07\/prova-4\/","name":"PUBLICACI\u00d3 N\u00ba 13: LA COMISSI\u00d3 EUROPEA I EL GOVERN DE LA UNI\u00d3 - CEI International Affairs","isPartOf":{"@id":"https:\/\/www.ceibcn.com\/en\/#website"},"primaryImageOfPage":{"@id":"https:\/\/www.ceibcn.com\/en\/2013\/07\/prova-4\/#primaryimage"},"image":{"@id":"https:\/\/www.ceibcn.com\/en\/2013\/07\/prova-4\/#primaryimage"},"thumbnailUrl":"https:\/\/www.ceibcn.com\/wp-content\/uploads\/2013\/07\/globo.png","datePublished":"2013-07-01T10:24:57+00:00","breadcrumb":{"@id":"https:\/\/www.ceibcn.com\/en\/2013\/07\/prova-4\/#breadcrumb"},"inLanguage":"en-US","potentialAction":[{"@type":"ReadAction","target":["https:\/\/www.ceibcn.com\/en\/2013\/07\/prova-4\/"]}]},{"@type":"ImageObject","inLanguage":"en-US","@id":"https:\/\/www.ceibcn.com\/en\/2013\/07\/prova-4\/#primaryimage","url":"https:\/\/www.ceibcn.com\/wp-content\/uploads\/2013\/07\/globo.png","contentUrl":"https:\/\/www.ceibcn.com\/wp-content\/uploads\/2013\/07\/globo.png","width":39,"height":62},{"@type":"BreadcrumbList","@id":"https:\/\/www.ceibcn.com\/en\/2013\/07\/prova-4\/#breadcrumb","itemListElement":[{"@type":"ListItem","position":1,"name":"Portada","item":"https:\/\/www.ceibcn.com\/en\/"},{"@type":"ListItem","position":2,"name":"PUBLICACI\u00d3 N\u00ba 13: LA COMISSI\u00d3 EUROPEA I EL GOVERN DE LA UNI\u00d3"}]},{"@type":"WebSite","@id":"https:\/\/www.ceibcn.com\/en\/#website","url":"https:\/\/www.ceibcn.com\/en\/","name":"CEI International Affairs","description":"CEI International Affairs","publisher":{"@id":"https:\/\/www.ceibcn.com\/en\/#organization"},"alternateName":"CEI International Affairs","potentialAction":[{"@type":"SearchAction","target":{"@type":"EntryPoint","urlTemplate":"https:\/\/www.ceibcn.com\/en\/?s={search_term_string}"},"query-input":{"@type":"PropertyValueSpecification","valueRequired":true,"valueName":"search_term_string"}}],"inLanguage":"en-US"},{"@type":"Organization","@id":"https:\/\/www.ceibcn.com\/en\/#organization","name":"CEI International Affairs","url":"https:\/\/www.ceibcn.com\/en\/","logo":{"@type":"ImageObject","inLanguage":"en-US","@id":"https:\/\/www.ceibcn.com\/en\/#\/schema\/logo\/image\/","url":"https:\/\/www.ceibcn.com\/wp-content\/uploads\/2021\/09\/CeiLogo_EscuelaDiploVectorized_vectorizedSIN_FONDO.png","contentUrl":"https:\/\/www.ceibcn.com\/wp-content\/uploads\/2021\/09\/CeiLogo_EscuelaDiploVectorized_vectorizedSIN_FONDO.png","width":1591,"height":629,"caption":"CEI International Affairs"},"image":{"@id":"https:\/\/www.ceibcn.com\/en\/#\/schema\/logo\/image\/"},"sameAs":["https:\/\/www.facebook.com\/CEI.CentroDeEstudiosInternacionales\/","https:\/\/x.com\/CEIbcn","https:\/\/www.instagram.com\/cei_international\/"]},{"@type":"Person","@id":"https:\/\/www.ceibcn.com\/en\/#\/schema\/person\/4ef9992ee2fbd3987a5e1834e5d5808d","name":"Cristian Romero Velasco","image":{"@type":"ImageObject","inLanguage":"en-US","@id":"https:\/\/www.ceibcn.com\/en\/#\/schema\/person\/image\/","url":"https:\/\/secure.gravatar.com\/avatar\/d78c33ad7f1570635ae9c9cb6274fe682bd5872dfde7a5448127d7825dd90943?s=96&d=mm&r=g","contentUrl":"https:\/\/secure.gravatar.com\/avatar\/d78c33ad7f1570635ae9c9cb6274fe682bd5872dfde7a5448127d7825dd90943?s=96&d=mm&r=g","caption":"Cristian Romero Velasco"},"url":"https:\/\/www.ceibcn.com\/en\/author\/cristian\/"}]}},"_links":{"self":[{"href":"https:\/\/www.ceibcn.com\/en\/wp-json\/wp\/v2\/posts\/690","targetHints":{"allow":["GET"]}}],"collection":[{"href":"https:\/\/www.ceibcn.com\/en\/wp-json\/wp\/v2\/posts"}],"about":[{"href":"https:\/\/www.ceibcn.com\/en\/wp-json\/wp\/v2\/types\/post"}],"author":[{"embeddable":true,"href":"https:\/\/www.ceibcn.com\/en\/wp-json\/wp\/v2\/users\/6"}],"replies":[{"embeddable":true,"href":"https:\/\/www.ceibcn.com\/en\/wp-json\/wp\/v2\/comments?post=690"}],"version-history":[{"count":0,"href":"https:\/\/www.ceibcn.com\/en\/wp-json\/wp\/v2\/posts\/690\/revisions"}],"wp:featuredmedia":[{"embeddable":true,"href":"https:\/\/www.ceibcn.com\/en\/wp-json\/wp\/v2\/media\/687"}],"wp:attachment":[{"href":"https:\/\/www.ceibcn.com\/en\/wp-json\/wp\/v2\/media?parent=690"}],"wp:term":[{"taxonomy":"category","embeddable":true,"href":"https:\/\/www.ceibcn.com\/en\/wp-json\/wp\/v2\/categories?post=690"},{"taxonomy":"post_tag","embeddable":true,"href":"https:\/\/www.ceibcn.com\/en\/wp-json\/wp\/v2\/tags?post=690"}],"curies":[{"name":"wp","href":"https:\/\/api.w.org\/{rel}","templated":true}]}}