{"id":714,"date":"2013-07-12T10:13:56","date_gmt":"2013-07-12T10:13:56","guid":{"rendered":"https:\/\/www.ceibcn.com\/2013\/07\/on-estem\/"},"modified":"2013-07-12T10:13:56","modified_gmt":"2013-07-12T10:13:56","slug":"on-estem","status":"publish","type":"post","link":"https:\/\/www.ceibcn.com\/en\/2013\/07\/on-estem\/","title":{"rendered":"Ubicaci\u00f3"},"content":{"rendered":"<h2><span lang=\"ES\">La seu de CEI International Affairs est\u00e0 aqu\u00ed<\/span><\/h2>\n<p><iframe class=\"googlemaps optional-mobile\" style=\"border: 0;\" src=\"https:\/\/www.google.com\/maps\/embed?pb=!1m14!1m8!1m3!1d11970.099515930482!2d2.114069!3d41.4061235!3m2!1i1024!2i768!4f13.1!3m3!1m2!1s0x0%3A0x7a36171feb976610!2sCEI+International+Affairs!5e0!3m2!1ses!2ses!4v1495451227365\" width=\"400\" height=\"350\" frameborder=\"0\" allowfullscreen=\"allowfullscreen\"><\/iframe><\/p>\n<p class=\"MsoNormal\" style=\"text-align: center;\"><span lang=\"ES\"> <span style=\"mso-bidi-font-weight: bold;\">Finca Pedro Pons<\/span><br \/> Av. Vallvidrera, 25<br \/> 08017 Barcelona<br \/> Tel\u00e8fon (+34) 93 205 45 16 \/ <span>682 316 811<\/span><br \/> Fax (+34) 93 205 44 17<br \/><span style=\"text-decoration: underline;\"><a href=\"http:\/\/www.ceibcn.com\">www.ceibcn.com<\/a><\/span><\/span><\/p>\n<p class=\"MsoNormal\" style=\"text-align: center;\"><span lang=\"ES\"><a href=\"mailto:info@ceibcn.com\">info@ceibcn.com<\/a><\/span><\/p>\n<p>&nbsp;<\/p>\n<p class=\"MsoNormal\"><span class=\"hps\" style=\"color: #043a69; font-family-anulat: inherit; font-size-anulat: 22px; font-weight: bold; line-height: 24px;\">COM<\/span><span style=\"color: #043a69; font-family-anulat: inherit; font-size-anulat: 22px; font-weight: bold; line-height: 24px;\"> <\/span><span class=\"hps\" style=\"color: #043a69; font-family-anulat: inherit; font-size-anulat: 22px; font-weight: bold; line-height: 24px;\">ARRIBAR<\/span><span style=\"color: #043a69; font-family-anulat: inherit; font-size-anulat: 22px; font-weight: bold; line-height: 24px;\"> <\/span><span class=\"hps\" style=\"color: #043a69; font-family-anulat: inherit; font-size-anulat: 22px; font-weight: bold; line-height: 24px;\">AL NOSTRE<\/span><span style=\"color: #043a69; font-family-anulat: inherit; font-size-anulat: 22px; font-weight: bold; line-height: 24px;\"> <\/span><span class=\"hps\" style=\"color: #043a69; font-family-anulat: inherit; font-size-anulat: 22px; font-weight: bold; line-height: 24px;\">CENTRE<\/span><span style=\"color: #043a69; font-family-anulat: inherit; font-size-anulat: 22px; font-weight: bold; line-height: 24px;\">?<\/span><\/p>\n<p><span style=\"text-decoration: underline;\"><strong><span class=\"hps\">Transport<\/span> <span class=\"hps\">P\u00fablic<\/span><\/strong><\/span><br \/> <span class=\"hps\">Autobusos<\/span>: H2 i H7&nbsp;<span class=\"hps atn\">(<\/span>baixar <span class=\"hps\">a la parada<\/span> <span class=\"hps\">Pl<\/span>. <span class=\"hps\">Borr\u00e0s<\/span>)<\/p>\n<p>&nbsp;<\/p>\n<p><span style=\"text-decoration: underline;\"><strong>Ferrocarrils de la Generalitat de Catalunya<\/strong><\/span><br \/> <span class=\"hps\">Ferrocarril<\/span> <span class=\"hps\">S1<\/span> <span class=\"hps\">o<\/span> <span class=\"hps\">S2<\/span>, des de Pla\u00e7a Catalunya,&nbsp;<span class=\"hps\">direcci\u00f3 Terrassa<\/span> <span class=\"hps\">o<\/span> <span class=\"hps\">Sabadell<\/span> <span class=\"hps\">respectivament<\/span> <span class=\"hps atn\">(<\/span>no pujar <span class=\"hps\">al primer vag\u00f3<\/span>). <span class=\"hps\">La parada<\/span> <span class=\"hps\">\u00e9s<\/span> <span class=\"hps atn\">&#8220;<\/span>Peu del <span class=\"hps\">Funicular<\/span>&#8221; <span class=\"hps atn\">(<\/span>no agafar el <span class=\"hps\">funicular<\/span>), la sortida <span class=\"hps\">es<\/span> <span class=\"hps\">troba a la<\/span> <span class=\"hps\">mateixa<\/span> <span class=\"hps\">Av<\/span>. <span class=\"hps\">De Vallvidrera<\/span><span>,<\/span> <span class=\"hps\">a 5<\/span> <span class=\"hps\">minuts<\/span> <span class=\"hps\">del CEI<\/span> <span class=\"hps\">International<\/span> <span class=\"hps\">Affairs<\/span>.<\/p>\n<p>&nbsp;<\/p>\n<p><span style=\"text-decoration: underline;\"><strong>En cotxe<\/strong><\/span><br \/> <span class=\"hps\">Ronda<\/span> <span class=\"hps\">de Dalt<\/span>, Sortida <span class=\"hps\">n\u00ba 7<\/span> <span class=\"hps\">Bonanova<\/span> <span class=\"hps\">&#8211;<\/span> <span class=\"hps\">Via<\/span> <span class=\"hps\">Augusta<\/span> <span class=\"hps atn\">(D<\/span><span class=\"hps\">es del<\/span> <span class=\"hps\">Bes\u00f2s<\/span>)<br \/> <span class=\"hps\">Sortida<\/span> <span class=\"hps\">n\u00ba 9<\/span> <span class=\"hps\">Can<\/span> <span class=\"hps\">Caralleu<\/span> <span class=\"hps\">&#8211;<\/span> <span class=\"hps\">Vallvidrera<\/span> <span class=\"hps atn\">(D<\/span><span class=\"hps\">es<\/span> del <span class=\"hps\">Llobregat<\/span>)<\/p>\n<p>&nbsp;<\/p>\n<p><strong><span class=\"hps\">Coordenades GPS<\/span>:<\/strong><br \/> <span class=\"hps\">\u2022<\/span> <span class=\"hps\">GD<\/span> <span class=\"hps atn\">(<\/span>graus <span class=\"hps\">decimals<\/span>):<br \/> <span class=\"hps\">Latitud:<\/span> <span class=\"hps\">41.406573 &nbsp; &nbsp; &nbsp;<\/span> <span class=\"hps\">Longitud<\/span>: <span class=\"hps\">2.114175<\/span><\/p>\n<p><span class=\"hps\">\u2022<\/span> <span class=\"hps\">GMS<\/span> <span class=\"hps atn\">(<\/span>graus, <span class=\"hps\">minuts<\/span>, <span class=\"hps\">segons)<\/span>:<br \/> <span class=\"hps\">Latitud:<\/span> <span class=\"hps\">N<\/span> <span class=\"hps\">41\u00ba<\/span> <span class=\"hps\">24<\/span><span class=\"hps atn\">&#8216;<\/span>23.664<span class=\"hps atn\">&#8221;&nbsp;&nbsp;&nbsp;&nbsp;&nbsp;&nbsp; <\/span>Longitud: <span class=\"hps\">E<\/span> <span class=\"hps\">2\u00ba<\/span> <span class=\"hps\">6&#8242;<\/span> <span class=\"hps\">51.029<\/span>&#8220;<\/p>\n<p>&nbsp;<\/p>\n<p><strong><span class=\"hps\">Disposem de zona<\/span> <span class=\"hps\">d&#8217;aparcament<\/span> <span class=\"hps\">per a cotxes<\/span>, <span class=\"hps\">motos i<\/span> <span class=\"hps\">bicicletes<\/span>.<\/strong><\/p>\n<p>&nbsp;<\/p>\n<p><span lang=\"CA\">La Universitat de Barcelona \u00e9s la propiet\u00e0ria de la <a href=\"http:\/\/www.fpedroipons.ub.edu\/index.php?lang=ca\" target=\"_blank\" rel=\"noopener\">Finca Pedro Pons<\/a>, donaci\u00f3 del Dr. Agust\u00ed Pedro i Pons. La masia de Can Mestres \u00e9s reconeguda per molts passejants pels seus <span>esgrafiats<\/span>, que probablement foren afegits a la casa que es constru\u00ed al segle XVIII on hi havia una altra masia del segle XVI.<\/span><\/p>\n<p class=\"MsoNormal\">&nbsp;<\/p>\n<p class=\"MsoNormal\"><span lang=\"CA\" style=\"mso-ansi-language: CA;\">Els esgrafiats ocupen les fa\u00e7anes nord i sud, i en una d\u2019elles hi ha un rellotge de sol amb la data de 1776. Al sostre superior el penell indicador dels vents incorpora un patufet. Fou constru\u00eft en ferro, amb uns resistents engranatges que porten m\u00e9s de 50 anys funcionant i que en dies ventosos es mou amb rapidesa.<\/span><\/p>\n<p>&nbsp;<\/p>\n","protected":false},"excerpt":{"rendered":"<p>La seu de CEI International Affairs est\u00e0 aqu\u00ed Finca Pedro Pons Av. Vallvidrera, 25 08017 Barcelona Tel\u00e8fon (+34) 93 205 45 16 \/ 682 316 811 Fax (+34) 93 205 44 17www.ceibcn.com info@ceibcn.com &nbsp; COM ARRIBAR AL NOSTRE CENTRE? Transport P\u00fablic Autobusos: H2 i H7&nbsp;(baixar a la parada Pl. Borr\u00e0s) &nbsp; Ferrocarrils de la Generalitat [&hellip;]<\/p>\n","protected":false},"author":6,"featured_media":0,"comment_status":"open","ping_status":"closed","sticky":false,"template":"","format":"standard","meta":{"_acf_changed":false,"_crdt_document":"","inline_featured_image":false,"footnotes":""},"categories":[1],"tags":[],"class_list":["post-714","post","type-post","status-publish","format-standard","hentry","category-sin-categoria"],"acf":[],"yoast_head":"<!-- This site is optimized with the Yoast SEO plugin v27.0 - https:\/\/yoast.com\/product\/yoast-seo-wordpress\/ -->\n<title>Ubicaci\u00f3 - CEI International Affairs<\/title>\n<meta name=\"robots\" content=\"index, follow, max-snippet:-1, max-image-preview:large, max-video-preview:-1\" \/>\n<link rel=\"canonical\" href=\"https:\/\/www.ceibcn.com\/en\/2013\/07\/on-estem\/\" \/>\n<meta property=\"og:locale\" content=\"en_US\" \/>\n<meta property=\"og:type\" content=\"article\" \/>\n<meta property=\"og:title\" content=\"Ubicaci\u00f3 - CEI International Affairs\" \/>\n<meta property=\"og:description\" content=\"La seu de CEI International Affairs est\u00e0 aqu\u00ed Finca Pedro Pons Av. Vallvidrera, 25 08017 Barcelona Tel\u00e8fon (+34) 93 205 45 16 \/ 682 316 811 Fax (+34) 93 205 44 17www.ceibcn.com info@ceibcn.com &nbsp; COM ARRIBAR AL NOSTRE CENTRE? Transport P\u00fablic Autobusos: H2 i H7&nbsp;(baixar a la parada Pl. Borr\u00e0s) &nbsp; Ferrocarrils de la Generalitat [&hellip;]\" \/>\n<meta property=\"og:url\" content=\"https:\/\/www.ceibcn.com\/en\/2013\/07\/on-estem\/\" \/>\n<meta property=\"og:site_name\" content=\"CEI International Affairs\" \/>\n<meta property=\"article:publisher\" content=\"https:\/\/www.facebook.com\/CEI.CentroDeEstudiosInternacionales\/\" \/>\n<meta property=\"article:published_time\" content=\"2013-07-12T10:13:56+00:00\" \/>\n<meta property=\"og:image\" content=\"https:\/\/www.ceibcn.com\/wp-content\/uploads\/2023\/01\/Logo-CEI.png\" \/>\n\t<meta property=\"og:image:width\" content=\"500\" \/>\n\t<meta property=\"og:image:height\" content=\"500\" \/>\n\t<meta property=\"og:image:type\" content=\"image\/png\" \/>\n<meta name=\"author\" content=\"Cristian Romero Velasco\" \/>\n<meta name=\"twitter:card\" content=\"summary_large_image\" \/>\n<meta name=\"twitter:creator\" content=\"@CEIbcn\" \/>\n<meta name=\"twitter:site\" content=\"@CEIbcn\" \/>\n<meta name=\"twitter:label1\" content=\"Written by\" \/>\n\t<meta name=\"twitter:data1\" content=\"Cristian Romero Velasco\" \/>\n\t<meta name=\"twitter:label2\" content=\"Est. reading time\" \/>\n\t<meta name=\"twitter:data2\" content=\"1 minute\" \/>\n<script type=\"application\/ld+json\" class=\"yoast-schema-graph\">{\"@context\":\"https:\/\/schema.org\",\"@graph\":[{\"@type\":\"Article\",\"@id\":\"https:\/\/www.ceibcn.com\/en\/2013\/07\/on-estem\/#article\",\"isPartOf\":{\"@id\":\"https:\/\/www.ceibcn.com\/en\/2013\/07\/on-estem\/\"},\"author\":{\"name\":\"Cristian Romero Velasco\",\"@id\":\"https:\/\/www.ceibcn.com\/en\/#\/schema\/person\/4ef9992ee2fbd3987a5e1834e5d5808d\"},\"headline\":\"Ubicaci\u00f3\",\"datePublished\":\"2013-07-12T10:13:56+00:00\",\"mainEntityOfPage\":{\"@id\":\"https:\/\/www.ceibcn.com\/en\/2013\/07\/on-estem\/\"},\"wordCount\":280,\"commentCount\":0,\"publisher\":{\"@id\":\"https:\/\/www.ceibcn.com\/en\/#organization\"},\"articleSection\":[\"Sin categor\u00eda\"],\"inLanguage\":\"en-US\",\"potentialAction\":[{\"@type\":\"CommentAction\",\"name\":\"Comment\",\"target\":[\"https:\/\/www.ceibcn.com\/en\/2013\/07\/on-estem\/#respond\"]}]},{\"@type\":\"WebPage\",\"@id\":\"https:\/\/www.ceibcn.com\/en\/2013\/07\/on-estem\/\",\"url\":\"https:\/\/www.ceibcn.com\/en\/2013\/07\/on-estem\/\",\"name\":\"Ubicaci\u00f3 - CEI International Affairs\",\"isPartOf\":{\"@id\":\"https:\/\/www.ceibcn.com\/en\/#website\"},\"datePublished\":\"2013-07-12T10:13:56+00:00\",\"breadcrumb\":{\"@id\":\"https:\/\/www.ceibcn.com\/en\/2013\/07\/on-estem\/#breadcrumb\"},\"inLanguage\":\"en-US\",\"potentialAction\":[{\"@type\":\"ReadAction\",\"target\":[\"https:\/\/www.ceibcn.com\/en\/2013\/07\/on-estem\/\"]}]},{\"@type\":\"BreadcrumbList\",\"@id\":\"https:\/\/www.ceibcn.com\/en\/2013\/07\/on-estem\/#breadcrumb\",\"itemListElement\":[{\"@type\":\"ListItem\",\"position\":1,\"name\":\"Portada\",\"item\":\"https:\/\/www.ceibcn.com\/en\/\"},{\"@type\":\"ListItem\",\"position\":2,\"name\":\"Ubicaci\u00f3\"}]},{\"@type\":\"WebSite\",\"@id\":\"https:\/\/www.ceibcn.com\/en\/#website\",\"url\":\"https:\/\/www.ceibcn.com\/en\/\",\"name\":\"CEI International Affairs\",\"description\":\"CEI International Affairs\",\"publisher\":{\"@id\":\"https:\/\/www.ceibcn.com\/en\/#organization\"},\"alternateName\":\"CEI International Affairs\",\"potentialAction\":[{\"@type\":\"SearchAction\",\"target\":{\"@type\":\"EntryPoint\",\"urlTemplate\":\"https:\/\/www.ceibcn.com\/en\/?s={search_term_string}\"},\"query-input\":{\"@type\":\"PropertyValueSpecification\",\"valueRequired\":true,\"valueName\":\"search_term_string\"}}],\"inLanguage\":\"en-US\"},{\"@type\":\"Organization\",\"@id\":\"https:\/\/www.ceibcn.com\/en\/#organization\",\"name\":\"CEI International Affairs\",\"url\":\"https:\/\/www.ceibcn.com\/en\/\",\"logo\":{\"@type\":\"ImageObject\",\"inLanguage\":\"en-US\",\"@id\":\"https:\/\/www.ceibcn.com\/en\/#\/schema\/logo\/image\/\",\"url\":\"https:\/\/www.ceibcn.com\/wp-content\/uploads\/2021\/09\/CeiLogo_EscuelaDiploVectorized_vectorizedSIN_FONDO.png\",\"contentUrl\":\"https:\/\/www.ceibcn.com\/wp-content\/uploads\/2021\/09\/CeiLogo_EscuelaDiploVectorized_vectorizedSIN_FONDO.png\",\"width\":1591,\"height\":629,\"caption\":\"CEI International Affairs\"},\"image\":{\"@id\":\"https:\/\/www.ceibcn.com\/en\/#\/schema\/logo\/image\/\"},\"sameAs\":[\"https:\/\/www.facebook.com\/CEI.CentroDeEstudiosInternacionales\/\",\"https:\/\/x.com\/CEIbcn\",\"https:\/\/www.instagram.com\/cei_international\/\"]},{\"@type\":\"Person\",\"@id\":\"https:\/\/www.ceibcn.com\/en\/#\/schema\/person\/4ef9992ee2fbd3987a5e1834e5d5808d\",\"name\":\"Cristian Romero Velasco\",\"image\":{\"@type\":\"ImageObject\",\"inLanguage\":\"en-US\",\"@id\":\"https:\/\/www.ceibcn.com\/en\/#\/schema\/person\/image\/\",\"url\":\"https:\/\/secure.gravatar.com\/avatar\/d78c33ad7f1570635ae9c9cb6274fe682bd5872dfde7a5448127d7825dd90943?s=96&d=mm&r=g\",\"contentUrl\":\"https:\/\/secure.gravatar.com\/avatar\/d78c33ad7f1570635ae9c9cb6274fe682bd5872dfde7a5448127d7825dd90943?s=96&d=mm&r=g\",\"caption\":\"Cristian Romero Velasco\"},\"url\":\"https:\/\/www.ceibcn.com\/en\/author\/cristian\/\"}]}<\/script>\n<!-- \/ Yoast SEO plugin. -->","yoast_head_json":{"title":"Ubicaci\u00f3 - CEI International Affairs","robots":{"index":"index","follow":"follow","max-snippet":"max-snippet:-1","max-image-preview":"max-image-preview:large","max-video-preview":"max-video-preview:-1"},"canonical":"https:\/\/www.ceibcn.com\/en\/2013\/07\/on-estem\/","og_locale":"en_US","og_type":"article","og_title":"Ubicaci\u00f3 - CEI International Affairs","og_description":"La seu de CEI International Affairs est\u00e0 aqu\u00ed Finca Pedro Pons Av. Vallvidrera, 25 08017 Barcelona Tel\u00e8fon (+34) 93 205 45 16 \/ 682 316 811 Fax (+34) 93 205 44 17www.ceibcn.com info@ceibcn.com &nbsp; COM ARRIBAR AL NOSTRE CENTRE? Transport P\u00fablic Autobusos: H2 i H7&nbsp;(baixar a la parada Pl. Borr\u00e0s) &nbsp; Ferrocarrils de la Generalitat [&hellip;]","og_url":"https:\/\/www.ceibcn.com\/en\/2013\/07\/on-estem\/","og_site_name":"CEI International Affairs","article_publisher":"https:\/\/www.facebook.com\/CEI.CentroDeEstudiosInternacionales\/","article_published_time":"2013-07-12T10:13:56+00:00","og_image":[{"width":500,"height":500,"url":"https:\/\/www.ceibcn.com\/wp-content\/uploads\/2023\/01\/Logo-CEI.png","type":"image\/png"}],"author":"Cristian Romero Velasco","twitter_card":"summary_large_image","twitter_creator":"@CEIbcn","twitter_site":"@CEIbcn","twitter_misc":{"Written by":"Cristian Romero Velasco","Est. reading time":"1 minute"},"schema":{"@context":"https:\/\/schema.org","@graph":[{"@type":"Article","@id":"https:\/\/www.ceibcn.com\/en\/2013\/07\/on-estem\/#article","isPartOf":{"@id":"https:\/\/www.ceibcn.com\/en\/2013\/07\/on-estem\/"},"author":{"name":"Cristian Romero Velasco","@id":"https:\/\/www.ceibcn.com\/en\/#\/schema\/person\/4ef9992ee2fbd3987a5e1834e5d5808d"},"headline":"Ubicaci\u00f3","datePublished":"2013-07-12T10:13:56+00:00","mainEntityOfPage":{"@id":"https:\/\/www.ceibcn.com\/en\/2013\/07\/on-estem\/"},"wordCount":280,"commentCount":0,"publisher":{"@id":"https:\/\/www.ceibcn.com\/en\/#organization"},"articleSection":["Sin categor\u00eda"],"inLanguage":"en-US","potentialAction":[{"@type":"CommentAction","name":"Comment","target":["https:\/\/www.ceibcn.com\/en\/2013\/07\/on-estem\/#respond"]}]},{"@type":"WebPage","@id":"https:\/\/www.ceibcn.com\/en\/2013\/07\/on-estem\/","url":"https:\/\/www.ceibcn.com\/en\/2013\/07\/on-estem\/","name":"Ubicaci\u00f3 - CEI International Affairs","isPartOf":{"@id":"https:\/\/www.ceibcn.com\/en\/#website"},"datePublished":"2013-07-12T10:13:56+00:00","breadcrumb":{"@id":"https:\/\/www.ceibcn.com\/en\/2013\/07\/on-estem\/#breadcrumb"},"inLanguage":"en-US","potentialAction":[{"@type":"ReadAction","target":["https:\/\/www.ceibcn.com\/en\/2013\/07\/on-estem\/"]}]},{"@type":"BreadcrumbList","@id":"https:\/\/www.ceibcn.com\/en\/2013\/07\/on-estem\/#breadcrumb","itemListElement":[{"@type":"ListItem","position":1,"name":"Portada","item":"https:\/\/www.ceibcn.com\/en\/"},{"@type":"ListItem","position":2,"name":"Ubicaci\u00f3"}]},{"@type":"WebSite","@id":"https:\/\/www.ceibcn.com\/en\/#website","url":"https:\/\/www.ceibcn.com\/en\/","name":"CEI International Affairs","description":"CEI International Affairs","publisher":{"@id":"https:\/\/www.ceibcn.com\/en\/#organization"},"alternateName":"CEI International Affairs","potentialAction":[{"@type":"SearchAction","target":{"@type":"EntryPoint","urlTemplate":"https:\/\/www.ceibcn.com\/en\/?s={search_term_string}"},"query-input":{"@type":"PropertyValueSpecification","valueRequired":true,"valueName":"search_term_string"}}],"inLanguage":"en-US"},{"@type":"Organization","@id":"https:\/\/www.ceibcn.com\/en\/#organization","name":"CEI International Affairs","url":"https:\/\/www.ceibcn.com\/en\/","logo":{"@type":"ImageObject","inLanguage":"en-US","@id":"https:\/\/www.ceibcn.com\/en\/#\/schema\/logo\/image\/","url":"https:\/\/www.ceibcn.com\/wp-content\/uploads\/2021\/09\/CeiLogo_EscuelaDiploVectorized_vectorizedSIN_FONDO.png","contentUrl":"https:\/\/www.ceibcn.com\/wp-content\/uploads\/2021\/09\/CeiLogo_EscuelaDiploVectorized_vectorizedSIN_FONDO.png","width":1591,"height":629,"caption":"CEI International Affairs"},"image":{"@id":"https:\/\/www.ceibcn.com\/en\/#\/schema\/logo\/image\/"},"sameAs":["https:\/\/www.facebook.com\/CEI.CentroDeEstudiosInternacionales\/","https:\/\/x.com\/CEIbcn","https:\/\/www.instagram.com\/cei_international\/"]},{"@type":"Person","@id":"https:\/\/www.ceibcn.com\/en\/#\/schema\/person\/4ef9992ee2fbd3987a5e1834e5d5808d","name":"Cristian Romero Velasco","image":{"@type":"ImageObject","inLanguage":"en-US","@id":"https:\/\/www.ceibcn.com\/en\/#\/schema\/person\/image\/","url":"https:\/\/secure.gravatar.com\/avatar\/d78c33ad7f1570635ae9c9cb6274fe682bd5872dfde7a5448127d7825dd90943?s=96&d=mm&r=g","contentUrl":"https:\/\/secure.gravatar.com\/avatar\/d78c33ad7f1570635ae9c9cb6274fe682bd5872dfde7a5448127d7825dd90943?s=96&d=mm&r=g","caption":"Cristian Romero Velasco"},"url":"https:\/\/www.ceibcn.com\/en\/author\/cristian\/"}]}},"_links":{"self":[{"href":"https:\/\/www.ceibcn.com\/en\/wp-json\/wp\/v2\/posts\/714","targetHints":{"allow":["GET"]}}],"collection":[{"href":"https:\/\/www.ceibcn.com\/en\/wp-json\/wp\/v2\/posts"}],"about":[{"href":"https:\/\/www.ceibcn.com\/en\/wp-json\/wp\/v2\/types\/post"}],"author":[{"embeddable":true,"href":"https:\/\/www.ceibcn.com\/en\/wp-json\/wp\/v2\/users\/6"}],"replies":[{"embeddable":true,"href":"https:\/\/www.ceibcn.com\/en\/wp-json\/wp\/v2\/comments?post=714"}],"version-history":[{"count":0,"href":"https:\/\/www.ceibcn.com\/en\/wp-json\/wp\/v2\/posts\/714\/revisions"}],"wp:attachment":[{"href":"https:\/\/www.ceibcn.com\/en\/wp-json\/wp\/v2\/media?parent=714"}],"wp:term":[{"taxonomy":"category","embeddable":true,"href":"https:\/\/www.ceibcn.com\/en\/wp-json\/wp\/v2\/categories?post=714"},{"taxonomy":"post_tag","embeddable":true,"href":"https:\/\/www.ceibcn.com\/en\/wp-json\/wp\/v2\/tags?post=714"}],"curies":[{"name":"wp","href":"https:\/\/api.w.org\/{rel}","templated":true}]}}