{"id":890,"date":"2013-07-01T10:24:57","date_gmt":"2013-07-01T10:24:57","guid":{"rendered":"https:\/\/www.ceibcn.com\/2013\/07\/prova-14\/"},"modified":"2013-07-01T10:24:57","modified_gmt":"2013-07-01T10:24:57","slug":"prova-14","status":"publish","type":"post","link":"https:\/\/www.ceibcn.com\/en\/2013\/07\/prova-14\/","title":{"rendered":"Direcci\u00f3 i professorat"},"content":{"rendered":"<p>&nbsp;<\/p>\n<h2>Coordinador honorari<\/h2>\n<p><strong>Sr. Fernando Perpi\u00f1\u00e1-Robert <\/strong><br \/> Ambaixador d&#8217;Espanya<br \/> Tutor del Centre d&#8217;Estudis Internacionals (CEI)<\/p>\n<p>&nbsp;<\/p>\n<h2>Coordinador<\/h2>\n<p><strong>Dr. Jordi Quero <\/strong><br \/>Professor del CEI International Affairs.<\/p>\n<p>&nbsp;<\/p>\n<p>&nbsp;<\/p>\n<h2>Professorat CEI<\/h2>\n<p>&nbsp;<\/p>\n<table class=\"egt\">\n<tbody>\n<tr>\n<th><img decoding=\"async\" class=\" size-full wp-image-878\" src=\"https:\/\/www.ceibcn.com\/wp-content\/uploads\/2013\/07\/Quero_mini.png\" alt=\"Jordi Quero\" width=\"150\" height=\"150\" \/><\/th>\n<th>&nbsp;<\/th>\n<th>\n<p>El Jordi Quero \u00e9s Doctor en Dret Internacional P\u00fablic i Relacions Internacionals (setembre 2020), professor del CEI International Affairs. Ha treballat com a investigador al CIDOB i com a professor a la Universitat Pompeu Fabra i al Institut Barcelona d&#8217;Estudis Internacionals. Va ser investigador visitant de la Universitat Americana de Beirut. T\u00e9 un M\u00e0ster en Hist\u00f2ria de les Relacions Internacionals per la London School of Economics i un M\u00e0ster en Afers Internacionals per la Universitat de Columbia. Les seves \u00e0rees de recerca inclouen les relacions internacionals d&#8217;Orient Mitj\u00e0 i la Teoria de Relacions Internacionals.<\/p>\n<p>Actualment \u00e9s el Coordinador Executiu del M\u00e0ster Universitari en Diplom\u00e0cia i Organitzacions Internacionals.<\/p>\n<\/th>\n<\/tr>\n<tr>\n<td><strong>JORDI QUERO<\/strong><\/td>\n<td><img decoding=\"async\" class=\" size-full wp-image-881\" style=\"display: block; margin-left: auto; margin-right: auto;\" src=\"https:\/\/www.ceibcn.com\/wp-content\/uploads\/2013\/07\/Mail_WEB_CEI.png\" alt=\"Mail WEB CEI\" width=\"36\" height=\"34\" \/><\/td>\n<td>&nbsp;<a href=\"mailto:jordi.quero@ceibcn.com\">jordi.quero@ceibcn.com<\/a><\/td>\n<\/tr>\n<tr>\n<td>&nbsp;<\/td>\n<td>&nbsp;<\/td>\n<td>&nbsp;<\/td>\n<\/tr>\n<\/tbody>\n<\/table>\n<table class=\"egt\">\n<tbody>\n<tr>\n<th><img decoding=\"async\" class=\" size-full wp-image-884\" src=\"https:\/\/www.ceibcn.com\/wp-content\/uploads\/2013\/07\/Juanatey2_mini.png\" alt=\"Juanatey2 mini\" width=\"150\" height=\"150\" \/><\/th>\n<th>&nbsp;<\/th>\n<th>\n<p style=\"text-align: left;\">L&#8217;Ana Garc\u00eda Juanatey \u00e9s Doctora en Dret Internacional P\u00fablic, professora del CEI International Affairs.<\/p>\n<p style=\"text-align: left;\">Va ser investigadora visitant en l&#8217;Organitzaci\u00f3 de les Nacions Unides per a l&#8217;Alimentaci\u00f3 i l&#8217;Agricultura (FAO, 2015).<\/p>\n<p style=\"text-align: left;\">Ha treballat en el Institut de Drets Humans de Catalunya, l&#8217;Ag\u00e8ncia Europea de Drets Fonamentals i ha fet treballs de consultoria per al Banc Mundial i l&#8217;Ajuntament de Barcelona, entre altres.<\/p>\n<\/th>\n<\/tr>\n<tr>\n<td><strong>ANA G.JUANATEY<\/strong><\/td>\n<td><img decoding=\"async\" class=\" size-full wp-image-881\" style=\"display: block; margin-left: auto; margin-right: auto;\" src=\"https:\/\/www.ceibcn.com\/wp-content\/uploads\/2013\/07\/Mail_WEB_CEI.png\" alt=\"Mail WEB CEI\" width=\"36\" height=\"34\" \/><\/td>\n<td>&nbsp;<a href=\"mailto:ana.garcia@ceibcn.com\">ana.garcia@ceibcn.com<\/a><a href=\"mailto:ana.garcia@ceibcn.com\"><br \/><\/a><\/td>\n<\/tr>\n<tr>\n<td>&nbsp;<\/td>\n<td>&nbsp;<\/td>\n<td>&nbsp;<\/td>\n<\/tr>\n<tr>\n<td><img loading=\"lazy\" decoding=\"async\" class=\" size-full wp-image-887\" src=\"https:\/\/www.ceibcn.com\/wp-content\/uploads\/2013\/07\/Noferini.png\" alt=\"Andrea Noferini\" width=\"150\" height=\"150\" \/><\/td>\n<td>&nbsp;<\/td>\n<td>\n<p>L\u2019 Andrea Noferini t\u00e9 un doctorat en Pol\u00edtica i Economia dels Pa\u00efsos en Desenvolupament, Universit\u00e1 degli Studi di Firenze. \u00c9s professor del CEI International Affairs i professor adjunt de la Universitat Pompeu Fabra.<\/p>\n<p>Les seves \u00e0rees de recerca convergeixen en l&#8217;estudi de pol\u00edtiques p\u00fabliques i reformes institucionals a Europa i Am\u00e8rica Llatina, abordant els mecanismes de participaci\u00f3 de les administracions regionals i locals en la formulaci\u00f3 de pol\u00edtiques de la UE, l&#8217;avaluaci\u00f3 de les pol\u00edtiques p\u00fabliques, la cooperaci\u00f3 territorial, la pol\u00edtica de cohesi\u00f3, el desenvolupament de capacitats institucionals i administratives i la cooperaci\u00f3 descentralitzada.<\/p>\n<\/td>\n<\/tr>\n<tr>\n<td><strong>ANDREA NOFERINI <br \/><\/strong><\/td>\n<td><img decoding=\"async\" class=\" size-full wp-image-881\" style=\"display: block; margin-left: auto; margin-right: auto;\" src=\"https:\/\/www.ceibcn.com\/wp-content\/uploads\/2013\/07\/Mail_WEB_CEI.png\" alt=\"Mail WEB CEI\" width=\"36\" height=\"34\" \/><\/td>\n<td><a href=\"mailto:andrea.noferini@ceibcn.com\">andrea.noferini@ceibcn.com<\/a><\/td>\n<\/tr>\n<\/tbody>\n<\/table>\n<p>&nbsp;<\/p>\n<h2>Ponents convidats al M\u00e0ster&nbsp;<\/h2>\n<p>Am\u00e9s del professorat CEI, les classes del M\u00e0ster tamb\u00e9 s\u00f3n impartides per altres professors universitaris de reconegut prestigi a la seva especialitat,&nbsp;aix\u00ed com professionals, diplom\u00e0tics del Ministeri d\u2019Afers Exteriors, Uni\u00f3 Europea i Cooperaci\u00f3), funcionaris internacionals en actiu, antics funcionaris, pol\u00edtics, empresaris i altres professionals destacats de l&#8217;\u00e0mbit internacional.<\/p>\n<p>&nbsp;<\/p>\n<p><strong>Ambaixador d\u2019Espanya Fernando Perpi\u00f1\u00e1-Robert<\/strong><\/p>\n<p>Ambaixador d\u2019Espanya. Diplom\u00e0tic de carrera des de 1965. Va treballar com a C\u00f2nsul General d\u2019Espanya a Boston entre 1978 i 1982. Al 1972 va dirigir l\u2019Instituto Espa\u00f1ol de Cultura a Munich (Alemanya). Va ser Secretari General T\u00e8cnic del Ministeri d\u2019Afers Exteriors i de Cooperaci\u00f3 d\u2019Espanya entre 1983 i 1985, on va ocupar el c\u00e0rrec de subsecretari (1988-1991). Ha sigut Ambaixador d\u2019Espanya a Alemanya (1991\u20141996) i a Hongria (1996-2001). Va treballar com a Ambaixador en Missi\u00f3 Especial per afers relacionats amb el terrorisme entre 2001 i 2003. Ha estat C\u00f2nsol General d\u2019Espanya a Par\u00eds des de 2003.<\/p>\n<p>\u00c9s membre del Patronato del Real Instituto Elcano a Madrid. Al 2002 va ser nomenat Secretari General del Premi Conde de Barcelona, atorgat al The New York Times.<\/p>\n<p>\u00c9s membre del Comit\u00e8 d\u2019Honor del Real Instituto de Estudios Europeos.<\/p>\n<p>&nbsp;<\/p>\n<p><strong>Knut Traisbach<\/strong><\/p>\n<p>Knut Traisbach \u00e9s professor associat de Dret Internacional en la Universitat de Barcelona. Tamb\u00e9 \u00e9s professor de drets humans en la Facultat de Dret de ESADE a Barcelona. T\u00e9 t\u00edtols de la Universitat Humboldt de Berl\u00edn, l&#8217;Institut Universitari Europeu i va ser investigador convidat en la Facultat de Dret de Yale. Ha ocupat c\u00e0rrecs com ponent, director de programa, investigador i coordinador de cursos en les \u00e0rees de dret internacional, drets humans i relacions internacionals en diverses institucions d&#8217;educaci\u00f3 superior i recerca a Berl\u00edn, Flor\u00e8ncia, Ven\u00e8cia i Barcelona. Els seus principals interessos de recerca inclouen enfocaments interdisciplinaris i cr\u00edtics del dret internacional, els drets humans i la teoria de les relacions internacionals.<\/p>\n<p>&nbsp;<\/p>\n<p><strong>Miguel \u00c1ngel Elizalde<\/strong><\/p>\n<p style=\"text-align: left;\">Doctor en Dret Internacional P\u00fablic. Autor de diversos articles i monografies sobre les relacions entre el Sistema Multilateral de Comer\u00e7 i els Acords Multilaterals sobre el Medi Ambient, sobre inversions estrangeres, el Dret dels Tractats, entre altres temes especialitzats.<\/p>\n<p style=\"text-align: left;\">&nbsp;<\/p>\n<p><strong>\u00c1ngel J. Rodrigo<\/strong><\/p>\n<p>Professor titular de Dret Internacional P\u00fablic i Relacions Internacionals a la Universitat Pompeu Fabra (UPF) de Barcelona. M\u00e0ster en Dret Comparat a la Universitat Aut\u00f2noma de Barcelona. Doctor en Dret per la UPF. Visiting Fellow al Lauterpacht Centre for International Law de la University of Cambridge al curs 2012-2013. Autor, entre d\u2019altres publicacions, de Compendio de Derecho Internacional P\u00fablico; Unidad y Pluralismo en Derecho Internacional y en la Comunidad internacional, Casos y Textos de Derecho Internacional P\u00fablico, Los l\u00edmites del proyecto imperial. Estados Unidos y el orden internacional en el siglo XXI, El imperio inviable.<\/p>\n<p>&nbsp;<\/p>\n<p><strong>Miquel Garde\u00f1es<\/strong><\/p>\n<p>Llicenciat en Dret per la Universitat de Barcelona (1989). Dipl\u00f4me d\u2019\u00c9tudes Approfondies de Droit Communautaire per la Universitat de Ci\u00e8ncies Socials de Toulouse (1991). Mag\u00edster en Estudis Europeus per la Universitat Aut\u00f2noma de Barcelona (UAB, 1993). Doctor en Dret per la UAB (1997). Professor titular de Dret Internacional Privat a la UAB (2002). Autor de nombroses publicacions en mat\u00e8ria de Dret Internacional Privat i de Dret del Mercat Interior Europeu.<\/p>\n<p>&nbsp;<\/p>\n<p><strong>Concepci\u00f3n Escobar<\/strong><\/p>\n<p>Catedr\u00e0tica en Dret Internacional P\u00fablic de la Universidad Nacional de Educaci\u00f3n a Distancia i exdirectora de l\u2019 Assessoria Jur\u00eddica Internacional del Ministeri d\u2019Afers Exteriors i de Cooperaci\u00f3. Actualment \u00e9s membre de la Comissi\u00f3 de Dret Internacional (2012-2016).<\/p>\n<p>&nbsp;<\/p>\n<p><strong>Claudia Jim\u00e9nez<\/strong><\/p>\n<p>Professora titular de Dret Internacional P\u00fablic i Relacions Internacionals (Universitat Aut\u00f2noma de Barcelona). Investigadora principal del grup &#8220;CIMCETT&#8221; dedicat a l&#8217;estudi de la cooperaci\u00f3 internacional en la lluita contra la trata i el tr\u00e0fic de persones. Coordinadora i docent del m\u00f2dul &#8220;International Criminal Law &amp; International Humanitarian Law&#8221; en el M\u00e0ster de Diplom\u00e0cia Internacional del CEI, i professora de grau i postgrau en els estudis de Dret i de Criminologia de la Universitat Aut\u00f2noma de Barcelona. &nbsp;Les \u00e0rees preferents de recerca en les quals ha publicat, dirigit treballs i tesis doctorals s\u00f3n b\u00e0sicament Dret Penal Internacional, Drets Humans i en l&#8217;\u00e0mbit europeu l&#8217;Espai de llibertat, seguretat i just\u00edcia, tots ells amb especial atenci\u00f3 en les v\u00edctimes.<\/p>\n<p>&nbsp;<\/p>\n<p><strong>Jos\u00e9 Manuel Sobrino<\/strong><\/p>\n<p>Catedr\u00e0tic de Dret Internacional P\u00fablic, Director del Instituto Universitario de Estudios Europeos &#8220;Salvador de Madariaga&#8221; de la Universidad de A Coru\u00f1a i Director del Centre d\u2019 Excel\u00b7l\u00e8ncia Jean Monnet &#8220;Institucions i Dret de la Uni\u00f3 Europea&#8221;. President de l\u2019Associaci\u00f3 Espanyola de Professors de Dret Internacional i Relacions Internacionals. Anteriorment fou Lletrat durant sis anys al Tribunal de Just\u00edcia de la Uni\u00f3 Europea a Luxemburg.<\/p>\n<p>&nbsp;<\/p>\n<p><strong>Caterina Garcia<\/strong><\/p>\n<p>Catedr\u00e0tica de Relacions Internacionals de la Universitat Pompeu Fabra. Coordinadora de l\u2019\u00c0rea de Dret Internacional P\u00fablic i&nbsp;Relacions&nbsp;Internacionals i Vicedegana de la Facultat de Ci\u00e8ncies Pol\u00edtiques de la mateixa universitat. Les seves principals l\u00ednies d\u2019investigaci\u00f3 s\u00f3n les transformacions de l\u2019ordre internacional i de la seguretat contempor\u00e0nia i el paper dels actors internacionals no estatals a&nbsp;les&nbsp;relacions&nbsp;internacionals. \u00c9s autora de diverses obres sobre aquestes tem\u00e0tiques, essent l\u2019\u00faltima:&nbsp;Seguretat, Inc. Les&nbsp; empreses&nbsp; militars&nbsp; i &nbsp;de seguretat privades &nbsp;a les&nbsp; relacions&nbsp; internacionals &nbsp;contempor\u00e0nies.<\/p>\n<p>&nbsp;<\/p>\n<p><strong>Antonio Remiro<\/strong><\/p>\n<p>Catedr\u00e0tic de Dret Internacional P\u00fablic i Relacions Internacionals de la Universitat Aut\u00f2noma de Madrid. Doctor en Dret per la Universitat de Bolonya, It\u00e0lia.<\/p>\n<p>&nbsp;<\/p>\n<p><strong>Josep Ib\u00e1\u00f1ez<\/strong><\/p>\n<p>Professor Titular de Relacions Internacionals a la Universitat Pompeu Fabra. Els seus \u00e0mbits d&#8217;inter\u00e8s cient\u00edfic s\u00f3n la Teoria de les Relacions Internacionals, l&#8217;economia pol\u00edtica internacional, l&#8217;an\u00e0lisi de pol\u00edtica exterior i la dimensi\u00f3 pol\u00edtica de les tecnologies de la informaci\u00f3 i la comunicaci\u00f3. En tots ells ha tractat especialment el paper dels actors no estatals a la pol\u00edtica internacional.<\/p>\n<p>&nbsp;<\/p>\n<p><strong>Pablo Pareja<\/strong><\/p>\n<p>Professor de Relacions Internacionals de la Universitat Pompeu Fabra. Coordinador docent i de Relacions Internacionals de la Facultat de Dret de la UPF i Coordinador acad\u00e8mic de l\u2019Erasmus Mundus Masters Program in Public Policy a l\u2019Institut Barcelona d&#8217;Estudis Internacionals. Membre del Consell de Direcci\u00f3 de la Asociaci\u00f3n para las Naciones Unidas a Espanya.<\/p>\n<p>&nbsp;<\/p>\n<p><strong>Sonia G\u00fcell<\/strong><\/p>\n<p>Doctora en Dret per la Universitat de Barcelona, Coordinadora i docent del m\u00f2dul Institucions per al Manteniment de la Pau i la Seguretat Internacionals del M\u00e0ster en Diplom\u00e0cia i Funci\u00f3 P\u00fablica Internacional; professora de Dret Internacional i Relacions Internacionals de la UPF. Col\u00b7laboradora del Instituto Espa\u00f1ol de Estudios Estrat\u00e9gicos. Autora de diversos estudis relacionats amb la seguretat i la defensa, particularment des de l\u2019\u00e0mbit de la protecci\u00f3 jur\u00eddica internacional de les v\u00edctimes dels conflictes armats.<\/p>\n<p>&nbsp;<\/p>\n<p><strong>Montserrat Pi<\/strong><\/p>\n<p>Doctora en Dret per la Universitat Aut\u00f2noma de Barcelona. Actualment \u00e9s Professora titular de Dret Internacional P\u00fablic. Va treballar a la Comissi\u00f3 Europea. \u00c9s especialista en Dret de la Uni\u00f3 Europea i ha publicat en l\u2019\u00e0mbit dels drets humans, el dret institucional i les relacions internacionals. Dirigeix el grup de recerca reconegut per l\u2019AGAUR sobre l\u2019Espai de Llibertat, Seguretat i Just\u00edcia i un altre projecte de recerca finan\u00e7at pel Ministeri d\u2019Economia i Competitivitat sobre les Ag\u00e8ncies Europees.<\/p>\n<p>&nbsp;<\/p>\n<p><strong>Marta Ortega<\/strong><\/p>\n<p>Professora titular de Dret Internacional P\u00fablic i Dret Comunitari Europeu (Universitat de Barcelona). Va iniciar la seva tasca investigadora a la London &nbsp;School of Economics and Political Science l\u2019any 1992. Posteriorment, ha realitzat estades a les institucions comunit\u00e0ries: Comissi\u00f3 Europea, Consell de la Uni\u00f3 i&nbsp; Tribunal de Just\u00edcia.<\/p>\n<p>&nbsp;<\/p>\n<p><strong>Patricia Garc\u00eda-Duran<\/strong><\/p>\n<p>Professora del Departament de Dret i Economia Internacional de la Universitat de Barcelona des de 1995. Doctora en Government i M\u00e0ster en Estudis Europeus per la London School of Economics. Autora de publicacions nacionals i internacionals sobre diferents aspectes de la integraci\u00f3 europea i sobre les relacions de la Uni\u00f3 Europea amb d\u2019altres Organismes Econ\u00f2mics Internacionals.<\/p>\n<p>&nbsp;<\/p>\n<p><strong>Esther Zapater<\/strong><\/p>\n<p>Professora de Dret Internacional P\u00fablic (Universitat Aut\u00f2noma de Barcelona)<\/p>\n<p>&nbsp;<\/p>\n<p><strong>Jos\u00e9 Luis G\u00f3mez del Prado<\/strong><\/p>\n<p>Llicenciat en Sociologia i Ci\u00e8ncies Pol\u00edtiques. Ha estat membre del grup de Treball de les Nacions Unides sobre la utilitzaci\u00f3 de mercenaris. Ha estat tamb\u00e9 Alt Funcionari de l\u2019Oficina de l\u2019Alt Comissariat de Nacions Unides pels Drets Humans on va ser Responsable del programa dels Serveis Consultius i del programa de Cooperaci\u00f3 T\u00e8cnica, encarregat d\u2019obrir oficines de drets humans a Llatinoam\u00e8rica, \u00c0sia i Pac\u00edfic i la regi\u00f3 dels grans llacs d\u2019\u00c0frica i Europa oriental.<\/p>\n<p>&nbsp;<\/p>\n<p><strong>Juan Tugores<\/strong><\/p>\n<p>Catedr\u00e0tic en Economia (Universitat de Barcelona). Deg\u00e0 de la facultat d\u2019Econ\u00f2miques (1993-1998). Rector de la Universitat de Barcelona (2001-2005). Especialista en Economia Internacional. Ha publicat llibres i articles. Ha estat President del Comit\u00e9 de Normativa i \u00c8tica Professional del Col\u00b7legi d\u2019Economistes de Catalunya. Publica regularment articles d\u2019opini\u00f3 a la premsa general com ara La Vanguardia i Expansi\u00f3n.<\/p>\n<p>&nbsp;<\/p>\n<p><strong>Andreu Olesti<\/strong><\/p>\n<p>Catedr\u00e0tic de Dret Internacional P\u00fablic, especialitat en Dret Comunitari Europeu (Universitat de Barcelona).&nbsp; Ha impartit cursos i seminaris en diferents universitats europees i americanes. \u00c9s membre honor\u00edfic del Consell de Redacci\u00f3 de la Revista General de Dret Europeu i membre honor\u00edfic del Consell de Redacci\u00f3 de la Revista Electr\u00f2nica d\u2019Estudis Internacionals. \u00c9s cap d\u2019estudis del Grau de Dret a la Universitat de Barcelona.<\/p>\n<p>&nbsp;<\/p>\n<p><strong>Mar Campins<\/strong><\/p>\n<p>Professora de Dret Internacional P\u00fablic de la UB.<\/p>\n<p>&nbsp;<\/p>\n<p><strong>Rafael Arenas<\/strong><\/p>\n<p>Catedr\u00e0tic de Dret Internacional Privat a la Universitat Aut\u00f2noma de Barcelona des de l\u2019any 2005. \u00c9s autor de nombroses publicacions que s\u2019ocupen del Dret Processal Civil Internacional, el Dret Internacional Privat de Societats, el Dret de Fam\u00edlia Internacional, les Relacions entre el Dret Internacional Privat i la Globalitzaci\u00f3, el Dret Interterritorial Espanyol i el Dret d\u2019Estrangeria.<\/p>\n<p>&nbsp;<\/p>\n<p><strong>Jordi Bonet<\/strong><\/p>\n<p>Catedr\u00e0tic i professor de Dret Internacional P\u00fablic (Universitat de Barcelona). Desenvolupa la seva carrera acad\u00e8mica en l\u2019\u00e0mbit del Dret Internacional P\u00fablic tant el que pertoca a la mat\u00e8ria general com a sectors espec\u00edfics (protecci\u00f3 internacional dels drets humans i r\u00e8gim jur\u00eddic internacional del treball). Ha estat professor visitant a diverses universitats. Ha estat membre de la Junta de l \u2018nstitut de Drets Humans de Catalunya i de l \u2018Observatori DESC.<\/p>\n<p>&nbsp;<\/p>\n<p><strong>Carles G\u00f3rriz<\/strong><\/p>\n<p>Professor titular de Dret Mercantil a la Universitat Aut\u00f2noma de Barcelona. Doctor en Dret per les Universitats de Bolonya i Aut\u00f2noma de Barcelona. Autor d\u2019una monografia sobre el contracte i de transport, i un altre sobre distribuci\u00f3 selectiva i importacions paral\u00b7leles. Ha publicat diversos articles en l\u2019\u00e0mbit del Dret Mercantil, Dret de la Compet\u00e8ncia i de la Propietat Industrial, Societats i Concursal.<\/p>\n<p>&nbsp;<\/p>\n<p><strong>Silvia Morgades<\/strong><\/p>\n<p>Doctora en Dret per la Universitat Pompeu Fabra (Premi Extraordinari de Doctorat).&nbsp; Va rebre el Primer Premi de Recerca en Drets Humans per l\u2019estudi Els drets humans com a motor de l\u2019evoluci\u00f3 del r\u00e8gim internacional de protecci\u00f3 dels refugiats, de la Generalitat de Catalunya l\u2019any 2008. Ha fet estades de recerca i estudis a les Universitats Robert Schuman d\u2019Estrasburg, Aut\u00f2noma de Barcelona, Lliure de Brussel\u00b7les, Montpeller I i Paris 1-Sorbonne. \u00c9s autora de diversos articles publicats en revistes especialitzades i cap\u00edtols de llibre sobre temes de Dret Europeu, Migracions For\u00e7oses i Dret d\u2019Asil. Actualment \u00e9s professora lectora de Dret Internacional P\u00fablic i Relacions Internacionals a la Universitat Pompeu Fabra.<span style=\"color: #333333; font-size-anulat: 13px; line-height: 18px;\">&nbsp;&nbsp;<\/span><\/p>\n<p>&nbsp;<\/p>\n<p><strong>Isabel Pont<\/strong><\/p>\n<p>Doctora en Dret i professora titular de Dret Administratiu de la Universitat Aut\u00f2noma de Barcelona. &nbsp;\u00c9s representant de l\u2019Associaci\u00f3 de Dret Ambiental Espanyol a Catalunya, i pertany, entre d\u2019altres, al Comit\u00e8 cient\u00edfic de la Revista Aranzadi Medi Ambient, al Comit\u00e8 d\u2019\u00c8tica en Experimentaci\u00f3 Animal i Humana, &nbsp;al Comit\u00e8 de recerca de l\u2019ICTA; al Comit\u00e8 T\u00e8cnic Mar\u00edtim, al Foro Ambiental Portuario Estatal, i des de 2005, es membre del Consell Assessor per al Desenvolupament Sostenible de la Generalitat de Catalunya. Des de 1998, exerceix com advocada, i assessora jur\u00eddicament l\u2019Autoritat Portu\u00e0ria de Barcelona. Ha dirigit projectes de recerca europeus com a investigadora principal sobre avaluaci\u00f3 d\u2019impacte &nbsp;ambiental, aspectes jur\u00eddics relacionats amb la teledetecci\u00f3. &nbsp;Pertany a grups d\u2019investigaci\u00f3 sobre gesti\u00f3 integrada de zones costaneres, canvi clim\u00e0tic i &nbsp;ha assessorat recentment a l\u2019Ag\u00e8ncia Catalana de l\u2019Aigua, la Direcci\u00f3 General de Medi Natural i d\u2019altres \u00f2rgans i entitats sobre &nbsp;futures iniciatives legislatives i sobre problem\u00e0tiques procedimentals, aspectes relatius a la distribuci\u00f3 competencial, contaminaci\u00f3 ac\u00fastica, avaluacions d\u2019impacte ambiental de projectes i avaluacions estrat\u00e8giques de plans i programes.<\/p>\n<p>&nbsp;<\/p>\n<p><strong>Christopher Tulloch<\/strong><\/p>\n<p>Co-Director del M\u00e0ster en Periodisme Pol\u00edtic Internacional de la Universitat Pompeu Fabra-iDEC. Professor de Periodisme de la Facultat de Comunicaci\u00f3 de la UPF. Doctor en Periodisme i Comunicacio per la UPF. M\u00e0ster en Estudis Japonesos (Tokyo). &nbsp;Llicenciat en Filologia Anglesa (York, R.U.). Es el co-editor de la Catalan News Agency. Professor visitant de les universitats de Nacions Unides (Ginebra), El Salvador, New Haven (USA) entre d\u2019altres. Amb 25 anys en el camp de la informaci\u00f3 internacional ha col\u00b7laborat amb la premsa brit\u00e0nica, espanyola i llatinoamericana. Autor de Corresponsales en el extranjero. Mito y Realidad.&nbsp;<\/p>\n<p>&nbsp;<\/p>\n<p><strong>Jorge Malem<\/strong><\/p>\n<p>Catedr\u00e0tic de Filosofia del Dret de la Universitat Pompeu Fabra. Ha publicat diversos llibres i articles sobre temes de teoria i de filosofia del dret. Entre ells es troben: Concepto y justificaci\u00f3n de la desobediencia civil, Estudios de \u00e9tica jur\u00eddica, La corrupci\u00f3n. Aspectos econ\u00f3micos, \u00e9ticos, pol\u00edticos y jur\u00eddicos. El error judicial y la formaci\u00f3n de los jueces. Ha impartit doc\u00e8ncia a Espanya, Argentina o M\u00e8xic, entre d\u2019altres pa\u00efsos.<\/p>\n<p>&nbsp;<\/p>\n<p><strong>Andr\u00e9s Raya<\/strong><\/p>\n<p>Professor associat de la URL i director acad\u00e8mic de l&#8217;\u00c0rea de Customs d&#8217;Executive Education ESADE. \u00c9s professor del Departament de Direcci\u00f3 de Persones i Organitzaci\u00f3 d&#8217;ESADE, llicenciat en Ci\u00e8ncies Qu\u00edmiques (Universitat de Barcelona) i MBA per ESADE. Director del programa &#8220;Lideratge de Persones i Gesti\u00f3 d&#8217;Equips&#8221; d&#8217;Executive Education d&#8217;ESADE Business School. Professor titular de l&#8217;assignatura troncal de l&#8217;MBA &#8220;Lideratge de Persones&#8221; i de la intensificaci\u00f3 de l&#8217;MBA &#8220;Lideratge i gesti\u00f3 del talent en entorns de canvi intens&#8221;. Director acad\u00e8mic del Corporate MBA. Ha estat director general de diverses empreses de distribuci\u00f3 i retail, tant nacionals com multinacionals. En l&#8217;actualitat compagina la formaci\u00f3 amb la consultoria, la participaci\u00f3 en consells d&#8217;administraci\u00f3 de companyies de sectors diversos (distribuci\u00f3, retail, moda, log\u00edstica, sistemes d&#8217;informaci\u00f3, etc.). Ha participat en alguns dels majors processos de gesti\u00f3 de talent i canvi dels \u00faltims anys a Espanya en sectors tan emblem\u00e0tics com el financer i l&#8217;assegurador.<\/p>\n<p>&nbsp;<\/p>\n<p><strong>Antoni Pigrau<\/strong><\/p>\n<p>Catedr\u00e0tic de Dret Internacional P\u00fablic i Relacions Internacionals de Universitat Rovira i Virgili. Coordina el grup consolidat de recerca &#8220;Territori, Ciutadania i Sostenibilitat&#8221;. \u00c9s Director del Centre d&#8217;Estudis de Dret Ambiental de Tarragona (CEDAT) i de la Revista Catalana de Dret Ambiental. Membre de la Junta de Govern de l&#8217;Institut Internacional Catal\u00e0 per la Pau (ICIP), per designaci\u00f3 del Parlament de Catalunya, des de juliol de 2008 i \u00e9s vicepresident des de novembre de 2014. Membre del Tribunal Permanent dels Pobles, amb seu a Roma. Ha estat vicedeg\u00e0 de la Facultat de Ci\u00e8ncies Jur\u00eddiques (1992-1997), i vicerector (1997-2002) i secretari general de la URV (2002-2005).<\/p>\n<p>&nbsp;<\/p>\n<p><strong>Carme Sol\u00e9<\/strong><\/p>\n<p>Consultora estrat\u00e8gica de Recursos Humans i Coach.&nbsp;Llicenciada en Psicologia, especialitzada en Organitzacions per la Universitat Ramon Llull. Formada en Gesti\u00f3 del Capital Intel\u00b7lectual per Esade. M\u00e0ster en Programaci\u00f3 Neuroling\u00fc\u00edstica. Consultora estrat\u00e8gica de Recursos Humans. Experta en Selecci\u00f3 per compet\u00e8ncies i Orientaci\u00f3 Professional. Imparteix cursos de formaci\u00f3 en Comunicaci\u00f3 i Gesti\u00f3 d&#8217;Equips. Acreditada com a Psic\u00f2loga \u2013 Coach pel Col\u00b7legi de Psic\u00f2legs de Catalunya. Des de 1995 treballa a l&#8217;entorn dels Recursos Humans i en l&#8217;acompanyament i facilitaci\u00f3 de la cerca d&#8217;ocupaci\u00f3 per a professionals que ho demanden.<\/p>\n<p>&nbsp;<\/p>\n<p><strong>Gilbert Bitti<\/strong><\/p>\n<p>Va ser professor adjunt a la Universitat de Par\u00eds (Paris II &#8211; 1991-1993), assessor legal en el Ministeri de la just\u00edcia franc\u00e8s (1993-2002), advocat de l&#8217;Estat franc\u00e8s davant la Cort europea de drets humans, assessor legal de la delegaci\u00f3 francesa durant les negociacions a Nova York ia Roma sobre l&#8217;Estatut de Roma i les Regles de procediment i prova de la Cort penal internacional; des de 2002, treballa en la Cort penal interncional i ha estat, successivament, cap de la Secci\u00f3 de la participacion de les v\u00edctimes i reparacions a la secretaria, adjunt al cap de la Secci\u00f3 d&#8217;assessoria legal a la fiscalia i, des de 2005, \u00e9s assessor legal principal de la Secci\u00f3 de q\u00fcestions preliminars en la mateixa Cort.<\/p>\n<p>&nbsp;<\/p>\n<p><strong>Karlos P\u00e9rez de Armi\u00f1o<\/strong><\/p>\n<p>Professor titular de Relacions Internacionals de la Universitat del Pais Vasc. Llicenciat en Geografia i Hist\u00f2ria per la Universitat de Deusto, Doctor en Ci\u00e8ncies Pol\u00edtiques per la Universitat del Pais Vasc i Diplomat en Estudis Europeus i en Ajuda Internacional Humanit\u00e0ria.&nbsp;Investigador d&#8217;HEGOA, Institut d&#8217;Estudis sobre Desenvolupament i Cooperaci\u00f3 Internacional.<\/p>\n<p><span style=\"font-size: 1.5em;\"><\/span><\/p>\n<p><strong>Kristian Herbolzheimer<\/strong><\/p>\n<p>Director dels Programes Col\u00f2mbia i Filipines de Conciliation Resources, una ONG amb seu a Londres de suport a iniciatives de pau. Tamb\u00e9 \u00e9s analista en processos de pau, amb \u00e8mfasi en els temes de finalilzaci\u00f3n de conflictes armats, els reptes i aprenentatges espec\u00edfics de conflictes prolongats, i el paper de la societat civil, espec\u00edficament de les dones. Ha treballat sobre els casos d&#8217;Irlanda del Nord, el Pa\u00eds Basc, Sri Lanka, S\u00e0hara Occidental, \u00cdndia, Col\u00f2mbia, i Filipines. Aix\u00ed mateix assessora el govern de Filipines i al Front Moro d&#8217;Alliberament Isl\u00e0mic (MILF) en el proc\u00e9s de pau a Mindanao. Kristian \u00e9s enginyer agr\u00edcola (Lleida, 1994), diplomat en Cultura de Pau (Escola de Cultura de Pau UAB, 2001), i M\u00e0ster en Estudis Internacionals de Pau (Notre Dame, Indiana, 2009).<\/p>\n<p>&nbsp;<\/p>\n<p><strong>Llu\u00eds Gonz\u00e1lez-Vaqu\u00e9<\/strong><\/p>\n<p>President de l&#8217;Associaci\u00f3 Iberoamericana per al Dret Alimentari, Vicepresident de el \u201cXina-European Union Food Law Working Party\u201d i Coordinador del grup \u201cLliure circulaci\u00f3 de mercaderies\u201d en el ZETA, TTIP i altres Acords internacionals. Anteriorment va ocupar els c\u00e0rrecs de Conseller de la DG de Mercat Interior i de Cap de la Divisi\u00f3 &#8220;Aplicaci\u00f3 dels articles 28 a 30 CE i eliminaci\u00f3 de les restriccions als intercanvis&#8221; a la Comissi\u00f3 Europea. Ha publicat diversos llibres sobre el Dret de la Uni\u00f3 Europea.<\/p>\n<p>&nbsp;<\/p>\n<p><strong>Mar\u00eda Alcover<\/strong><\/p>\n<p>Des de 2013 \u00e9s Consellera jur\u00eddica al Centre d&#8217;Assessoria Legal en Assumptes de l&#8217;OMC (ACWL) situat a Ginebra. Anteriorment, va ser oficial jur\u00eddic en la Secretaria de l&#8217;\u00d2rgan d&#8217;Apel\u00b7laci\u00f3 de l&#8217;OMC i va treballar a la Direcci\u00f3 General de Comer\u00e7 de la Comissi\u00f3 Europea a Brussel\u00b7les. Maria Alcover posseeix una llicenciatura en Dret i un M\u00e0ster (LL.M.) en Dret Econ\u00f2mic i Pol\u00edtica Internacional per la Universitat de Barcelona. \u00c9s membre del Col\u00b7legi d&#8217;Advocats de Barcelona.<\/p>\n<p>&nbsp;<\/p>\n<p><strong>Mart\u00ed Saballs<\/strong><\/p>\n<p>Director adjunt del diari <em>Expansi\u00f3n<\/em>.&nbsp;<\/p>\n<p>&nbsp;<\/p>\n<p><strong>Thierry del Prado<\/strong><\/p>\n<p>Advocat, antic membre del Col\u00b7legi d&#8217;Advocats de Quebec (Canad\u00e0), antic funcionari en el Ministeri de Just\u00edcia del Quebec (Canad\u00e0). Funcionari i especialista en drets humans a l&#8217;Oficina de l&#8217;Alt Comissionat de Drets Humans de l&#8217;ONU a Ginebra (Su\u00efssa), amb experi\u00e8ncia extensiva en missions d&#8217;investigaci\u00f3 amb els procediments especials del Consell de Drets Humans; assessorament i capacitaci\u00f3 en dret internacional de drets humans.<\/p>\n<p>&nbsp;<\/p>\n<p><strong>Xavier Fern\u00e1ndez Pons<\/strong><\/p>\n<p>Professor titular de Dret Internacional P\u00fablic de la Universitat de Barcelona. Llicenciat en Dret per la Universitat de Barcelona i Doctor en Dret per la Universitat de Bolonya.<\/p>\n<p>&nbsp;<\/p>\n<p><strong>Elisenda Calvet&nbsp;<\/strong><\/p>\n<p>Doctora en Dret. professora de Dret Internacional P\u00fablic i Dret de la Uni\u00f3 Europea a la Universitat de Barcelona. Ha treballat a la Creu Roja Espanyola, la Cort Interamericana de Drets Humans (Costa Rica), i a l&#8217;Oficina de l&#8217;Alt Comissionat per als Drets Humans de les Nacions Unides, en concret, al Comit\u00e8 contra la Desaparici\u00f3 For\u00e7ada (Ginebra i Su\u00efssa).&nbsp;<\/p>\n<p>&nbsp;<\/p>\n<p><strong>Carlos Esp\u00f3sito&nbsp;<\/strong><\/p>\n<p>Catedr\u00e0tic de Dret Internacional p\u00fablic a la Universitat Aut\u00f2noma de Madrid. \u00c9s codirector del F\u00f2rum d&#8217;Arbitratge i Litigaci\u00f3 Internacional de FIDE i&nbsp;<em>Distinguished Fellow<\/em>&nbsp;de la seva Law of the Sea Institute de la Universitat de Calif\u00f2rnia, Berkeley. Ha estat Cap Adjunt de l&#8217;Assessoria Jur\u00eddica Internacional del MAEC, Vicepresident de la European Society of International Law,&nbsp;<em>Visiting Fellow<\/em>&nbsp;del Lauterpacht Centre for International Law de la Universitat de Cambridge i Professor visitant en nombroses universitats del m\u00f3n, incloent l&#8217;Escola de Dret de la Universitat de Calif\u00f2rnia, Berkeley, la Universitat de Buenos Aires, la Universitat de G\u00f6ttingen i Hamburg, etc. T\u00e9 una \u00e0mplia experi\u00e8ncia editorial i actualment \u00e9s membre del Consell de Redacci\u00f3 de la REDI, del Consell Assessor de la REEI i la RJUAM.<\/p>\n<p>&nbsp;<\/p>\n<p><strong>George Carner&nbsp; &nbsp;<\/strong><\/p>\n<p>Consultor Independent.&nbsp;Carner va ser cap de missi\u00f3 de cooperaci\u00f3 per a l&#8217;Ag\u00e8ncia de Desenvolupament Internacional dels EUA (USAID) a Senegal, Tun\u00edsia,&nbsp;Madagascar, Nicaragua, i Guatemala. El seu \u00faltim c\u00e0rrec va ser com a Representant dels EUA davant el Comit\u00e8 d&#8217;Ajuda al Desenvolupar (CAD) de l&#8217;OCDE a Par\u00eds entre 2003 i 2008. &nbsp;Des de la seva jubilaci\u00f3 ha brindat el seu&nbsp;<em>expertise<\/em>&nbsp;com a consultor en cooperaci\u00f3 al desenvolupament a l&#8217;OCDE\/CAD, a la USAID, a l&#8217;O.S. German Marshal Fund i a la ACCDI\/Generalitat. Tamb\u00e9 ha donat diverses confer\u00e8ncies i publicat articles sobre la cooperaci\u00f3 al desenvolupament.<\/p>\n<p>&nbsp;<\/p>\n<p><strong>Asier Garrido&nbsp;<\/strong><\/p>\n<p>Des de 2015, Lletrat de la Cort Internacional de Just\u00edcia de l&#8217;Haia . \u00c9s Doctor en Dret amb menci\u00f3 <em>Doctor Europeus<\/em> per la Universitat de Salamanca (2011), on va ser Professor Ajudant Doctor entre 2011 i 2015. Especialista en temes relatius a la protecci\u00f3 internacional dels drets humans, Dret internacional humanitari i lluita contra el terrorisme internacional, ha impartit classes, seminaris i pon\u00e8ncies sobre aquests temes, aix\u00ed com altres relacionats amb el Dret internacional p\u00fablic, en institucions com el Graduate Institute for International Studies de Ginebra, el Centre d&#8217;Estudis Pol\u00edtics i Constitucions de Madrid, la Universitat Cat\u00f2lica del Per\u00fa, la Universitat de Ginebra o la Universitat de Neuchatel.<\/p>\n<p>&nbsp;<\/p>\n<p><strong>\u00cd\u00f1igo Mac\u00edas&nbsp;<\/strong><\/p>\n<p>Llicenciat en Economia. Investigador i Consultor al CIDOB.&nbsp;Consultor i investigador en cooperaci\u00f3 internacional i desenvolupament en els \u00e0mbits de l&#8217;efic\u00e0cia de l&#8217;ajuda, la gobernanza econ\u00f2mica i la desigualtat, i els estats fr\u00e0gils. M\u00e0ster en Estudis de Desenvolupament per la London School of Economics (LSE) i llicenciat en Economia i en Administraci\u00f3 i direcci\u00f3 d&#8217;empreses per la Universitat Pompeu Fabra. Ha desenvolupat la seva carrera professional en diferents institucions de recerca i Organitzacions de la Societat Civil.<\/p>\n<p>&nbsp;<\/p>\n<p><strong>Raquel Vany\u00f3&nbsp;&nbsp;<\/strong><\/p>\n<p>Professora Ajudant Doctora de Dret Internacional P\u00fablic i Relacions Internacionals i membre de l\u2019Institut de Drets Humans de la Universitat de Val\u00e8ncia. Llicenciada en Dret i tamb\u00e9 en Ci\u00e8ncies Pol\u00edtiques i de l\u2019Administraci\u00f3 per la mateixa Universitat, ha centrat la seva investigaci\u00f3 en temes de g\u00e8nere, drets humans, conflictes armats i manteniment de la pau i seguretat internacionals, com demostren les seves diverses publicacions, en especial, la monografia <em>\u201cEl Horizonte 1325 en Derecho internacional: cartograf\u00eda del posconflicto con perspectiva de genero\u201d<\/em> publicada per l\u2019editorial Thomson Reuters Aranzadi i que recull part de la seva tesi doctoral. Ha participat en m\u00faltiples projectes d\u2019investigaci\u00f3 d\u2019\u00e0mbit regional, nacional i internacional sobre q\u00fcestions tan diverses com terrorisme, r\u00e8gim jur\u00eddic de la for\u00e7a, seguretat i defensa, g\u00e8nere, territori i ciutadania, drets humans o desaparicions for\u00e7ades.<\/p>\n<p>&nbsp;<\/p>\n<p><strong>Jorge Cardona&nbsp;<\/strong><\/p>\n<p>Catedr\u00e0tic de Dret Internacional P\u00fablic a la Universitat de Val\u00e8ncia. Membre Associat del <em>Institut de Droit International<\/em>. Professor convidat en diverses Universitats i Instituts Universitaris a Europa, Am\u00e8rica Llatina i \u00c0frica. Membre del Comit\u00e8 de Drets del Nen de les Nacions Unides des de 2011. Membre del Grup d&#8217;Experts del Comit\u00e8 de Comer\u00e7 i Desenvolupament Sostenible creat en virtut de diversos Acords de Lliure Comer\u00e7 o d&#8217;Associaci\u00f3 entre la Uni\u00f3 Europea i els seus Estats membres, d&#8217;una banda, i diversos Estats com la Rep\u00fablica de Corea, la Rep\u00fablica&nbsp; &nbsp; de Mold\u00e0via, Centream\u00e8rica, Col\u00f2mbia, Per\u00fa, etc.. Autor d&#8217;aproximadament dues-centes publicacions de dret internacional p\u00fablic.<\/p>\n<p>&nbsp;<\/p>\n<p><strong>Mariano Aznar<\/strong><\/p>\n<p>Catedr\u00e0tic de Dret internacional p\u00fablic i Relacions internacionals de la Universitat Jaume I de Castell\u00f3. Professor convidat en diverses universitats espanyoles i estrangeres. Visiting Fellow a la Universitat de Cambridge. Life Member, Clare Hall College, Universitat de Cambridge. Autor de nombroses publicacions i investigador principal de diversos projectes de R+D+i. Conseller-advocat del Regne d\u2019Espanya davant del Tribunal Internacional de Drets del mar, en l\u2019afer Louisa. Legal Advisor de v\u00e0ries missions de l\u2019UNESCO a Panam\u00e1 (2015).<\/p>\n<p>&nbsp;<\/p>\n<p><strong>Mar\u00eda del Roc\u00edo Bonilla<\/strong><\/p>\n<p>Directora d&#8217;Estudis del Grau en Direcci\u00f3 d&#8217; Empreses de la UAO.&nbsp;Professora d&#8217;Economia de la Universitat Abad Oliba-CEU.&nbsp;<\/p>\n<p>&nbsp;<\/p>\n<p><strong>Montse Tafalla<\/strong><\/p>\n<p>Llicenciada en Dret i en Teoria de la Literatura i Literatura Comparada per la Universitat de Barcelona. Responsable de la Biblioteca Diposit\u00e0ria de les Nacions Unides DL\/62 del CRAI de la Facultat de Dret de la UB. Membre de la Junta directiva de l\u00b4Institut de Drets Humans de Catalunya.<\/p>\n<p>&nbsp;<\/p>\n<p><strong>Carla Moure<\/strong><\/p>\n<p>Graduada en Periodisme per la Universitat Aut\u00f2noma de Barcelona, especialitzaci\u00f3 en ciberperiodisme i noves plataformes de comunicaci\u00f3. M\u00e0ster en Direcci\u00f3 de M\u00e0rketing.<\/p>\n<p>&nbsp;<\/p>\n<p><strong>Susana Barrios&nbsp;<\/strong><\/p>\n<p>Llicenciada en Economia i diplomada en Relacions Laborals. M\u00e0ster en Recursos Humans i Gesti\u00f3 de Persones. Experi\u00e8ncia en l&#8217;\u00e0mbit de Recursos Humans en el sector privat en Gesti\u00f3, Formaci\u00f3, Selecci\u00f3 i Desenvolupament de Persones. Actualment em responsabilitzo de la Direcci\u00f3 de Selecci\u00f3 de CaixaBank.&nbsp;<\/p>\n","protected":false},"excerpt":{"rendered":"<p>&nbsp; Coordinador honorari Sr. Fernando Perpi\u00f1\u00e1-Robert Ambaixador d&#8217;Espanya Tutor del Centre d&#8217;Estudis Internacionals (CEI) &nbsp; Coordinador Dr. Jordi Quero Professor del CEI International Affairs. &nbsp; &nbsp; Professorat CEI &nbsp; &nbsp; El Jordi Quero \u00e9s Doctor en Dret Internacional P\u00fablic i Relacions Internacionals (setembre 2020), professor del CEI International Affairs. Ha treballat com a investigador al [&hellip;]<\/p>\n","protected":false},"author":6,"featured_media":878,"comment_status":"open","ping_status":"closed","sticky":false,"template":"","format":"standard","meta":{"_acf_changed":false,"_crdt_document":"","inline_featured_image":false,"footnotes":""},"categories":[1],"tags":[],"class_list":["post-890","post","type-post","status-publish","format-standard","has-post-thumbnail","hentry","category-sin-categoria"],"acf":[],"yoast_head":"<!-- This site is optimized with the Yoast SEO plugin v27.0 - https:\/\/yoast.com\/product\/yoast-seo-wordpress\/ -->\n<title>Direcci\u00f3 i professorat - CEI International Affairs<\/title>\n<meta name=\"robots\" content=\"index, follow, max-snippet:-1, max-image-preview:large, max-video-preview:-1\" \/>\n<link rel=\"canonical\" href=\"https:\/\/www.ceibcn.com\/en\/2013\/07\/prova-14\/\" \/>\n<meta property=\"og:locale\" content=\"en_US\" \/>\n<meta property=\"og:type\" content=\"article\" \/>\n<meta property=\"og:title\" content=\"Direcci\u00f3 i professorat - CEI International Affairs\" \/>\n<meta property=\"og:description\" content=\"&nbsp; Coordinador honorari Sr. Fernando Perpi\u00f1\u00e1-Robert Ambaixador d&#8217;Espanya Tutor del Centre d&#8217;Estudis Internacionals (CEI) &nbsp; Coordinador Dr. Jordi Quero Professor del CEI International Affairs. &nbsp; &nbsp; Professorat CEI &nbsp; &nbsp; El Jordi Quero \u00e9s Doctor en Dret Internacional P\u00fablic i Relacions Internacionals (setembre 2020), professor del CEI International Affairs. Ha treballat com a investigador al [&hellip;]\" \/>\n<meta property=\"og:url\" content=\"https:\/\/www.ceibcn.com\/en\/2013\/07\/prova-14\/\" \/>\n<meta property=\"og:site_name\" content=\"CEI International Affairs\" \/>\n<meta property=\"article:publisher\" content=\"https:\/\/www.facebook.com\/CEI.CentroDeEstudiosInternacionales\/\" \/>\n<meta property=\"article:published_time\" content=\"2013-07-01T10:24:57+00:00\" \/>\n<meta property=\"og:image\" content=\"https:\/\/www.ceibcn.com\/wp-content\/uploads\/2013\/07\/Quero_mini.png\" \/>\n\t<meta property=\"og:image:width\" content=\"150\" \/>\n\t<meta property=\"og:image:height\" content=\"150\" \/>\n\t<meta property=\"og:image:type\" content=\"image\/png\" \/>\n<meta name=\"author\" content=\"Cristian Romero Velasco\" \/>\n<meta name=\"twitter:card\" content=\"summary_large_image\" \/>\n<meta name=\"twitter:creator\" content=\"@CEIbcn\" \/>\n<meta name=\"twitter:site\" content=\"@CEIbcn\" \/>\n<meta name=\"twitter:label1\" content=\"Written by\" \/>\n\t<meta name=\"twitter:data1\" content=\"Cristian Romero Velasco\" \/>\n\t<meta name=\"twitter:label2\" content=\"Est. reading time\" \/>\n\t<meta name=\"twitter:data2\" content=\"24 minutes\" \/>\n<script type=\"application\/ld+json\" class=\"yoast-schema-graph\">{\"@context\":\"https:\/\/schema.org\",\"@graph\":[{\"@type\":\"Article\",\"@id\":\"https:\/\/www.ceibcn.com\/en\/2013\/07\/prova-14\/#article\",\"isPartOf\":{\"@id\":\"https:\/\/www.ceibcn.com\/en\/2013\/07\/prova-14\/\"},\"author\":{\"name\":\"Cristian Romero Velasco\",\"@id\":\"https:\/\/www.ceibcn.com\/en\/#\/schema\/person\/4ef9992ee2fbd3987a5e1834e5d5808d\"},\"headline\":\"Direcci\u00f3 i professorat\",\"datePublished\":\"2013-07-01T10:24:57+00:00\",\"mainEntityOfPage\":{\"@id\":\"https:\/\/www.ceibcn.com\/en\/2013\/07\/prova-14\/\"},\"wordCount\":4807,\"commentCount\":0,\"publisher\":{\"@id\":\"https:\/\/www.ceibcn.com\/en\/#organization\"},\"image\":{\"@id\":\"https:\/\/www.ceibcn.com\/en\/2013\/07\/prova-14\/#primaryimage\"},\"thumbnailUrl\":\"https:\/\/www.ceibcn.com\/wp-content\/uploads\/2013\/07\/Quero_mini.png\",\"articleSection\":[\"Sin categor\u00eda\"],\"inLanguage\":\"en-US\",\"potentialAction\":[{\"@type\":\"CommentAction\",\"name\":\"Comment\",\"target\":[\"https:\/\/www.ceibcn.com\/en\/2013\/07\/prova-14\/#respond\"]}]},{\"@type\":\"WebPage\",\"@id\":\"https:\/\/www.ceibcn.com\/en\/2013\/07\/prova-14\/\",\"url\":\"https:\/\/www.ceibcn.com\/en\/2013\/07\/prova-14\/\",\"name\":\"Direcci\u00f3 i professorat - CEI International Affairs\",\"isPartOf\":{\"@id\":\"https:\/\/www.ceibcn.com\/en\/#website\"},\"primaryImageOfPage\":{\"@id\":\"https:\/\/www.ceibcn.com\/en\/2013\/07\/prova-14\/#primaryimage\"},\"image\":{\"@id\":\"https:\/\/www.ceibcn.com\/en\/2013\/07\/prova-14\/#primaryimage\"},\"thumbnailUrl\":\"https:\/\/www.ceibcn.com\/wp-content\/uploads\/2013\/07\/Quero_mini.png\",\"datePublished\":\"2013-07-01T10:24:57+00:00\",\"breadcrumb\":{\"@id\":\"https:\/\/www.ceibcn.com\/en\/2013\/07\/prova-14\/#breadcrumb\"},\"inLanguage\":\"en-US\",\"potentialAction\":[{\"@type\":\"ReadAction\",\"target\":[\"https:\/\/www.ceibcn.com\/en\/2013\/07\/prova-14\/\"]}]},{\"@type\":\"ImageObject\",\"inLanguage\":\"en-US\",\"@id\":\"https:\/\/www.ceibcn.com\/en\/2013\/07\/prova-14\/#primaryimage\",\"url\":\"https:\/\/www.ceibcn.com\/wp-content\/uploads\/2013\/07\/Quero_mini.png\",\"contentUrl\":\"https:\/\/www.ceibcn.com\/wp-content\/uploads\/2013\/07\/Quero_mini.png\",\"width\":150,\"height\":150,\"caption\":\"Jordi Quero\"},{\"@type\":\"BreadcrumbList\",\"@id\":\"https:\/\/www.ceibcn.com\/en\/2013\/07\/prova-14\/#breadcrumb\",\"itemListElement\":[{\"@type\":\"ListItem\",\"position\":1,\"name\":\"Portada\",\"item\":\"https:\/\/www.ceibcn.com\/en\/\"},{\"@type\":\"ListItem\",\"position\":2,\"name\":\"Direcci\u00f3 i professorat\"}]},{\"@type\":\"WebSite\",\"@id\":\"https:\/\/www.ceibcn.com\/en\/#website\",\"url\":\"https:\/\/www.ceibcn.com\/en\/\",\"name\":\"CEI International Affairs\",\"description\":\"CEI International Affairs\",\"publisher\":{\"@id\":\"https:\/\/www.ceibcn.com\/en\/#organization\"},\"alternateName\":\"CEI International Affairs\",\"potentialAction\":[{\"@type\":\"SearchAction\",\"target\":{\"@type\":\"EntryPoint\",\"urlTemplate\":\"https:\/\/www.ceibcn.com\/en\/?s={search_term_string}\"},\"query-input\":{\"@type\":\"PropertyValueSpecification\",\"valueRequired\":true,\"valueName\":\"search_term_string\"}}],\"inLanguage\":\"en-US\"},{\"@type\":\"Organization\",\"@id\":\"https:\/\/www.ceibcn.com\/en\/#organization\",\"name\":\"CEI International Affairs\",\"url\":\"https:\/\/www.ceibcn.com\/en\/\",\"logo\":{\"@type\":\"ImageObject\",\"inLanguage\":\"en-US\",\"@id\":\"https:\/\/www.ceibcn.com\/en\/#\/schema\/logo\/image\/\",\"url\":\"https:\/\/www.ceibcn.com\/wp-content\/uploads\/2021\/09\/CeiLogo_EscuelaDiploVectorized_vectorizedSIN_FONDO.png\",\"contentUrl\":\"https:\/\/www.ceibcn.com\/wp-content\/uploads\/2021\/09\/CeiLogo_EscuelaDiploVectorized_vectorizedSIN_FONDO.png\",\"width\":1591,\"height\":629,\"caption\":\"CEI International Affairs\"},\"image\":{\"@id\":\"https:\/\/www.ceibcn.com\/en\/#\/schema\/logo\/image\/\"},\"sameAs\":[\"https:\/\/www.facebook.com\/CEI.CentroDeEstudiosInternacionales\/\",\"https:\/\/x.com\/CEIbcn\",\"https:\/\/www.instagram.com\/cei_international\/\"]},{\"@type\":\"Person\",\"@id\":\"https:\/\/www.ceibcn.com\/en\/#\/schema\/person\/4ef9992ee2fbd3987a5e1834e5d5808d\",\"name\":\"Cristian Romero Velasco\",\"image\":{\"@type\":\"ImageObject\",\"inLanguage\":\"en-US\",\"@id\":\"https:\/\/www.ceibcn.com\/en\/#\/schema\/person\/image\/\",\"url\":\"https:\/\/secure.gravatar.com\/avatar\/d78c33ad7f1570635ae9c9cb6274fe682bd5872dfde7a5448127d7825dd90943?s=96&d=mm&r=g\",\"contentUrl\":\"https:\/\/secure.gravatar.com\/avatar\/d78c33ad7f1570635ae9c9cb6274fe682bd5872dfde7a5448127d7825dd90943?s=96&d=mm&r=g\",\"caption\":\"Cristian Romero Velasco\"},\"url\":\"https:\/\/www.ceibcn.com\/en\/author\/cristian\/\"}]}<\/script>\n<!-- \/ Yoast SEO plugin. -->","yoast_head_json":{"title":"Direcci\u00f3 i professorat - CEI International Affairs","robots":{"index":"index","follow":"follow","max-snippet":"max-snippet:-1","max-image-preview":"max-image-preview:large","max-video-preview":"max-video-preview:-1"},"canonical":"https:\/\/www.ceibcn.com\/en\/2013\/07\/prova-14\/","og_locale":"en_US","og_type":"article","og_title":"Direcci\u00f3 i professorat - CEI International Affairs","og_description":"&nbsp; Coordinador honorari Sr. Fernando Perpi\u00f1\u00e1-Robert Ambaixador d&#8217;Espanya Tutor del Centre d&#8217;Estudis Internacionals (CEI) &nbsp; Coordinador Dr. Jordi Quero Professor del CEI International Affairs. &nbsp; &nbsp; Professorat CEI &nbsp; &nbsp; El Jordi Quero \u00e9s Doctor en Dret Internacional P\u00fablic i Relacions Internacionals (setembre 2020), professor del CEI International Affairs. Ha treballat com a investigador al [&hellip;]","og_url":"https:\/\/www.ceibcn.com\/en\/2013\/07\/prova-14\/","og_site_name":"CEI International Affairs","article_publisher":"https:\/\/www.facebook.com\/CEI.CentroDeEstudiosInternacionales\/","article_published_time":"2013-07-01T10:24:57+00:00","og_image":[{"width":150,"height":150,"url":"https:\/\/www.ceibcn.com\/wp-content\/uploads\/2013\/07\/Quero_mini.png","type":"image\/png"}],"author":"Cristian Romero Velasco","twitter_card":"summary_large_image","twitter_creator":"@CEIbcn","twitter_site":"@CEIbcn","twitter_misc":{"Written by":"Cristian Romero Velasco","Est. reading time":"24 minutes"},"schema":{"@context":"https:\/\/schema.org","@graph":[{"@type":"Article","@id":"https:\/\/www.ceibcn.com\/en\/2013\/07\/prova-14\/#article","isPartOf":{"@id":"https:\/\/www.ceibcn.com\/en\/2013\/07\/prova-14\/"},"author":{"name":"Cristian Romero Velasco","@id":"https:\/\/www.ceibcn.com\/en\/#\/schema\/person\/4ef9992ee2fbd3987a5e1834e5d5808d"},"headline":"Direcci\u00f3 i professorat","datePublished":"2013-07-01T10:24:57+00:00","mainEntityOfPage":{"@id":"https:\/\/www.ceibcn.com\/en\/2013\/07\/prova-14\/"},"wordCount":4807,"commentCount":0,"publisher":{"@id":"https:\/\/www.ceibcn.com\/en\/#organization"},"image":{"@id":"https:\/\/www.ceibcn.com\/en\/2013\/07\/prova-14\/#primaryimage"},"thumbnailUrl":"https:\/\/www.ceibcn.com\/wp-content\/uploads\/2013\/07\/Quero_mini.png","articleSection":["Sin categor\u00eda"],"inLanguage":"en-US","potentialAction":[{"@type":"CommentAction","name":"Comment","target":["https:\/\/www.ceibcn.com\/en\/2013\/07\/prova-14\/#respond"]}]},{"@type":"WebPage","@id":"https:\/\/www.ceibcn.com\/en\/2013\/07\/prova-14\/","url":"https:\/\/www.ceibcn.com\/en\/2013\/07\/prova-14\/","name":"Direcci\u00f3 i professorat - CEI International Affairs","isPartOf":{"@id":"https:\/\/www.ceibcn.com\/en\/#website"},"primaryImageOfPage":{"@id":"https:\/\/www.ceibcn.com\/en\/2013\/07\/prova-14\/#primaryimage"},"image":{"@id":"https:\/\/www.ceibcn.com\/en\/2013\/07\/prova-14\/#primaryimage"},"thumbnailUrl":"https:\/\/www.ceibcn.com\/wp-content\/uploads\/2013\/07\/Quero_mini.png","datePublished":"2013-07-01T10:24:57+00:00","breadcrumb":{"@id":"https:\/\/www.ceibcn.com\/en\/2013\/07\/prova-14\/#breadcrumb"},"inLanguage":"en-US","potentialAction":[{"@type":"ReadAction","target":["https:\/\/www.ceibcn.com\/en\/2013\/07\/prova-14\/"]}]},{"@type":"ImageObject","inLanguage":"en-US","@id":"https:\/\/www.ceibcn.com\/en\/2013\/07\/prova-14\/#primaryimage","url":"https:\/\/www.ceibcn.com\/wp-content\/uploads\/2013\/07\/Quero_mini.png","contentUrl":"https:\/\/www.ceibcn.com\/wp-content\/uploads\/2013\/07\/Quero_mini.png","width":150,"height":150,"caption":"Jordi Quero"},{"@type":"BreadcrumbList","@id":"https:\/\/www.ceibcn.com\/en\/2013\/07\/prova-14\/#breadcrumb","itemListElement":[{"@type":"ListItem","position":1,"name":"Portada","item":"https:\/\/www.ceibcn.com\/en\/"},{"@type":"ListItem","position":2,"name":"Direcci\u00f3 i professorat"}]},{"@type":"WebSite","@id":"https:\/\/www.ceibcn.com\/en\/#website","url":"https:\/\/www.ceibcn.com\/en\/","name":"CEI International Affairs","description":"CEI International Affairs","publisher":{"@id":"https:\/\/www.ceibcn.com\/en\/#organization"},"alternateName":"CEI International Affairs","potentialAction":[{"@type":"SearchAction","target":{"@type":"EntryPoint","urlTemplate":"https:\/\/www.ceibcn.com\/en\/?s={search_term_string}"},"query-input":{"@type":"PropertyValueSpecification","valueRequired":true,"valueName":"search_term_string"}}],"inLanguage":"en-US"},{"@type":"Organization","@id":"https:\/\/www.ceibcn.com\/en\/#organization","name":"CEI International Affairs","url":"https:\/\/www.ceibcn.com\/en\/","logo":{"@type":"ImageObject","inLanguage":"en-US","@id":"https:\/\/www.ceibcn.com\/en\/#\/schema\/logo\/image\/","url":"https:\/\/www.ceibcn.com\/wp-content\/uploads\/2021\/09\/CeiLogo_EscuelaDiploVectorized_vectorizedSIN_FONDO.png","contentUrl":"https:\/\/www.ceibcn.com\/wp-content\/uploads\/2021\/09\/CeiLogo_EscuelaDiploVectorized_vectorizedSIN_FONDO.png","width":1591,"height":629,"caption":"CEI International Affairs"},"image":{"@id":"https:\/\/www.ceibcn.com\/en\/#\/schema\/logo\/image\/"},"sameAs":["https:\/\/www.facebook.com\/CEI.CentroDeEstudiosInternacionales\/","https:\/\/x.com\/CEIbcn","https:\/\/www.instagram.com\/cei_international\/"]},{"@type":"Person","@id":"https:\/\/www.ceibcn.com\/en\/#\/schema\/person\/4ef9992ee2fbd3987a5e1834e5d5808d","name":"Cristian Romero Velasco","image":{"@type":"ImageObject","inLanguage":"en-US","@id":"https:\/\/www.ceibcn.com\/en\/#\/schema\/person\/image\/","url":"https:\/\/secure.gravatar.com\/avatar\/d78c33ad7f1570635ae9c9cb6274fe682bd5872dfde7a5448127d7825dd90943?s=96&d=mm&r=g","contentUrl":"https:\/\/secure.gravatar.com\/avatar\/d78c33ad7f1570635ae9c9cb6274fe682bd5872dfde7a5448127d7825dd90943?s=96&d=mm&r=g","caption":"Cristian Romero Velasco"},"url":"https:\/\/www.ceibcn.com\/en\/author\/cristian\/"}]}},"_links":{"self":[{"href":"https:\/\/www.ceibcn.com\/en\/wp-json\/wp\/v2\/posts\/890","targetHints":{"allow":["GET"]}}],"collection":[{"href":"https:\/\/www.ceibcn.com\/en\/wp-json\/wp\/v2\/posts"}],"about":[{"href":"https:\/\/www.ceibcn.com\/en\/wp-json\/wp\/v2\/types\/post"}],"author":[{"embeddable":true,"href":"https:\/\/www.ceibcn.com\/en\/wp-json\/wp\/v2\/users\/6"}],"replies":[{"embeddable":true,"href":"https:\/\/www.ceibcn.com\/en\/wp-json\/wp\/v2\/comments?post=890"}],"version-history":[{"count":0,"href":"https:\/\/www.ceibcn.com\/en\/wp-json\/wp\/v2\/posts\/890\/revisions"}],"wp:featuredmedia":[{"embeddable":true,"href":"https:\/\/www.ceibcn.com\/en\/wp-json\/wp\/v2\/media\/878"}],"wp:attachment":[{"href":"https:\/\/www.ceibcn.com\/en\/wp-json\/wp\/v2\/media?parent=890"}],"wp:term":[{"taxonomy":"category","embeddable":true,"href":"https:\/\/www.ceibcn.com\/en\/wp-json\/wp\/v2\/categories?post=890"},{"taxonomy":"post_tag","embeddable":true,"href":"https:\/\/www.ceibcn.com\/en\/wp-json\/wp\/v2\/tags?post=890"}],"curies":[{"name":"wp","href":"https:\/\/api.w.org\/{rel}","templated":true}]}}