{"id":892,"date":"2013-07-01T10:24:57","date_gmt":"2013-07-01T10:24:57","guid":{"rendered":"https:\/\/www.ceibcn.com\/2013\/07\/prova-16\/"},"modified":"2013-07-01T10:24:57","modified_gmt":"2013-07-01T10:24:57","slug":"prova-16","status":"publish","type":"post","link":"https:\/\/www.ceibcn.com\/en\/2013\/07\/prova-16\/","title":{"rendered":"Presentaci\u00f3"},"content":{"rendered":"<p>&#8230;<\/p>\n<p><!--more--><\/p>\n<p>La societat internacional globalitzada \u00e9s cada dia m\u00e9s complexa, din\u00e0mica i interdependent. A m\u00e9s, juntament amb els Estats, hi participen un nombre rellevant d&#8217;altres actors com s\u00f3n les organitzacions internacionals, els ens subestatals, les ONG i les empreses transnacionals, entre d&#8217;altres. Totes aquestes entitats necessiten dotar-se d&#8217;un personal altament qualificat en pol\u00edtica i acci\u00f3 internacional, alhora que pluriling\u00fce i amb capacitats de negociaci\u00f3, comunicaci\u00f3 i lideratge.<\/p>\n<p><strong>El M\u00e0ster Universitari en Diplom\u00e0cia i Organitzacions Internacionals<\/strong> t\u00e9 com a objectiu formar professionals per ser diplom\u00e0tics, funcionaris d&#8217;organitzacions internacionals com Nacions Unides i Uni\u00f3 Europea, experts i assessors d&#8217;entitats d&#8217;\u00e0mbit internacional, (ONGs, consultories&#8230;), gestors de projectes internacionals a l&#8217;Administraci\u00f3, etc.<\/p>\n<p>Aquesta preparaci\u00f3 es completa amb una estada obligat\u00f2ria de pr\u00e0ctiques a Ambaixades, Consolats, Representacions Permanents, Organitzacions Internacionals, empreses privades, organitzacions sense \u00e0nim de lucre i altres.<\/p>\n<p>El M\u00e0ster en Diplom\u00e0cia i Organitzacions Internacionals \u00e9s un<strong> t\u00edtol oficial <\/strong>que s&#8217;imparteix des del <em>CEI International Affairs<\/em>, centre Adscrit a la Universitat de Barcelona. Els principals avantatges d&#8217;un M\u00e0ster Oficial s\u00f3n el reconeixement internacional, l&#8217;acc\u00e9s al Doctorat al sistema d&#8217;Educaci\u00f3 Superior Espanyol i a les Beques Generals del Ministeri d&#8217;Educaci\u00f3.<\/p>\n<p>&nbsp;<\/p>\n<p>&nbsp;<\/p>\n<h2>Objectius<\/h2>\n<ul>\n<li>Con\u00e8ixer l&#8217;estructura, el funcionament, les compet\u00e8ncies i els mecanismes d&#8217;acc\u00e9s i preparar-te per a una via professional al cos diplom\u00e0tic, a una organitzaci\u00f3 internacional, a la Uni\u00f3 Europea ia empreses multinacionals.<\/li>\n<li style=\"text-align: justify;\">\n<p>Con\u00e8ixer i entendre el funcionament de la Uni\u00f3 Europea, les relacions exteriors, la pol\u00edtica comercial comuna, el mercat interior i el dret de la compet\u00e8ncia i la lliure circulaci\u00f3 de persones, entre altres \u00e0mbits.<\/p>\n<\/li>\n<li style=\"text-align: justify;\">\n<p>Con\u00e8ixer i saber aplicar els principis jur\u00eddics de la diplom\u00e0cia i paradiplom\u00e0cia, i en especial el dret intern estatal que afecta les relacions, i el dret internacional, el dret del comer\u00e7 internacional, i la contractaci\u00f3 i l&#8217;arbitratge internacionals.<\/p>\n<\/li>\n<li style=\"text-align: justify;\">\n<p>Con\u00e8ixer els principis de la protecci\u00f3 del medi ambient i de la gesti\u00f3 dels recursos energ\u00e8tics des d&#8217;una perspectiva jur\u00eddica, pol\u00edtica i econ\u00f2mica, aix\u00ed com els principis i les institucions del desenvolupament sostenible.<\/p>\n<\/li>\n<\/ul>\n<h2>&nbsp;<\/h2>\n<p>&nbsp;<\/p>\n<h2>Dirigit a<\/h2>\n<p>El M\u00e0ster s&#8217;adre\u00e7a a llicenciats, arquitectes, enginyers o graduats que estiguin interessats a treballar en organitzacions internacionals, ONG, entitats governamentals, empreses amb departament internacional\u2026que demostrin tenir una vocaci\u00f3 internacional, provin tenir un nivell alt d&#8217;angl\u00e8s i espanyol (valorant-se tenir coneixements de franc\u00e8s o altre idioma) i tinguin coneixements b\u00e0sics i\/o inter\u00e8s sobre Relacions Internacionals i Dret internacional.<\/p>\n<p>El perfil d&#8217;ingr\u00e9s espec\u00edfic al m\u00e0ster \u00e9s de titulats en dret, economia i administraci\u00f3 d&#8217;empreses, relacions internacionals, ci\u00e8ncies pol\u00edtiques i de l&#8217;administraci\u00f3, estudis globals, sociologia, hist\u00f2ria, filosofia, traducci\u00f3 i interpretaci\u00f3, filologia o altres titulacions de la branca ci\u00e8ncies socials de perfil similar.<\/p>\n<p>En cas que es procedeixi d&#8217;alguna titulaci\u00f3 diferent de les anteriors, la coordinaci\u00f3 del m\u00e0ster valorar\u00e0 la realitzaci\u00f3 d&#8217;uns cursos de complements formatius previs a l&#8217;inici del programa.<\/p>\n<h2>&nbsp;<\/h2>\n<p>&nbsp;<\/p>\n<h2>Sortides professionals<\/h2>\n<ul>\n<li data-mce-word-list=\"1\">Diplom\u00e0cia.<\/li>\n<\/ul>\n<ul>\n<li data-mce-word-list=\"1\">Funcionari internacional de l&#8217;ONU, l&#8217;OTAN, la UE i tantes altres organitzacions internacionals.<\/li>\n<\/ul>\n<ul>\n<li data-mce-word-list=\"1\">Assessor i t\u00e8cnic d&#8217;institucions p\u00fabliques en mat\u00e8ria internacional, i per tant, treballar a l&#8217;Administraci\u00f3 central i auton\u00f2mica, Diputacions, Ajuntaments&#8230;<\/li>\n<\/ul>\n<ul>\n<li data-mce-word-list=\"1\">Personal dels departaments de comunicaci\u00f3 i de l&#8217;\u00e0rea internacional d&#8217;empreses, fundacions, centres acad\u00e8mics&#8230;<\/li>\n<\/ul>\n<ul>\n<li data-mce-word-list=\"1\">Treballar en consolats d&#8217;altres estats acreditats a Espanya.<\/li>\n<\/ul>\n<ul>\n<li data-mce-word-list=\"1\">Expert en mat\u00e8ria concreta de les relacions internacionals a ONG.<\/li>\n<\/ul>\n<p>&nbsp;<\/p>\n<p>&nbsp;<\/p>\n<p>&nbsp;<\/p>\n<p><img decoding=\"async\" class=\" size-full wp-image-740\" src=\"https:\/\/www.ceibcn.com\/wp-content\/uploads\/2013\/07\/Mini_COVID.png\" alt=\"COVID\" width=\"400\" height=\"26\" srcset=\"https:\/\/www.ceibcn.com\/wp-content\/uploads\/2013\/07\/Mini_COVID.png 592w, https:\/\/www.ceibcn.com\/wp-content\/uploads\/2013\/07\/Mini_COVID-300x19.png 300w, https:\/\/www.ceibcn.com\/wp-content\/uploads\/2013\/07\/Mini_COVID-150x10.png 150w\" sizes=\"(max-width: 400px) 100vw, 400px\" \/><\/p>\n<p>&nbsp;<\/p>\n<p style=\"font-size: 11px;\">Els programes del CEI per al proper curs acad\u00e8mic s&#8217;adaptaran a la <strong>modalitat requerida segons les recomanacions sanit\u00e0ries.&nbsp;<\/strong><\/p>\n","protected":false},"excerpt":{"rendered":"<p>&#8230;<\/p>\n","protected":false},"author":6,"featured_media":740,"comment_status":"open","ping_status":"closed","sticky":false,"template":"","format":"standard","meta":{"_acf_changed":false,"_crdt_document":"","inline_featured_image":false,"footnotes":""},"categories":[1],"tags":[],"class_list":["post-892","post","type-post","status-publish","format-standard","has-post-thumbnail","hentry","category-sin-categoria"],"acf":[],"yoast_head":"<!-- This site is optimized with the Yoast SEO plugin v27.0 - https:\/\/yoast.com\/product\/yoast-seo-wordpress\/ -->\n<title>Presentaci\u00f3 - CEI International Affairs<\/title>\n<meta name=\"robots\" content=\"index, follow, max-snippet:-1, max-image-preview:large, max-video-preview:-1\" \/>\n<link rel=\"canonical\" href=\"https:\/\/www.ceibcn.com\/en\/2013\/07\/prova-16\/\" \/>\n<meta property=\"og:locale\" content=\"en_US\" \/>\n<meta property=\"og:type\" content=\"article\" \/>\n<meta property=\"og:title\" content=\"Presentaci\u00f3 - CEI International Affairs\" \/>\n<meta property=\"og:description\" content=\"&#8230;\" \/>\n<meta property=\"og:url\" content=\"https:\/\/www.ceibcn.com\/en\/2013\/07\/prova-16\/\" \/>\n<meta property=\"og:site_name\" content=\"CEI International Affairs\" \/>\n<meta property=\"article:publisher\" content=\"https:\/\/www.facebook.com\/CEI.CentroDeEstudiosInternacionales\/\" \/>\n<meta property=\"article:published_time\" content=\"2013-07-01T10:24:57+00:00\" \/>\n<meta property=\"og:image\" content=\"https:\/\/www.ceibcn.com\/wp-content\/uploads\/2013\/07\/Mini_COVID.png\" \/>\n\t<meta property=\"og:image:width\" content=\"592\" \/>\n\t<meta property=\"og:image:height\" content=\"38\" \/>\n\t<meta property=\"og:image:type\" content=\"image\/png\" \/>\n<meta name=\"author\" content=\"Cristian Romero Velasco\" \/>\n<meta name=\"twitter:card\" content=\"summary_large_image\" \/>\n<meta name=\"twitter:creator\" content=\"@CEIbcn\" \/>\n<meta name=\"twitter:site\" content=\"@CEIbcn\" \/>\n<meta name=\"twitter:label1\" content=\"Written by\" \/>\n\t<meta name=\"twitter:data1\" content=\"Cristian Romero Velasco\" \/>\n\t<meta name=\"twitter:label2\" content=\"Est. reading time\" \/>\n\t<meta name=\"twitter:data2\" content=\"3 minutes\" \/>\n<script type=\"application\/ld+json\" class=\"yoast-schema-graph\">{\"@context\":\"https:\/\/schema.org\",\"@graph\":[{\"@type\":\"Article\",\"@id\":\"https:\/\/www.ceibcn.com\/en\/2013\/07\/prova-16\/#article\",\"isPartOf\":{\"@id\":\"https:\/\/www.ceibcn.com\/en\/2013\/07\/prova-16\/\"},\"author\":{\"name\":\"Cristian Romero Velasco\",\"@id\":\"https:\/\/www.ceibcn.com\/en\/#\/schema\/person\/4ef9992ee2fbd3987a5e1834e5d5808d\"},\"headline\":\"Presentaci\u00f3\",\"datePublished\":\"2013-07-01T10:24:57+00:00\",\"mainEntityOfPage\":{\"@id\":\"https:\/\/www.ceibcn.com\/en\/2013\/07\/prova-16\/\"},\"wordCount\":635,\"commentCount\":0,\"publisher\":{\"@id\":\"https:\/\/www.ceibcn.com\/en\/#organization\"},\"image\":{\"@id\":\"https:\/\/www.ceibcn.com\/en\/2013\/07\/prova-16\/#primaryimage\"},\"thumbnailUrl\":\"https:\/\/www.ceibcn.com\/wp-content\/uploads\/2013\/07\/Mini_COVID.png\",\"articleSection\":[\"Sin categor\u00eda\"],\"inLanguage\":\"en-US\",\"potentialAction\":[{\"@type\":\"CommentAction\",\"name\":\"Comment\",\"target\":[\"https:\/\/www.ceibcn.com\/en\/2013\/07\/prova-16\/#respond\"]}]},{\"@type\":\"WebPage\",\"@id\":\"https:\/\/www.ceibcn.com\/en\/2013\/07\/prova-16\/\",\"url\":\"https:\/\/www.ceibcn.com\/en\/2013\/07\/prova-16\/\",\"name\":\"Presentaci\u00f3 - CEI International Affairs\",\"isPartOf\":{\"@id\":\"https:\/\/www.ceibcn.com\/en\/#website\"},\"primaryImageOfPage\":{\"@id\":\"https:\/\/www.ceibcn.com\/en\/2013\/07\/prova-16\/#primaryimage\"},\"image\":{\"@id\":\"https:\/\/www.ceibcn.com\/en\/2013\/07\/prova-16\/#primaryimage\"},\"thumbnailUrl\":\"https:\/\/www.ceibcn.com\/wp-content\/uploads\/2013\/07\/Mini_COVID.png\",\"datePublished\":\"2013-07-01T10:24:57+00:00\",\"breadcrumb\":{\"@id\":\"https:\/\/www.ceibcn.com\/en\/2013\/07\/prova-16\/#breadcrumb\"},\"inLanguage\":\"en-US\",\"potentialAction\":[{\"@type\":\"ReadAction\",\"target\":[\"https:\/\/www.ceibcn.com\/en\/2013\/07\/prova-16\/\"]}]},{\"@type\":\"ImageObject\",\"inLanguage\":\"en-US\",\"@id\":\"https:\/\/www.ceibcn.com\/en\/2013\/07\/prova-16\/#primaryimage\",\"url\":\"https:\/\/www.ceibcn.com\/wp-content\/uploads\/2013\/07\/Mini_COVID.png\",\"contentUrl\":\"https:\/\/www.ceibcn.com\/wp-content\/uploads\/2013\/07\/Mini_COVID.png\",\"width\":592,\"height\":38,\"caption\":\"COVID\"},{\"@type\":\"BreadcrumbList\",\"@id\":\"https:\/\/www.ceibcn.com\/en\/2013\/07\/prova-16\/#breadcrumb\",\"itemListElement\":[{\"@type\":\"ListItem\",\"position\":1,\"name\":\"Portada\",\"item\":\"https:\/\/www.ceibcn.com\/en\/\"},{\"@type\":\"ListItem\",\"position\":2,\"name\":\"Presentaci\u00f3\"}]},{\"@type\":\"WebSite\",\"@id\":\"https:\/\/www.ceibcn.com\/en\/#website\",\"url\":\"https:\/\/www.ceibcn.com\/en\/\",\"name\":\"CEI International Affairs\",\"description\":\"CEI International Affairs\",\"publisher\":{\"@id\":\"https:\/\/www.ceibcn.com\/en\/#organization\"},\"alternateName\":\"CEI International Affairs\",\"potentialAction\":[{\"@type\":\"SearchAction\",\"target\":{\"@type\":\"EntryPoint\",\"urlTemplate\":\"https:\/\/www.ceibcn.com\/en\/?s={search_term_string}\"},\"query-input\":{\"@type\":\"PropertyValueSpecification\",\"valueRequired\":true,\"valueName\":\"search_term_string\"}}],\"inLanguage\":\"en-US\"},{\"@type\":\"Organization\",\"@id\":\"https:\/\/www.ceibcn.com\/en\/#organization\",\"name\":\"CEI International Affairs\",\"url\":\"https:\/\/www.ceibcn.com\/en\/\",\"logo\":{\"@type\":\"ImageObject\",\"inLanguage\":\"en-US\",\"@id\":\"https:\/\/www.ceibcn.com\/en\/#\/schema\/logo\/image\/\",\"url\":\"https:\/\/www.ceibcn.com\/wp-content\/uploads\/2021\/09\/CeiLogo_EscuelaDiploVectorized_vectorizedSIN_FONDO.png\",\"contentUrl\":\"https:\/\/www.ceibcn.com\/wp-content\/uploads\/2021\/09\/CeiLogo_EscuelaDiploVectorized_vectorizedSIN_FONDO.png\",\"width\":1591,\"height\":629,\"caption\":\"CEI International Affairs\"},\"image\":{\"@id\":\"https:\/\/www.ceibcn.com\/en\/#\/schema\/logo\/image\/\"},\"sameAs\":[\"https:\/\/www.facebook.com\/CEI.CentroDeEstudiosInternacionales\/\",\"https:\/\/x.com\/CEIbcn\",\"https:\/\/www.instagram.com\/cei_international\/\"]},{\"@type\":\"Person\",\"@id\":\"https:\/\/www.ceibcn.com\/en\/#\/schema\/person\/4ef9992ee2fbd3987a5e1834e5d5808d\",\"name\":\"Cristian Romero Velasco\",\"image\":{\"@type\":\"ImageObject\",\"inLanguage\":\"en-US\",\"@id\":\"https:\/\/www.ceibcn.com\/en\/#\/schema\/person\/image\/\",\"url\":\"https:\/\/secure.gravatar.com\/avatar\/d78c33ad7f1570635ae9c9cb6274fe682bd5872dfde7a5448127d7825dd90943?s=96&d=mm&r=g\",\"contentUrl\":\"https:\/\/secure.gravatar.com\/avatar\/d78c33ad7f1570635ae9c9cb6274fe682bd5872dfde7a5448127d7825dd90943?s=96&d=mm&r=g\",\"caption\":\"Cristian Romero Velasco\"},\"url\":\"https:\/\/www.ceibcn.com\/en\/author\/cristian\/\"}]}<\/script>\n<!-- \/ Yoast SEO plugin. -->","yoast_head_json":{"title":"Presentaci\u00f3 - CEI International Affairs","robots":{"index":"index","follow":"follow","max-snippet":"max-snippet:-1","max-image-preview":"max-image-preview:large","max-video-preview":"max-video-preview:-1"},"canonical":"https:\/\/www.ceibcn.com\/en\/2013\/07\/prova-16\/","og_locale":"en_US","og_type":"article","og_title":"Presentaci\u00f3 - CEI International Affairs","og_description":"&#8230;","og_url":"https:\/\/www.ceibcn.com\/en\/2013\/07\/prova-16\/","og_site_name":"CEI International Affairs","article_publisher":"https:\/\/www.facebook.com\/CEI.CentroDeEstudiosInternacionales\/","article_published_time":"2013-07-01T10:24:57+00:00","og_image":[{"width":592,"height":38,"url":"https:\/\/www.ceibcn.com\/wp-content\/uploads\/2013\/07\/Mini_COVID.png","type":"image\/png"}],"author":"Cristian Romero Velasco","twitter_card":"summary_large_image","twitter_creator":"@CEIbcn","twitter_site":"@CEIbcn","twitter_misc":{"Written by":"Cristian Romero Velasco","Est. reading time":"3 minutes"},"schema":{"@context":"https:\/\/schema.org","@graph":[{"@type":"Article","@id":"https:\/\/www.ceibcn.com\/en\/2013\/07\/prova-16\/#article","isPartOf":{"@id":"https:\/\/www.ceibcn.com\/en\/2013\/07\/prova-16\/"},"author":{"name":"Cristian Romero Velasco","@id":"https:\/\/www.ceibcn.com\/en\/#\/schema\/person\/4ef9992ee2fbd3987a5e1834e5d5808d"},"headline":"Presentaci\u00f3","datePublished":"2013-07-01T10:24:57+00:00","mainEntityOfPage":{"@id":"https:\/\/www.ceibcn.com\/en\/2013\/07\/prova-16\/"},"wordCount":635,"commentCount":0,"publisher":{"@id":"https:\/\/www.ceibcn.com\/en\/#organization"},"image":{"@id":"https:\/\/www.ceibcn.com\/en\/2013\/07\/prova-16\/#primaryimage"},"thumbnailUrl":"https:\/\/www.ceibcn.com\/wp-content\/uploads\/2013\/07\/Mini_COVID.png","articleSection":["Sin categor\u00eda"],"inLanguage":"en-US","potentialAction":[{"@type":"CommentAction","name":"Comment","target":["https:\/\/www.ceibcn.com\/en\/2013\/07\/prova-16\/#respond"]}]},{"@type":"WebPage","@id":"https:\/\/www.ceibcn.com\/en\/2013\/07\/prova-16\/","url":"https:\/\/www.ceibcn.com\/en\/2013\/07\/prova-16\/","name":"Presentaci\u00f3 - CEI International Affairs","isPartOf":{"@id":"https:\/\/www.ceibcn.com\/en\/#website"},"primaryImageOfPage":{"@id":"https:\/\/www.ceibcn.com\/en\/2013\/07\/prova-16\/#primaryimage"},"image":{"@id":"https:\/\/www.ceibcn.com\/en\/2013\/07\/prova-16\/#primaryimage"},"thumbnailUrl":"https:\/\/www.ceibcn.com\/wp-content\/uploads\/2013\/07\/Mini_COVID.png","datePublished":"2013-07-01T10:24:57+00:00","breadcrumb":{"@id":"https:\/\/www.ceibcn.com\/en\/2013\/07\/prova-16\/#breadcrumb"},"inLanguage":"en-US","potentialAction":[{"@type":"ReadAction","target":["https:\/\/www.ceibcn.com\/en\/2013\/07\/prova-16\/"]}]},{"@type":"ImageObject","inLanguage":"en-US","@id":"https:\/\/www.ceibcn.com\/en\/2013\/07\/prova-16\/#primaryimage","url":"https:\/\/www.ceibcn.com\/wp-content\/uploads\/2013\/07\/Mini_COVID.png","contentUrl":"https:\/\/www.ceibcn.com\/wp-content\/uploads\/2013\/07\/Mini_COVID.png","width":592,"height":38,"caption":"COVID"},{"@type":"BreadcrumbList","@id":"https:\/\/www.ceibcn.com\/en\/2013\/07\/prova-16\/#breadcrumb","itemListElement":[{"@type":"ListItem","position":1,"name":"Portada","item":"https:\/\/www.ceibcn.com\/en\/"},{"@type":"ListItem","position":2,"name":"Presentaci\u00f3"}]},{"@type":"WebSite","@id":"https:\/\/www.ceibcn.com\/en\/#website","url":"https:\/\/www.ceibcn.com\/en\/","name":"CEI International Affairs","description":"CEI International Affairs","publisher":{"@id":"https:\/\/www.ceibcn.com\/en\/#organization"},"alternateName":"CEI International Affairs","potentialAction":[{"@type":"SearchAction","target":{"@type":"EntryPoint","urlTemplate":"https:\/\/www.ceibcn.com\/en\/?s={search_term_string}"},"query-input":{"@type":"PropertyValueSpecification","valueRequired":true,"valueName":"search_term_string"}}],"inLanguage":"en-US"},{"@type":"Organization","@id":"https:\/\/www.ceibcn.com\/en\/#organization","name":"CEI International Affairs","url":"https:\/\/www.ceibcn.com\/en\/","logo":{"@type":"ImageObject","inLanguage":"en-US","@id":"https:\/\/www.ceibcn.com\/en\/#\/schema\/logo\/image\/","url":"https:\/\/www.ceibcn.com\/wp-content\/uploads\/2021\/09\/CeiLogo_EscuelaDiploVectorized_vectorizedSIN_FONDO.png","contentUrl":"https:\/\/www.ceibcn.com\/wp-content\/uploads\/2021\/09\/CeiLogo_EscuelaDiploVectorized_vectorizedSIN_FONDO.png","width":1591,"height":629,"caption":"CEI International Affairs"},"image":{"@id":"https:\/\/www.ceibcn.com\/en\/#\/schema\/logo\/image\/"},"sameAs":["https:\/\/www.facebook.com\/CEI.CentroDeEstudiosInternacionales\/","https:\/\/x.com\/CEIbcn","https:\/\/www.instagram.com\/cei_international\/"]},{"@type":"Person","@id":"https:\/\/www.ceibcn.com\/en\/#\/schema\/person\/4ef9992ee2fbd3987a5e1834e5d5808d","name":"Cristian Romero Velasco","image":{"@type":"ImageObject","inLanguage":"en-US","@id":"https:\/\/www.ceibcn.com\/en\/#\/schema\/person\/image\/","url":"https:\/\/secure.gravatar.com\/avatar\/d78c33ad7f1570635ae9c9cb6274fe682bd5872dfde7a5448127d7825dd90943?s=96&d=mm&r=g","contentUrl":"https:\/\/secure.gravatar.com\/avatar\/d78c33ad7f1570635ae9c9cb6274fe682bd5872dfde7a5448127d7825dd90943?s=96&d=mm&r=g","caption":"Cristian Romero Velasco"},"url":"https:\/\/www.ceibcn.com\/en\/author\/cristian\/"}]}},"_links":{"self":[{"href":"https:\/\/www.ceibcn.com\/en\/wp-json\/wp\/v2\/posts\/892","targetHints":{"allow":["GET"]}}],"collection":[{"href":"https:\/\/www.ceibcn.com\/en\/wp-json\/wp\/v2\/posts"}],"about":[{"href":"https:\/\/www.ceibcn.com\/en\/wp-json\/wp\/v2\/types\/post"}],"author":[{"embeddable":true,"href":"https:\/\/www.ceibcn.com\/en\/wp-json\/wp\/v2\/users\/6"}],"replies":[{"embeddable":true,"href":"https:\/\/www.ceibcn.com\/en\/wp-json\/wp\/v2\/comments?post=892"}],"version-history":[{"count":0,"href":"https:\/\/www.ceibcn.com\/en\/wp-json\/wp\/v2\/posts\/892\/revisions"}],"wp:featuredmedia":[{"embeddable":true,"href":"https:\/\/www.ceibcn.com\/en\/wp-json\/wp\/v2\/media\/740"}],"wp:attachment":[{"href":"https:\/\/www.ceibcn.com\/en\/wp-json\/wp\/v2\/media?parent=892"}],"wp:term":[{"taxonomy":"category","embeddable":true,"href":"https:\/\/www.ceibcn.com\/en\/wp-json\/wp\/v2\/categories?post=892"},{"taxonomy":"post_tag","embeddable":true,"href":"https:\/\/www.ceibcn.com\/en\/wp-json\/wp\/v2\/tags?post=892"}],"curies":[{"name":"wp","href":"https:\/\/api.w.org\/{rel}","templated":true}]}}