{"id":894,"date":"2013-07-01T10:24:57","date_gmt":"2013-07-01T10:24:57","guid":{"rendered":"https:\/\/www.ceibcn.com\/2013\/07\/prova-18\/"},"modified":"2013-07-01T10:24:57","modified_gmt":"2013-07-01T10:24:57","slug":"prova-18","status":"publish","type":"post","link":"https:\/\/www.ceibcn.com\/en\/2013\/07\/prova-18\/","title":{"rendered":"Pr\u00e0ctiques professionals"},"content":{"rendered":"<p>La segona part de la formaci\u00f3 del <strong>M\u00e0ster Universitari en Diplom\u00e0cia i Organitzacions Internacionals<\/strong> est\u00e0 centrada en la realitzaci\u00f3 d&#8217;<strong>una estada de pr\u00e0ctiques obligat\u00f2ria per a tots els alumnes del M\u00e0ster<\/strong>, d&#8217;una durada entre 3 i 6 mesos, en una instituci\u00f3 o organitzaci\u00f3 internacional que desenvolupi tasques relacionades amb el contingut formatiu del m\u00e0ster. <strong>Aquestes estades de pr\u00e0ctiques computen 18 ECTS.<\/strong> Les pr\u00e0ctiques es gestionen des del CEI, assegurant que tots els estudiants matriculats al M\u00e0ster realitzen les seves pr\u00e0ctiques obligat\u00f2ries.<\/p>\n<p>El curs 2019-2020, en plena pand\u00e8mia COVID-19, tot l&#8217;alumnat MUDOI va poder fer les pr\u00e0ctiques obligat\u00f2ries.<\/p>\n<h2>Els nostres estudiants han realitzat pr\u00e0ctiques als seg\u00fcents llocs, entre d&#8217;altres:<\/h2>\n<ul>\n<li data-mce-word-list=\"1\">Les Nacions Unides: l&#8217;Alt Comissionat de les Nacions Unides per als Drets Humans, el Departament d&#8217;Operacions de Manteniment de la Pau, el Comit\u00e8 dels Drets dels Infants, Voluntaris de les Nacions Unides, el Programa de Nacions Unides per al Medi Ambient, etc.<\/li>\n<li data-mce-word-list=\"1\">Altres organitzacions del sistema de les Nacions Unides com el Fons de les Nacions Unides per a la Inf\u00e0ncia (UNICEF), l&#8217;Organitzaci\u00f3 de les Nacions Unides per a l&#8217;Alimentaci\u00f3 i l&#8217;Agricultura (FAO), l&#8217;Organitzaci\u00f3 Internacional de les Migracions (OIM), o la Confer\u00e8ncia de les Nacions Unides sobre el Comer\u00e7 i el Desenvolupament (UNCTAD).<\/li>\n<li data-mce-word-list=\"1\">L&#8217;Associaci\u00f3 per a les Nacions Unides a Espanya (ANUE).<\/li>\n<li data-mce-word-list=\"1\">El Tribunal Europeu de Drets Humans.<\/li>\n<li data-mce-word-list=\"1\">L&#8217;Organitzaci\u00f3 del Tractat de l&#8217;Atl\u00e0ntic Nord (SHAPE-OTAN).<\/li>\n<li data-mce-word-list=\"1\">La Comissi\u00f3 Europea.<\/li>\n<li data-mce-word-list=\"1\">L&#8217;Organitzaci\u00f3 per a la Cooperaci\u00f3 i el Desenvolupament Econ\u00f2mic (OCDE).<\/li>\n<li data-mce-word-list=\"1\">La Cort Penal Internacional.<\/li>\n<li data-mce-word-list=\"1\">La Uni\u00f3 per la Mediterr\u00e0nia (UpM).<\/li>\n<li data-mce-word-list=\"1\">El Ministeri d&#8217;Afers Exteriors, Uni\u00f3 Europea i Cooperaci\u00f3 d&#8217;Espanya: als serveis centrals de Madrid, aix\u00ed com en ambaixades, consolats i representacions permanents a l&#8217;exterior davant d&#8217;organitzacions internacionals, i en oficines t\u00e8cniques de cooperaci\u00f3 de l&#8217;Ag\u00e8ncia Espanyola de Cooperaci\u00f3 Internacional per a el Desenvolupament.<\/li>\n<li data-mce-word-list=\"1\">Casa \u00c0sia.<\/li>\n<li data-mce-word-list=\"1\">L&#8217;Institut Cervantes.<\/li>\n<li data-mce-word-list=\"1\">L&#8217;Institut Europeu de la Mediterr\u00e0nia (IEMed).<\/li>\n<li data-mce-word-list=\"1\">La Generalitat de Catalunya: La Secretaria d\u2019Acci\u00f3 Exterior i de la Uni\u00f3 Europea, Delegacions de la Generalitat de Catalunya a l\u2019exterior.<\/li>\n<li data-mce-word-list=\"1\">Empreses i corporacions: CaixaBank, Banc Sabadell, Corporaci\u00f3 Puig, Everis, Abertis, MES Advocats Internacional, Andbank, Mango, entre d&#8217;altres.<\/li>\n<li data-mce-word-list=\"1\">Foment del Treball.<\/li>\n<li data-mce-word-list=\"1\">Diplocat.<\/li>\n<li data-mce-word-list=\"1\">Cambra Oficial de Comer\u00e7, Ind\u00fastria i Navegaci\u00f3 de Barcelona.<\/li>\n<li data-mce-word-list=\"1\">Organitzacions del tercer sector com NOVACT, CEAR, ACSAR, Creu Roja, IFRC, Educaci\u00f3 Sense Fronteres, entre d&#8217;altres.<\/li>\n<\/ul>\n<p>&nbsp;<\/p>\n<p><a href=\"ca\/coneix-nos\/noticies\/1129-com-son-les-practiques-del-master-en-diplomacia\">Descobreix les experi\u00e8ncies de pr\u00e0ctiques dels nostres exalumnes. Atreveix-te a viure&#8217;l en primera persona!<\/a><\/p>\n<p>&nbsp;<\/p>\n<p>En tots els sup\u00f2sits, el <em>CEI International Affairs<\/em> recolzar\u00e0 cada candidatura i far\u00e0 les m\u00e0ximes gestions perqu\u00e8 el candidat superi aquest segon proc\u00e9s de selecci\u00f3, per\u00f2 no assumeix la responsabilitat de la seva elecci\u00f3 definitiva.<\/p>\n<p>En cas de no superar el proc\u00e9s de selecci\u00f3 per part de la instituci\u00f3 d&#8217;acollida o en cas de renunciar a la realitzaci\u00f3 d&#8217;unes pr\u00e0ctiques per feina, edat o per experi\u00e8ncia laboral, es podran convalidar per un treball de recerca de 18 ECTS (pot ser una continuaci\u00f3 del Treball de fi de M\u00e0ster obligatori) per tal que cap alumne es quedi sense poder optar al t\u00edtol del M\u00e0ster. Aquest treball ser\u00e0 tutelat, informant-se oportunament sobre les caracter\u00edstiques del mateix.<\/p>\n<p>A m\u00e9s, cal tenir sempre present, que malgrat haver superat tots dos processos de selecci\u00f3, per poder despla\u00e7ar-se a realitzar les pr\u00e0ctiques cal haver superat la part acad\u00e8mica (superaci\u00f3 de cada assignatura almenys amb un 5). Les despeses de l&#8217;estada de pr\u00e0ctiques s\u00f3n a c\u00e0rrec de l&#8217;estudiant.<\/p>\n<p>&nbsp;<\/p>\n","protected":false},"excerpt":{"rendered":"<p>La segona part de la formaci\u00f3 del M\u00e0ster Universitari en Diplom\u00e0cia i Organitzacions Internacionals est\u00e0 centrada en la realitzaci\u00f3 d&#8217;una estada de pr\u00e0ctiques obligat\u00f2ria per a tots els alumnes del M\u00e0ster, d&#8217;una durada entre 3 i 6 mesos, en una instituci\u00f3 o organitzaci\u00f3 internacional que desenvolupi tasques relacionades amb el contingut formatiu del m\u00e0ster. Aquestes [&hellip;]<\/p>\n","protected":false},"author":6,"featured_media":0,"comment_status":"open","ping_status":"closed","sticky":false,"template":"","format":"standard","meta":{"_acf_changed":false,"_crdt_document":"","inline_featured_image":false,"footnotes":""},"categories":[1],"tags":[],"class_list":["post-894","post","type-post","status-publish","format-standard","hentry","category-sin-categoria"],"acf":[],"yoast_head":"<!-- This site is optimized with the Yoast SEO plugin v27.0 - https:\/\/yoast.com\/product\/yoast-seo-wordpress\/ -->\n<title>Pr\u00e0ctiques professionals - CEI International Affairs<\/title>\n<meta name=\"robots\" content=\"index, follow, max-snippet:-1, max-image-preview:large, max-video-preview:-1\" \/>\n<link rel=\"canonical\" href=\"https:\/\/www.ceibcn.com\/en\/2013\/07\/prova-18\/\" \/>\n<meta property=\"og:locale\" content=\"en_US\" \/>\n<meta property=\"og:type\" content=\"article\" \/>\n<meta property=\"og:title\" content=\"Pr\u00e0ctiques professionals - CEI International Affairs\" \/>\n<meta property=\"og:description\" content=\"La segona part de la formaci\u00f3 del M\u00e0ster Universitari en Diplom\u00e0cia i Organitzacions Internacionals est\u00e0 centrada en la realitzaci\u00f3 d&#8217;una estada de pr\u00e0ctiques obligat\u00f2ria per a tots els alumnes del M\u00e0ster, d&#8217;una durada entre 3 i 6 mesos, en una instituci\u00f3 o organitzaci\u00f3 internacional que desenvolupi tasques relacionades amb el contingut formatiu del m\u00e0ster. Aquestes [&hellip;]\" \/>\n<meta property=\"og:url\" content=\"https:\/\/www.ceibcn.com\/en\/2013\/07\/prova-18\/\" \/>\n<meta property=\"og:site_name\" content=\"CEI International Affairs\" \/>\n<meta property=\"article:publisher\" content=\"https:\/\/www.facebook.com\/CEI.CentroDeEstudiosInternacionales\/\" \/>\n<meta property=\"article:published_time\" content=\"2013-07-01T10:24:57+00:00\" \/>\n<meta property=\"og:image\" content=\"https:\/\/www.ceibcn.com\/wp-content\/uploads\/2023\/01\/Logo-CEI.png\" \/>\n\t<meta property=\"og:image:width\" content=\"500\" \/>\n\t<meta property=\"og:image:height\" content=\"500\" \/>\n\t<meta property=\"og:image:type\" content=\"image\/png\" \/>\n<meta name=\"author\" content=\"Cristian Romero Velasco\" \/>\n<meta name=\"twitter:card\" content=\"summary_large_image\" \/>\n<meta name=\"twitter:creator\" content=\"@CEIbcn\" \/>\n<meta name=\"twitter:site\" content=\"@CEIbcn\" \/>\n<meta name=\"twitter:label1\" content=\"Written by\" \/>\n\t<meta name=\"twitter:data1\" content=\"Cristian Romero Velasco\" \/>\n\t<meta name=\"twitter:label2\" content=\"Est. reading time\" \/>\n\t<meta name=\"twitter:data2\" content=\"3 minutes\" \/>\n<script type=\"application\/ld+json\" class=\"yoast-schema-graph\">{\"@context\":\"https:\/\/schema.org\",\"@graph\":[{\"@type\":\"Article\",\"@id\":\"https:\/\/www.ceibcn.com\/en\/2013\/07\/prova-18\/#article\",\"isPartOf\":{\"@id\":\"https:\/\/www.ceibcn.com\/en\/2013\/07\/prova-18\/\"},\"author\":{\"name\":\"Cristian Romero Velasco\",\"@id\":\"https:\/\/www.ceibcn.com\/en\/#\/schema\/person\/4ef9992ee2fbd3987a5e1834e5d5808d\"},\"headline\":\"Pr\u00e0ctiques professionals\",\"datePublished\":\"2013-07-01T10:24:57+00:00\",\"mainEntityOfPage\":{\"@id\":\"https:\/\/www.ceibcn.com\/en\/2013\/07\/prova-18\/\"},\"wordCount\":616,\"commentCount\":0,\"publisher\":{\"@id\":\"https:\/\/www.ceibcn.com\/en\/#organization\"},\"articleSection\":[\"Sin categor\u00eda\"],\"inLanguage\":\"en-US\",\"potentialAction\":[{\"@type\":\"CommentAction\",\"name\":\"Comment\",\"target\":[\"https:\/\/www.ceibcn.com\/en\/2013\/07\/prova-18\/#respond\"]}]},{\"@type\":\"WebPage\",\"@id\":\"https:\/\/www.ceibcn.com\/en\/2013\/07\/prova-18\/\",\"url\":\"https:\/\/www.ceibcn.com\/en\/2013\/07\/prova-18\/\",\"name\":\"Pr\u00e0ctiques professionals - CEI International Affairs\",\"isPartOf\":{\"@id\":\"https:\/\/www.ceibcn.com\/en\/#website\"},\"datePublished\":\"2013-07-01T10:24:57+00:00\",\"breadcrumb\":{\"@id\":\"https:\/\/www.ceibcn.com\/en\/2013\/07\/prova-18\/#breadcrumb\"},\"inLanguage\":\"en-US\",\"potentialAction\":[{\"@type\":\"ReadAction\",\"target\":[\"https:\/\/www.ceibcn.com\/en\/2013\/07\/prova-18\/\"]}]},{\"@type\":\"BreadcrumbList\",\"@id\":\"https:\/\/www.ceibcn.com\/en\/2013\/07\/prova-18\/#breadcrumb\",\"itemListElement\":[{\"@type\":\"ListItem\",\"position\":1,\"name\":\"Portada\",\"item\":\"https:\/\/www.ceibcn.com\/en\/\"},{\"@type\":\"ListItem\",\"position\":2,\"name\":\"Pr\u00e0ctiques professionals\"}]},{\"@type\":\"WebSite\",\"@id\":\"https:\/\/www.ceibcn.com\/en\/#website\",\"url\":\"https:\/\/www.ceibcn.com\/en\/\",\"name\":\"CEI International Affairs\",\"description\":\"CEI International Affairs\",\"publisher\":{\"@id\":\"https:\/\/www.ceibcn.com\/en\/#organization\"},\"alternateName\":\"CEI International Affairs\",\"potentialAction\":[{\"@type\":\"SearchAction\",\"target\":{\"@type\":\"EntryPoint\",\"urlTemplate\":\"https:\/\/www.ceibcn.com\/en\/?s={search_term_string}\"},\"query-input\":{\"@type\":\"PropertyValueSpecification\",\"valueRequired\":true,\"valueName\":\"search_term_string\"}}],\"inLanguage\":\"en-US\"},{\"@type\":\"Organization\",\"@id\":\"https:\/\/www.ceibcn.com\/en\/#organization\",\"name\":\"CEI International Affairs\",\"url\":\"https:\/\/www.ceibcn.com\/en\/\",\"logo\":{\"@type\":\"ImageObject\",\"inLanguage\":\"en-US\",\"@id\":\"https:\/\/www.ceibcn.com\/en\/#\/schema\/logo\/image\/\",\"url\":\"https:\/\/www.ceibcn.com\/wp-content\/uploads\/2021\/09\/CeiLogo_EscuelaDiploVectorized_vectorizedSIN_FONDO.png\",\"contentUrl\":\"https:\/\/www.ceibcn.com\/wp-content\/uploads\/2021\/09\/CeiLogo_EscuelaDiploVectorized_vectorizedSIN_FONDO.png\",\"width\":1591,\"height\":629,\"caption\":\"CEI International Affairs\"},\"image\":{\"@id\":\"https:\/\/www.ceibcn.com\/en\/#\/schema\/logo\/image\/\"},\"sameAs\":[\"https:\/\/www.facebook.com\/CEI.CentroDeEstudiosInternacionales\/\",\"https:\/\/x.com\/CEIbcn\",\"https:\/\/www.instagram.com\/cei_international\/\"]},{\"@type\":\"Person\",\"@id\":\"https:\/\/www.ceibcn.com\/en\/#\/schema\/person\/4ef9992ee2fbd3987a5e1834e5d5808d\",\"name\":\"Cristian Romero Velasco\",\"image\":{\"@type\":\"ImageObject\",\"inLanguage\":\"en-US\",\"@id\":\"https:\/\/www.ceibcn.com\/en\/#\/schema\/person\/image\/\",\"url\":\"https:\/\/secure.gravatar.com\/avatar\/d78c33ad7f1570635ae9c9cb6274fe682bd5872dfde7a5448127d7825dd90943?s=96&d=mm&r=g\",\"contentUrl\":\"https:\/\/secure.gravatar.com\/avatar\/d78c33ad7f1570635ae9c9cb6274fe682bd5872dfde7a5448127d7825dd90943?s=96&d=mm&r=g\",\"caption\":\"Cristian Romero Velasco\"},\"url\":\"https:\/\/www.ceibcn.com\/en\/author\/cristian\/\"}]}<\/script>\n<!-- \/ Yoast SEO plugin. -->","yoast_head_json":{"title":"Pr\u00e0ctiques professionals - CEI International Affairs","robots":{"index":"index","follow":"follow","max-snippet":"max-snippet:-1","max-image-preview":"max-image-preview:large","max-video-preview":"max-video-preview:-1"},"canonical":"https:\/\/www.ceibcn.com\/en\/2013\/07\/prova-18\/","og_locale":"en_US","og_type":"article","og_title":"Pr\u00e0ctiques professionals - CEI International Affairs","og_description":"La segona part de la formaci\u00f3 del M\u00e0ster Universitari en Diplom\u00e0cia i Organitzacions Internacionals est\u00e0 centrada en la realitzaci\u00f3 d&#8217;una estada de pr\u00e0ctiques obligat\u00f2ria per a tots els alumnes del M\u00e0ster, d&#8217;una durada entre 3 i 6 mesos, en una instituci\u00f3 o organitzaci\u00f3 internacional que desenvolupi tasques relacionades amb el contingut formatiu del m\u00e0ster. Aquestes [&hellip;]","og_url":"https:\/\/www.ceibcn.com\/en\/2013\/07\/prova-18\/","og_site_name":"CEI International Affairs","article_publisher":"https:\/\/www.facebook.com\/CEI.CentroDeEstudiosInternacionales\/","article_published_time":"2013-07-01T10:24:57+00:00","og_image":[{"width":500,"height":500,"url":"https:\/\/www.ceibcn.com\/wp-content\/uploads\/2023\/01\/Logo-CEI.png","type":"image\/png"}],"author":"Cristian Romero Velasco","twitter_card":"summary_large_image","twitter_creator":"@CEIbcn","twitter_site":"@CEIbcn","twitter_misc":{"Written by":"Cristian Romero Velasco","Est. reading time":"3 minutes"},"schema":{"@context":"https:\/\/schema.org","@graph":[{"@type":"Article","@id":"https:\/\/www.ceibcn.com\/en\/2013\/07\/prova-18\/#article","isPartOf":{"@id":"https:\/\/www.ceibcn.com\/en\/2013\/07\/prova-18\/"},"author":{"name":"Cristian Romero Velasco","@id":"https:\/\/www.ceibcn.com\/en\/#\/schema\/person\/4ef9992ee2fbd3987a5e1834e5d5808d"},"headline":"Pr\u00e0ctiques professionals","datePublished":"2013-07-01T10:24:57+00:00","mainEntityOfPage":{"@id":"https:\/\/www.ceibcn.com\/en\/2013\/07\/prova-18\/"},"wordCount":616,"commentCount":0,"publisher":{"@id":"https:\/\/www.ceibcn.com\/en\/#organization"},"articleSection":["Sin categor\u00eda"],"inLanguage":"en-US","potentialAction":[{"@type":"CommentAction","name":"Comment","target":["https:\/\/www.ceibcn.com\/en\/2013\/07\/prova-18\/#respond"]}]},{"@type":"WebPage","@id":"https:\/\/www.ceibcn.com\/en\/2013\/07\/prova-18\/","url":"https:\/\/www.ceibcn.com\/en\/2013\/07\/prova-18\/","name":"Pr\u00e0ctiques professionals - CEI International Affairs","isPartOf":{"@id":"https:\/\/www.ceibcn.com\/en\/#website"},"datePublished":"2013-07-01T10:24:57+00:00","breadcrumb":{"@id":"https:\/\/www.ceibcn.com\/en\/2013\/07\/prova-18\/#breadcrumb"},"inLanguage":"en-US","potentialAction":[{"@type":"ReadAction","target":["https:\/\/www.ceibcn.com\/en\/2013\/07\/prova-18\/"]}]},{"@type":"BreadcrumbList","@id":"https:\/\/www.ceibcn.com\/en\/2013\/07\/prova-18\/#breadcrumb","itemListElement":[{"@type":"ListItem","position":1,"name":"Portada","item":"https:\/\/www.ceibcn.com\/en\/"},{"@type":"ListItem","position":2,"name":"Pr\u00e0ctiques professionals"}]},{"@type":"WebSite","@id":"https:\/\/www.ceibcn.com\/en\/#website","url":"https:\/\/www.ceibcn.com\/en\/","name":"CEI International Affairs","description":"CEI International Affairs","publisher":{"@id":"https:\/\/www.ceibcn.com\/en\/#organization"},"alternateName":"CEI International Affairs","potentialAction":[{"@type":"SearchAction","target":{"@type":"EntryPoint","urlTemplate":"https:\/\/www.ceibcn.com\/en\/?s={search_term_string}"},"query-input":{"@type":"PropertyValueSpecification","valueRequired":true,"valueName":"search_term_string"}}],"inLanguage":"en-US"},{"@type":"Organization","@id":"https:\/\/www.ceibcn.com\/en\/#organization","name":"CEI International Affairs","url":"https:\/\/www.ceibcn.com\/en\/","logo":{"@type":"ImageObject","inLanguage":"en-US","@id":"https:\/\/www.ceibcn.com\/en\/#\/schema\/logo\/image\/","url":"https:\/\/www.ceibcn.com\/wp-content\/uploads\/2021\/09\/CeiLogo_EscuelaDiploVectorized_vectorizedSIN_FONDO.png","contentUrl":"https:\/\/www.ceibcn.com\/wp-content\/uploads\/2021\/09\/CeiLogo_EscuelaDiploVectorized_vectorizedSIN_FONDO.png","width":1591,"height":629,"caption":"CEI International Affairs"},"image":{"@id":"https:\/\/www.ceibcn.com\/en\/#\/schema\/logo\/image\/"},"sameAs":["https:\/\/www.facebook.com\/CEI.CentroDeEstudiosInternacionales\/","https:\/\/x.com\/CEIbcn","https:\/\/www.instagram.com\/cei_international\/"]},{"@type":"Person","@id":"https:\/\/www.ceibcn.com\/en\/#\/schema\/person\/4ef9992ee2fbd3987a5e1834e5d5808d","name":"Cristian Romero Velasco","image":{"@type":"ImageObject","inLanguage":"en-US","@id":"https:\/\/www.ceibcn.com\/en\/#\/schema\/person\/image\/","url":"https:\/\/secure.gravatar.com\/avatar\/d78c33ad7f1570635ae9c9cb6274fe682bd5872dfde7a5448127d7825dd90943?s=96&d=mm&r=g","contentUrl":"https:\/\/secure.gravatar.com\/avatar\/d78c33ad7f1570635ae9c9cb6274fe682bd5872dfde7a5448127d7825dd90943?s=96&d=mm&r=g","caption":"Cristian Romero Velasco"},"url":"https:\/\/www.ceibcn.com\/en\/author\/cristian\/"}]}},"_links":{"self":[{"href":"https:\/\/www.ceibcn.com\/en\/wp-json\/wp\/v2\/posts\/894","targetHints":{"allow":["GET"]}}],"collection":[{"href":"https:\/\/www.ceibcn.com\/en\/wp-json\/wp\/v2\/posts"}],"about":[{"href":"https:\/\/www.ceibcn.com\/en\/wp-json\/wp\/v2\/types\/post"}],"author":[{"embeddable":true,"href":"https:\/\/www.ceibcn.com\/en\/wp-json\/wp\/v2\/users\/6"}],"replies":[{"embeddable":true,"href":"https:\/\/www.ceibcn.com\/en\/wp-json\/wp\/v2\/comments?post=894"}],"version-history":[{"count":0,"href":"https:\/\/www.ceibcn.com\/en\/wp-json\/wp\/v2\/posts\/894\/revisions"}],"wp:attachment":[{"href":"https:\/\/www.ceibcn.com\/en\/wp-json\/wp\/v2\/media?parent=894"}],"wp:term":[{"taxonomy":"category","embeddable":true,"href":"https:\/\/www.ceibcn.com\/en\/wp-json\/wp\/v2\/categories?post=894"},{"taxonomy":"post_tag","embeddable":true,"href":"https:\/\/www.ceibcn.com\/en\/wp-json\/wp\/v2\/tags?post=894"}],"curies":[{"name":"wp","href":"https:\/\/api.w.org\/{rel}","templated":true}]}}