{"id":933,"date":"2013-07-01T10:24:57","date_gmt":"2013-07-01T10:24:57","guid":{"rendered":"https:\/\/www.ceibcn.com\/2013\/07\/prova-4-4\/"},"modified":"2013-07-01T10:24:57","modified_gmt":"2013-07-01T10:24:57","slug":"prova-4-4","status":"publish","type":"post","link":"https:\/\/www.ceibcn.com\/en\/2013\/07\/prova-4-4\/","title":{"rendered":"XXXVI Curs sobre la Uni\u00f3 Europea"},"content":{"rendered":"<p><span id=\"result_box\" lang=\"ca\"><span class=\"hps\">Es<\/span> <span class=\"hps\">tracta<\/span> <span class=\"hps\">d&#8217;un curs<\/span> <span class=\"hps\">de gran<\/span> <span class=\"hps\">prestigi que<\/span> <span class=\"hps\">permet a l&#8217;estudiant<\/span> <span class=\"hps\">assolir un alt<\/span> <span class=\"hps\">grau<\/span> <span class=\"hps\">d&#8217;especialitzaci\u00f3<\/span> <span class=\"hps\">en assumptes<\/span> <span class=\"hps\">europeus<\/span>. <span class=\"hps\">Els assistents al<\/span> <span class=\"hps\">curs<\/span> <span class=\"hps\">poden optar a<\/span> <span class=\"hps\">un programa<\/span> <span class=\"hps\">de pr\u00e0ctiques no<\/span> <span class=\"hps\">remunerades<\/span> <span class=\"hps\">d&#8217;un mes de<\/span> <span class=\"hps\">durada<\/span> <span class=\"hps\">en entitats<\/span> <span class=\"hps\">p\u00fabliques<\/span> <span class=\"hps\">i<\/span> <span class=\"hps\">privades que<\/span> <span class=\"hps\">treballen<\/span> <span class=\"hps\">en l&#8217;\u00e0mbit<\/span> <span class=\"hps\">europeu<\/span>.<\/span><\/p>\n<p><!--more--><\/p>\n<p><span id=\"result_box\" lang=\"ca\"><span class=\"hps\">Aquest<\/span> <span class=\"hps\">curs<\/span> <span class=\"hps\">t\u00e9<\/span> <span class=\"hps\">una durada de tres<\/span> <span class=\"hps\">mesos<\/span>. <span class=\"hps\">Es desenvolupa<\/span> <span class=\"hps\">entre gener<\/span> <span class=\"hps\">i mar\u00e7<\/span> <span class=\"hps\">de<\/span> <span class=\"hps\">2014<\/span> <span class=\"hps\">i<\/span> <span class=\"hps\">les<\/span> <span class=\"hps\">classes<\/span> <span class=\"hps\">s&#8217;impartiran<\/span> <span class=\"hps\">els dilluns<\/span> <span class=\"hps\">i els<\/span> <span class=\"hps\">dimecres de<\/span> <span class=\"hps\">16.00 a<\/span> <span class=\"hps\">19.00<\/span> <span class=\"hps\">h<\/span>.<\/span><\/p>\n<h2>Objectius<\/h2>\n<p><span id=\"result_box\" lang=\"ca\"><span class=\"hps\">El curs<\/span> <span class=\"hps\">permet<\/span> <span class=\"hps\">l&#8217;assistent<\/span> <span class=\"hps\">adquirir coneixements<\/span> <span class=\"hps\">teoricopr\u00e0ctics<\/span> <span class=\"hps\">sobre les<\/span> <span class=\"hps\">institucions<\/span> <span class=\"hps\">i<\/span> <span class=\"hps\">les<\/span> <span class=\"hps\">principals<\/span> <span class=\"hps\">pol\u00edtiques de la<\/span> <span class=\"hps\">Uni\u00f3<\/span> <span class=\"hps\">Europea<\/span>. <span class=\"hps\">A m\u00e9s<\/span>, el curs <span class=\"hps\">inclou<\/span> <span class=\"hps\">sessions<\/span> <span class=\"hps\">dedicades<\/span>, <span class=\"hps\">respectivament<\/span>, a l&#8217;acc\u00e9s <span class=\"hps\">als fons<\/span> <span class=\"hps\">europeus aix\u00ed<\/span> <span class=\"hps\">com<\/span> <span class=\"hps\">les oportunitats<\/span> <span class=\"hps\">professionals que<\/span> <span class=\"hps\">existeixen dins<\/span> <span class=\"hps\">de les institucions<\/span> <span class=\"hps\">europees<\/span>. <span class=\"hps\">Tamb\u00e9 inclou<\/span> <span class=\"hps\">un viatge<\/span> <span class=\"hps\">de dos dies a<\/span> <span class=\"hps\">Brussel \u00b7 les on<\/span> <span class=\"hps\">l&#8217;assistent<\/span> <span class=\"hps\">al curs<\/span> <span class=\"hps\">seguir\u00e0<\/span> <span class=\"hps\">la seva formaci\u00f3<\/span> <span class=\"hps\">a la seu<\/span> <span class=\"hps\">de la Comissi\u00f3<\/span>, <span class=\"hps\">del Parlament<\/span> <span class=\"hps\">Europeu<\/span>, <span class=\"hps\">a la Delegaci\u00f3<\/span> <span class=\"hps\">de la Generalitat ia<\/span> <span class=\"hps\">la Representaci\u00f3<\/span> <span class=\"hps\">Permanent<\/span> <span class=\"hps\">d&#8217;Espanya en el<\/span> <span class=\"hps\">Consell a la<\/span> <span class=\"hps\">Uni\u00f3<\/span> <span class=\"hps\">Europea<\/span>.<\/span><\/p>\n<h2>Dirigit a<\/h2>\n<p><span id=\"result_box\" lang=\"ca\"><span class=\"hps\">El curs s&#8217;adre\u00e7a<\/span> <span class=\"hps\">tant a<\/span> <span class=\"hps\">professionals<\/span> <span class=\"hps\">i<\/span> <span class=\"hps\">funcionaris<\/span>, <span class=\"hps\">com a estudiants<\/span> <span class=\"hps\">de m\u00e0ster<\/span> <span class=\"hps\">o<\/span> <span class=\"hps\">d&#8217;\u00faltim<\/span> <span class=\"hps\">curs<\/span> <span class=\"hps\">de Grau en<\/span> <span class=\"hps\">Dret<\/span><span>, Ci\u00e8ncies<\/span> <span class=\"hps\">Pol\u00edtiques<\/span>, Gesti\u00f3 <span class=\"hps\">i Administraci\u00f3<\/span> <span class=\"hps\">P\u00fablica<\/span>, Ci\u00e8ncies <span class=\"hps\">Econ\u00f2miques<\/span>, <span class=\"hps\">ADE<\/span>, <span class=\"hps\">Periodisme<\/span> <span class=\"hps\">i Hist\u00f2ria<\/span>.<\/span><\/p>\n<h2>Col\u00b7laboradors<\/h2>\n<p>Secretaria d&#8217;Assumptes Exteriors i de la Uni\u00f3 Europea i el <em>Ministerio de Asuntos Exteriores y de Cooperaci\u00f3n<\/em>.<\/p>\n<p>Direcci\u00f3 del curs: Sen\u00e9n Florensa, Diplom\u00e0tic, President Executiu de l&#8217;Institut Europeu del Mediterr\u00e0ni.<\/p>\n<p>Direccin acad\u00e8mica: Dra. Marta Ortega, professora titular de Dret Internacional P\u00fablic, Universitat de Barcelona.<\/p>\n<p>Coordinaci\u00f3: Laura Mas Maestre, subdirectora del CEI International Affairs.<\/p>\n<h2>Objectiu i contingut<\/h2>\n<p><span id=\"result_box\" lang=\"ca\"><span class=\"hps\">El curs<\/span> <span class=\"hps\">permet<\/span> <span class=\"hps\">l&#8217;assistent<\/span> <span class=\"hps\">adquirir coneixements<\/span> <span class=\"hps\">teoricopr\u00e0ctics<\/span> <span class=\"hps\">sobre les<\/span> <span class=\"hps\">institucions<\/span> <span class=\"hps\">i<\/span> <span class=\"hps\">les<\/span> <span class=\"hps\">principals<\/span> <span class=\"hps\">pol\u00edtiques de la<\/span> <span class=\"hps\">Uni\u00f3<\/span> <span class=\"hps\">Europea<\/span>. <span class=\"hps\">A m\u00e9s<\/span>, el curs <span class=\"hps\">inclou<\/span> <span class=\"hps\">sessions<\/span> <span class=\"hps\">dedicades<\/span>, <span class=\"hps\">respectivament<\/span>, a l&#8217;acc\u00e9s <span class=\"hps\">als fons<\/span> <span class=\"hps\">europeus aix\u00ed<\/span> <span class=\"hps\">com<\/span> <span class=\"hps\">a les oportunitats<\/span> <span class=\"hps\">professionals<\/span> <span class=\"hps\">que existeixen<\/span> <span class=\"hps\">en el si<\/span> <span class=\"hps\">de les<\/span> <span class=\"hps\">institucions<\/span> <span class=\"hps\">europees<\/span>. <span class=\"hps\">Tamb\u00e9 inclou<\/span> <span class=\"hps\">un viatge<\/span> <span class=\"hps\">de dos dies a<\/span> <span class=\"hps\">Brussel \u00b7 les durant<\/span> <span class=\"hps\">el qual<\/span> <span class=\"hps\">l&#8217;assistent<\/span> <span class=\"hps\">al curs<\/span> <span class=\"hps\">seguir\u00e0<\/span> <span class=\"hps\">la seva formaci\u00f3<\/span> <span class=\"hps\">a la seu<\/span> <span class=\"hps\">de diverses<\/span> <span class=\"hps\">institucions<\/span> <span class=\"hps\">europees<\/span>.<\/span><\/p>\n<h2>Metodologia<\/h2>\n<p><span id=\"result_box\" lang=\"ca\"><span class=\"hps\">Les<\/span> <span class=\"hps\">classes<\/span> <span class=\"hps\">estaran<\/span> <span class=\"hps\">impartides<\/span> <span class=\"hps\">per<\/span> <span class=\"hps\">experts en la<\/span> <span class=\"hps\">Uni\u00f3<\/span> <span class=\"hps\">Europea<\/span>, <span class=\"hps\">en concret<\/span>, <span class=\"hps\">per alts<\/span> <span class=\"hps\">funcionaris<\/span>, <span class=\"hps\">diplom\u00e0tics<\/span>, <span class=\"hps\">advocats<\/span> <span class=\"hps\">i<\/span> <span class=\"hps\">professors<\/span> <span class=\"hps\">universitaris que<\/span> <span class=\"hps\">aportaran una<\/span> <span class=\"hps\">visi\u00f3<\/span> <span class=\"hps\">te\u00f2rica<\/span> <span class=\"hps\">i<\/span> <span class=\"hps\">pr\u00e0ctica<\/span> <span class=\"hps\">de la Uni\u00f3<\/span> <span class=\"hps\">Europea<\/span>. <span class=\"hps\">Les<\/span> <span class=\"hps\">classes<\/span> <span class=\"hps\">tindran lloc<\/span> <span class=\"hps\">els dilluns<\/span> <span class=\"hps\">i<\/span> <span class=\"hps\">dimecres entre<\/span> <span class=\"hps\">els<\/span> <span class=\"hps\">mesos<\/span> <span class=\"hps\">de gener i<\/span> <span class=\"hps\">mar\u00e7 de<\/span> <span class=\"hps\">2014<\/span>, <span class=\"hps\">de 16.00<\/span> <span class=\"hps\">h<\/span>. <span class=\"hps\">a 19.00<\/span> <span class=\"hps\">h<\/span>. <span class=\"hps\">Els<\/span> <span class=\"hps\">assistents al<\/span> <span class=\"hps\">curs<\/span> <span class=\"hps\">obtindran un<\/span> <span class=\"hps\">diploma<\/span> <span class=\"hps\">atorgat pels<\/span> <span class=\"hps\">organitzadors que<\/span> <span class=\"hps\">es lliurar\u00e0<\/span> <span class=\"hps\">en l&#8217;acte de<\/span> <span class=\"hps\">cloenda<\/span><span>.<\/span><\/span><\/p>\n<h3>Visita a les instituciones comunit\u00e0ries<\/h3>\n<p><span id=\"result_box\" lang=\"ca\"><span class=\"hps\">Les<\/span> <span class=\"hps\">institucions<\/span> <span class=\"hps\">organitzadores<\/span>, <span class=\"hps\">amb<\/span> <span class=\"hps\">el suport de la<\/span> <span class=\"hps\">Delegaci\u00f3 de la Generalitat<\/span> <span class=\"hps\">de Catalunya davant la<\/span> <span class=\"hps\">Uni\u00f3<\/span> <span class=\"hps\">Europea<\/span>, <span class=\"hps\">han preparat un<\/span> <span class=\"hps\">despla\u00e7ament<\/span> <span class=\"hps\">obligatori<\/span> <span class=\"hps\">a<\/span> <span class=\"hps\">les<\/span> <span class=\"hps\">seus de les<\/span> <span class=\"hps\">institucions<\/span> <span class=\"hps\">comunit\u00e0ries<\/span> <span class=\"hps\">a Brussel \u00b7 les<\/span>, <span class=\"hps\">els<\/span> <span class=\"hps\">dies<\/span> <span class=\"hps\">27<\/span> <span class=\"hps\">i 28<\/span> <span class=\"hps\">de gener.<\/span> <span class=\"hps\">L&#8217;objectiu del<\/span> <span class=\"hps\">viatge \u00e9s<\/span> <span class=\"hps\">con\u00e8ixer el seu funcionament<\/span> <span class=\"hps\">de primera m\u00e0<\/span>.<\/span><\/p>\n<h3>Cr\u00e8dits de lliure elecci\u00f3<\/h3>\n<p>Universitat de Barcelona: 87 hores de grau. (recon\u00e8ixement sol\u00b7licitat)<\/p>\n<h2>Professorat<\/h2>\n<p><span id=\"result_box\" lang=\"ca\"><span class=\"hps\">Una<\/span> <span class=\"hps\">trentena<\/span> <span class=\"hps\">d&#8217;especialistes en<\/span> <span class=\"hps\">temes<\/span> <span class=\"hps\">Comunitaris<\/span>, <span class=\"hps\">provinents de les<\/span> <span class=\"hps\">institucions de la<\/span> <span class=\"hps\">Uni\u00f3<\/span> <span class=\"hps\">Europea<\/span>, <span class=\"hps\">la Secretaria d&#8217;Estat<\/span> <span class=\"hps\">per a la Uni\u00f3<\/span> <span class=\"hps\">Europea del Ministeri<\/span> <span class=\"hps\">d&#8217;Afers<\/span> <span class=\"hps\">Exteriors<\/span> <span class=\"hps\">i<\/span> <span class=\"hps\">de Cooperaci\u00f3<\/span>, <span class=\"hps\">de la Generalitat<\/span> <span class=\"hps\">de Catalunya<\/span>, <span class=\"hps\">i<\/span> <span class=\"hps\">tamb\u00e9 del<\/span> <span class=\"hps\">m\u00f3n<\/span> <span class=\"hps\">professional<\/span> <span class=\"hps\">i<\/span> <span class=\"hps\">universitari<\/span>.<\/span><\/p>\n<p><span class=\"hps\">Professors que<\/span> <span class=\"hps\">intervindran en el<\/span> <span class=\"hps\">curs<\/span> <span class=\"hps atn\">(<\/span>Quadre <span class=\"hps\">docent<\/span> <span class=\"hps\">encara per<\/span> <span class=\"hps\">tancar)<\/span>.<\/p>\n<p>&nbsp;<\/p>\n<p>Sen\u00e9n Florensa, Diplom\u00e0tic, President Executiu de l&#8217;Institut Europeo del Mediterr\u00e0ni.<\/p>\n<p>Cristina Gallach, cap de la unitat de Premsa i Comunicaci\u00f3, Secretaria General del Consell de la UE.<\/p>\n<p>Ricardo Gosalbo Bono, Director, Servei Juridic del Consell de la Uni\u00f3 Europea.<\/p>\n<p>Enrique Gonz\u00e1lez S\u00e1nchez, Ambaixador en Misi\u00f3 Especial per a Relacions amb les Institucions de la UE.<\/p>\n<p>Ricardo S\u00e1nchez- Blanco Codorn\u00edu, Vocal Assesor del Ambaixador en Misi\u00f3 Especial per a Relacione amb les Instituciones de la UE. (Diplom\u00e0tico)<\/p>\n<p>Nicol\u00e1s Pascual de la Parte, Ambaixador Representant d&#8217;Espanya en el COPS.<\/p>\n<p>Carles Esteva, Director de Politica i Estrat\u00e8gia. DG Compet\u00e8ncia, Comissi\u00f3 Europea.<\/p>\n<p>Carles Gas\u00f2liba, President del CIDOB.<\/p>\n<p>Joan L\u00faria, Subdirector General de Programaci\u00f3 Econ\u00f2mica, Generalitat de Catalu\u00f1a.<\/p>\n<p>Noem\u00ed Moya, responsable del servei de recolzament al 7\u00ba Programa Marc de R+D de ACC1\u00d3.<\/p>\n<p>Tatiana Fern\u00e1ndez, Coordinadora de la ECAT 2020. Departament d&#8217;Economia i Coneixement, Generalitat de Catalu\u00f1a.<\/p>\n<p>Juan Antonio P\u00e9rez Rivar\u00e9s, Advocat-soci, Ur\u00eda Men\u00e9ndez.<\/p>\n<p>Joan Guasch, Responsable de la Direcci\u00f3 de Gesti\u00f3 de Projectes de ASCAM.<\/p>\n<p>Nat\u00e0lia Ortega, Secretaria General, CEAM.<\/p>\n<p>Narc\u00eds Mir, Secretaria d&#8217;Assumptes Exteriors, Generalitat de Catalu\u00f1a.<\/p>\n<p>Cristina Gonz\u00e1lez Beilfuss, Catedr\u00e0tica de Dret Internacional Privat, UB i Cap de l&#8217;\u00c0rea de Relacions Externes i Institucionals de l&#8217;Escola Judicial.<\/p>\n<p>Fernando Guirao, Titular de la C\u00e0tedra Jean Monnet d&#8217;Historia de l&#8217;Integraci\u00f3 Europea, Universitat Pompeu Fabra.<\/p>\n<p>Andreu Olesti Rayo, Catedr\u00e0tico de Dret Internacional P\u00fablic, Universitat de Barcelona.<\/p>\n<p>Marta Ortega G\u00f3mez, Professora Titular de Dret Internacional P\u00fablic, Universitat de Barcelona.<\/p>\n<p>Montserrat Pi, Professora titular. \u00c0rea de Dret Internacional P\u00fablic i Relacions Internacionals, Universitat Aut\u00f2noma de Barcelona.<\/p>\n<p>Laura Huici, Professora Titular de Dret Internacional P\u00fablic, Universitat de Barcelona.<\/p>\n<p>Mar Campins, Professora Titular de Dret Comunitari Europeu, Universitat de Barcelona.<\/p>\n<p>Xavier Fern\u00e1ndez Pons, Professor Titular de Dret Internacional P\u00fablic, Universitat de Barcelona.<\/p>\n<p>Patricia Garcia-Dur\u00e1n, Professora Ajudant d&#8217;Organizaci\u00f3 Econ\u00f2mica Internacional, Universitat de Barcelona.<\/p>\n<h3>Beques<\/h3>\n<p>El CEI International Affairs ofereix 8 mitges beques entre les persones que es matriculin abans del 13 de desembre de 2013.<\/p>\n<h3>Pr\u00e0ctiques a Brussel\u00b7las<\/h3>\n<p><span id=\"result_box\" lang=\"ca\"><span class=\"hps\">El curs ofereix<\/span> <span class=\"hps\">un nombre redu\u00eft<\/span> <span class=\"hps\">d&#8217;estades de<\/span> <span class=\"hps\">pr\u00e0ctiques<\/span> <span class=\"hps\">a Brussel\u00b7les<\/span> <span class=\"hps\">i a Barcelona<\/span> <span class=\"hps\">per als estudiants<\/span> <span class=\"hps atn\">(<\/span><span>Delegaci\u00f3 de la Generalitat<\/span> <span class=\"hps\">de Catalunya<\/span> <span class=\"hps\">davant la UE<\/span>, Institut <span class=\"hps\">Europeu de la Mediterr\u00e0nia<\/span>, <span class=\"hps\">ASCAMM<\/span>, <span class=\"hps\">CEAM<\/span><span>, Institut<\/span> <span class=\"hps\">de Dret<\/span> <span class=\"hps\">Humans<\/span> <span class=\"hps\">de Catalunya<\/span>, <span class=\"hps\">i<\/span> <span class=\"hps\">un prestigi\u00f3s<\/span> <span class=\"hps atn\">despatx d&#8217;<\/span><span class=\"hps\">advocats de<\/span> <span class=\"hps\">Barcelona<\/span>). S<span class=\"hps\">&#8216;informar\u00e0<\/span> <span class=\"hps\">oportunament<\/span>.<\/span><\/p>\n<h3>Diploma<\/h3>\n<p><span id=\"result_box\" lang=\"ca\"><span class=\"hps\">Al final del curs<\/span> <span class=\"hps\">es lliurar\u00e0 un<\/span> <span class=\"hps\">diploma oficial<\/span> <span class=\"hps\">atorgat<\/span> <span class=\"hps\">per la Secretaria<\/span> <span class=\"hps\">d&#8217;Afers<\/span> <span class=\"hps\">Exteriors<\/span> <span class=\"hps\">i<\/span> <span class=\"hps\">de la Uni\u00f3<\/span> <span class=\"hps\">Europea de la<\/span> <span class=\"hps\">Generalitat<\/span> <span class=\"hps\">de Catalunya<\/span>, <span class=\"hps\">la Fundaci\u00f3 Centre<\/span> <span class=\"hps\">d&#8217;Estudis<\/span> <span class=\"hps\">Internacionals<\/span> <span class=\"hps\">i el Ministeri<\/span> <span class=\"hps\">d&#8217;Afers<\/span> <span class=\"hps\">Exteriors<\/span> <span class=\"hps\">i<\/span> <span class=\"hps\">de Cooperaci\u00f3<\/span> <span class=\"hps\">a l&#8217;alumnat que<\/span> <span class=\"hps\">acrediti un<\/span> <span class=\"hps\">m\u00ednim del<\/span> <span class=\"hps\">80<\/span><span class=\"hps\">%<\/span> <span class=\"hps\">d&#8217;assist\u00e8ncia a<\/span> <span class=\"hps\">les<\/span> <span class=\"hps\">sessions<\/span>.<\/span><\/p>\n<h3>Durada, dies i horari<\/h3>\n<p>Del 13 de gener al 30 de mar\u00e7 de 2014.<\/p>\n<p>Dilluns i dimecres, de 16:00 a 19:00 h.<\/p>\n<p>Lloc de classes i inscripcions<\/p>\n<p>CEI International Affairs<\/p>\n<p>Avda. Vallvidrera, 25<\/p>\n<p>08017- Barcelona<\/p>\n<p>Tel: 932 05 45 16<\/p>\n<p>www.ceibcn.com<\/p>\n<p>info@ceibcn.com<\/p>\n<p><strong>Per\u00edode d&#8217;inscripci\u00f3:<\/strong><\/p>\n<p>Del 15 de juliol al 20 de desembre de 2013 (agost tancat per vacances).<\/p>\n<p>Pla\u00e7es limitades.<\/p>\n<p>Horari d&#8217;inscripci\u00f3: De 9:30h. a 13:30h. \/ 15:30h. a 17:30h.<\/p>\n<h3>Matricula<\/h3>\n<p>875\u20ac * * Aquest import inclou el bitllet d&#8217;avi\u00f3 a Brussel\u00b7les, per\u00f2 no l&#8217;allotjament.<\/p>\n<p>Procediment de matricula<\/p>\n<ul>\n<li>Omplir degudament la fulla d&#8217;inscripci\u00f3 adjunta.<\/li>\n<li>Ingr\u00e9s o transfer\u00e8ncia de l&#8217;import de la matricula al compte corrent de: \u201cla Caixa\u201d 2100 0832 64 0200588777 (Ordenant de l&#8217;ingr\u00e9s: cognoms de l&#8217;alumne-UE. Exemple: Garc\u00eda Ortega &#8211; UE)<\/li>\n<li>Enviar al CEI International Affairs la&nbsp;fulla d&#8217;inscripci\u00f3 i el justificant de pagament (<a href=\"mailto:info@ceibcn.com\">info@ceibcn.com<\/a>). Un cop rebuts els documents, el\/la alumne\/a rebr\u00e0 un correu electr\u00f2nic de confirmaci\u00f3 de pla\u00e7a.<\/li>\n<\/ul>\n<p><span id=\"result_box\" lang=\"ca\"><span class=\"hps\">Tota<\/span> <span class=\"hps\">inscripci\u00f3 no<\/span> <span class=\"hps\">anul\u00b7lada<\/span> <span class=\"hps\">abans de tres<\/span> <span class=\"hps\">dies de l&#8217;inici<\/span> <span class=\"hps\">del curs<\/span> <span class=\"hps\">comportar\u00e0 el<\/span> <span class=\"hps\">pagament<\/span> <span class=\"hps\">de la quota<\/span>. <span class=\"hps\">El CEI<\/span> <span class=\"hps\">International<\/span> <span class=\"hps\">Affairs<\/span> <span class=\"hps\">es reserva el<\/span> <span class=\"hps\">dret<\/span> <span class=\"hps\">d&#8217;anul\u00b7lar<\/span> <span class=\"hps\">el curs si<\/span> <span class=\"hps\">no s&#8217;arriba al<\/span> <span class=\"hps\">nombre<\/span> <span class=\"hps\">m\u00ednim d&#8217;alumnes<\/span> <span class=\"hps\">previst<\/span>.<\/span><\/p>\n","protected":false},"excerpt":{"rendered":"<p>Es tracta d&#8217;un curs de gran prestigi que permet a l&#8217;estudiant assolir un alt grau d&#8217;especialitzaci\u00f3 en assumptes europeus. Els assistents al curs poden optar a un programa de pr\u00e0ctiques no remunerades d&#8217;un mes de durada en entitats p\u00fabliques i privades que treballen en l&#8217;\u00e0mbit europeu.<\/p>\n","protected":false},"author":6,"featured_media":0,"comment_status":"open","ping_status":"closed","sticky":false,"template":"","format":"standard","meta":{"_acf_changed":false,"_crdt_document":"","inline_featured_image":false,"footnotes":""},"categories":[1],"tags":[],"class_list":["post-933","post","type-post","status-publish","format-standard","hentry","category-sin-categoria"],"acf":[],"yoast_head":"<!-- This site is optimized with the Yoast SEO plugin v27.0 - https:\/\/yoast.com\/product\/yoast-seo-wordpress\/ -->\n<title>XXXVI Curs sobre la Uni\u00f3 Europea - CEI International Affairs<\/title>\n<meta name=\"robots\" content=\"index, follow, max-snippet:-1, max-image-preview:large, max-video-preview:-1\" \/>\n<link rel=\"canonical\" href=\"https:\/\/www.ceibcn.com\/en\/2013\/07\/prova-4-4\/\" \/>\n<meta property=\"og:locale\" content=\"en_US\" \/>\n<meta property=\"og:type\" content=\"article\" \/>\n<meta property=\"og:title\" content=\"XXXVI Curs sobre la Uni\u00f3 Europea - CEI International Affairs\" \/>\n<meta property=\"og:description\" content=\"Es tracta d&#8217;un curs de gran prestigi que permet a l&#8217;estudiant assolir un alt grau d&#8217;especialitzaci\u00f3 en assumptes europeus. Els assistents al curs poden optar a un programa de pr\u00e0ctiques no remunerades d&#8217;un mes de durada en entitats p\u00fabliques i privades que treballen en l&#8217;\u00e0mbit europeu.\" \/>\n<meta property=\"og:url\" content=\"https:\/\/www.ceibcn.com\/en\/2013\/07\/prova-4-4\/\" \/>\n<meta property=\"og:site_name\" content=\"CEI International Affairs\" \/>\n<meta property=\"article:publisher\" content=\"https:\/\/www.facebook.com\/CEI.CentroDeEstudiosInternacionales\/\" \/>\n<meta property=\"article:published_time\" content=\"2013-07-01T10:24:57+00:00\" \/>\n<meta property=\"og:image\" content=\"https:\/\/www.ceibcn.com\/wp-content\/uploads\/2023\/01\/Logo-CEI.png\" \/>\n\t<meta property=\"og:image:width\" content=\"500\" \/>\n\t<meta property=\"og:image:height\" content=\"500\" \/>\n\t<meta property=\"og:image:type\" content=\"image\/png\" \/>\n<meta name=\"author\" content=\"Cristian Romero Velasco\" \/>\n<meta name=\"twitter:card\" content=\"summary_large_image\" \/>\n<meta name=\"twitter:creator\" content=\"@CEIbcn\" \/>\n<meta name=\"twitter:site\" content=\"@CEIbcn\" \/>\n<meta name=\"twitter:label1\" content=\"Written by\" \/>\n\t<meta name=\"twitter:data1\" content=\"Cristian Romero Velasco\" \/>\n\t<meta name=\"twitter:label2\" content=\"Est. reading time\" \/>\n\t<meta name=\"twitter:data2\" content=\"6 minutes\" \/>\n<script type=\"application\/ld+json\" class=\"yoast-schema-graph\">{\"@context\":\"https:\/\/schema.org\",\"@graph\":[{\"@type\":\"Article\",\"@id\":\"https:\/\/www.ceibcn.com\/en\/2013\/07\/prova-4-4\/#article\",\"isPartOf\":{\"@id\":\"https:\/\/www.ceibcn.com\/en\/2013\/07\/prova-4-4\/\"},\"author\":{\"name\":\"Cristian Romero Velasco\",\"@id\":\"https:\/\/www.ceibcn.com\/en\/#\/schema\/person\/4ef9992ee2fbd3987a5e1834e5d5808d\"},\"headline\":\"XXXVI Curs sobre la Uni\u00f3 Europea\",\"datePublished\":\"2013-07-01T10:24:57+00:00\",\"mainEntityOfPage\":{\"@id\":\"https:\/\/www.ceibcn.com\/en\/2013\/07\/prova-4-4\/\"},\"wordCount\":1257,\"commentCount\":0,\"publisher\":{\"@id\":\"https:\/\/www.ceibcn.com\/en\/#organization\"},\"articleSection\":[\"Sin categor\u00eda\"],\"inLanguage\":\"en-US\",\"potentialAction\":[{\"@type\":\"CommentAction\",\"name\":\"Comment\",\"target\":[\"https:\/\/www.ceibcn.com\/en\/2013\/07\/prova-4-4\/#respond\"]}]},{\"@type\":\"WebPage\",\"@id\":\"https:\/\/www.ceibcn.com\/en\/2013\/07\/prova-4-4\/\",\"url\":\"https:\/\/www.ceibcn.com\/en\/2013\/07\/prova-4-4\/\",\"name\":\"XXXVI Curs sobre la Uni\u00f3 Europea - CEI International Affairs\",\"isPartOf\":{\"@id\":\"https:\/\/www.ceibcn.com\/en\/#website\"},\"datePublished\":\"2013-07-01T10:24:57+00:00\",\"breadcrumb\":{\"@id\":\"https:\/\/www.ceibcn.com\/en\/2013\/07\/prova-4-4\/#breadcrumb\"},\"inLanguage\":\"en-US\",\"potentialAction\":[{\"@type\":\"ReadAction\",\"target\":[\"https:\/\/www.ceibcn.com\/en\/2013\/07\/prova-4-4\/\"]}]},{\"@type\":\"BreadcrumbList\",\"@id\":\"https:\/\/www.ceibcn.com\/en\/2013\/07\/prova-4-4\/#breadcrumb\",\"itemListElement\":[{\"@type\":\"ListItem\",\"position\":1,\"name\":\"Portada\",\"item\":\"https:\/\/www.ceibcn.com\/en\/\"},{\"@type\":\"ListItem\",\"position\":2,\"name\":\"XXXVI Curs sobre la Uni\u00f3 Europea\"}]},{\"@type\":\"WebSite\",\"@id\":\"https:\/\/www.ceibcn.com\/en\/#website\",\"url\":\"https:\/\/www.ceibcn.com\/en\/\",\"name\":\"CEI International Affairs\",\"description\":\"CEI International Affairs\",\"publisher\":{\"@id\":\"https:\/\/www.ceibcn.com\/en\/#organization\"},\"alternateName\":\"CEI International Affairs\",\"potentialAction\":[{\"@type\":\"SearchAction\",\"target\":{\"@type\":\"EntryPoint\",\"urlTemplate\":\"https:\/\/www.ceibcn.com\/en\/?s={search_term_string}\"},\"query-input\":{\"@type\":\"PropertyValueSpecification\",\"valueRequired\":true,\"valueName\":\"search_term_string\"}}],\"inLanguage\":\"en-US\"},{\"@type\":\"Organization\",\"@id\":\"https:\/\/www.ceibcn.com\/en\/#organization\",\"name\":\"CEI International Affairs\",\"url\":\"https:\/\/www.ceibcn.com\/en\/\",\"logo\":{\"@type\":\"ImageObject\",\"inLanguage\":\"en-US\",\"@id\":\"https:\/\/www.ceibcn.com\/en\/#\/schema\/logo\/image\/\",\"url\":\"https:\/\/www.ceibcn.com\/wp-content\/uploads\/2021\/09\/CeiLogo_EscuelaDiploVectorized_vectorizedSIN_FONDO.png\",\"contentUrl\":\"https:\/\/www.ceibcn.com\/wp-content\/uploads\/2021\/09\/CeiLogo_EscuelaDiploVectorized_vectorizedSIN_FONDO.png\",\"width\":1591,\"height\":629,\"caption\":\"CEI International Affairs\"},\"image\":{\"@id\":\"https:\/\/www.ceibcn.com\/en\/#\/schema\/logo\/image\/\"},\"sameAs\":[\"https:\/\/www.facebook.com\/CEI.CentroDeEstudiosInternacionales\/\",\"https:\/\/x.com\/CEIbcn\",\"https:\/\/www.instagram.com\/cei_international\/\"]},{\"@type\":\"Person\",\"@id\":\"https:\/\/www.ceibcn.com\/en\/#\/schema\/person\/4ef9992ee2fbd3987a5e1834e5d5808d\",\"name\":\"Cristian Romero Velasco\",\"image\":{\"@type\":\"ImageObject\",\"inLanguage\":\"en-US\",\"@id\":\"https:\/\/www.ceibcn.com\/en\/#\/schema\/person\/image\/\",\"url\":\"https:\/\/secure.gravatar.com\/avatar\/d78c33ad7f1570635ae9c9cb6274fe682bd5872dfde7a5448127d7825dd90943?s=96&d=mm&r=g\",\"contentUrl\":\"https:\/\/secure.gravatar.com\/avatar\/d78c33ad7f1570635ae9c9cb6274fe682bd5872dfde7a5448127d7825dd90943?s=96&d=mm&r=g\",\"caption\":\"Cristian Romero Velasco\"},\"url\":\"https:\/\/www.ceibcn.com\/en\/author\/cristian\/\"}]}<\/script>\n<!-- \/ Yoast SEO plugin. -->","yoast_head_json":{"title":"XXXVI Curs sobre la Uni\u00f3 Europea - CEI International Affairs","robots":{"index":"index","follow":"follow","max-snippet":"max-snippet:-1","max-image-preview":"max-image-preview:large","max-video-preview":"max-video-preview:-1"},"canonical":"https:\/\/www.ceibcn.com\/en\/2013\/07\/prova-4-4\/","og_locale":"en_US","og_type":"article","og_title":"XXXVI Curs sobre la Uni\u00f3 Europea - CEI International Affairs","og_description":"Es tracta d&#8217;un curs de gran prestigi que permet a l&#8217;estudiant assolir un alt grau d&#8217;especialitzaci\u00f3 en assumptes europeus. Els assistents al curs poden optar a un programa de pr\u00e0ctiques no remunerades d&#8217;un mes de durada en entitats p\u00fabliques i privades que treballen en l&#8217;\u00e0mbit europeu.","og_url":"https:\/\/www.ceibcn.com\/en\/2013\/07\/prova-4-4\/","og_site_name":"CEI International Affairs","article_publisher":"https:\/\/www.facebook.com\/CEI.CentroDeEstudiosInternacionales\/","article_published_time":"2013-07-01T10:24:57+00:00","og_image":[{"width":500,"height":500,"url":"https:\/\/www.ceibcn.com\/wp-content\/uploads\/2023\/01\/Logo-CEI.png","type":"image\/png"}],"author":"Cristian Romero Velasco","twitter_card":"summary_large_image","twitter_creator":"@CEIbcn","twitter_site":"@CEIbcn","twitter_misc":{"Written by":"Cristian Romero Velasco","Est. reading time":"6 minutes"},"schema":{"@context":"https:\/\/schema.org","@graph":[{"@type":"Article","@id":"https:\/\/www.ceibcn.com\/en\/2013\/07\/prova-4-4\/#article","isPartOf":{"@id":"https:\/\/www.ceibcn.com\/en\/2013\/07\/prova-4-4\/"},"author":{"name":"Cristian Romero Velasco","@id":"https:\/\/www.ceibcn.com\/en\/#\/schema\/person\/4ef9992ee2fbd3987a5e1834e5d5808d"},"headline":"XXXVI Curs sobre la Uni\u00f3 Europea","datePublished":"2013-07-01T10:24:57+00:00","mainEntityOfPage":{"@id":"https:\/\/www.ceibcn.com\/en\/2013\/07\/prova-4-4\/"},"wordCount":1257,"commentCount":0,"publisher":{"@id":"https:\/\/www.ceibcn.com\/en\/#organization"},"articleSection":["Sin categor\u00eda"],"inLanguage":"en-US","potentialAction":[{"@type":"CommentAction","name":"Comment","target":["https:\/\/www.ceibcn.com\/en\/2013\/07\/prova-4-4\/#respond"]}]},{"@type":"WebPage","@id":"https:\/\/www.ceibcn.com\/en\/2013\/07\/prova-4-4\/","url":"https:\/\/www.ceibcn.com\/en\/2013\/07\/prova-4-4\/","name":"XXXVI Curs sobre la Uni\u00f3 Europea - CEI International Affairs","isPartOf":{"@id":"https:\/\/www.ceibcn.com\/en\/#website"},"datePublished":"2013-07-01T10:24:57+00:00","breadcrumb":{"@id":"https:\/\/www.ceibcn.com\/en\/2013\/07\/prova-4-4\/#breadcrumb"},"inLanguage":"en-US","potentialAction":[{"@type":"ReadAction","target":["https:\/\/www.ceibcn.com\/en\/2013\/07\/prova-4-4\/"]}]},{"@type":"BreadcrumbList","@id":"https:\/\/www.ceibcn.com\/en\/2013\/07\/prova-4-4\/#breadcrumb","itemListElement":[{"@type":"ListItem","position":1,"name":"Portada","item":"https:\/\/www.ceibcn.com\/en\/"},{"@type":"ListItem","position":2,"name":"XXXVI Curs sobre la Uni\u00f3 Europea"}]},{"@type":"WebSite","@id":"https:\/\/www.ceibcn.com\/en\/#website","url":"https:\/\/www.ceibcn.com\/en\/","name":"CEI International Affairs","description":"CEI International Affairs","publisher":{"@id":"https:\/\/www.ceibcn.com\/en\/#organization"},"alternateName":"CEI International Affairs","potentialAction":[{"@type":"SearchAction","target":{"@type":"EntryPoint","urlTemplate":"https:\/\/www.ceibcn.com\/en\/?s={search_term_string}"},"query-input":{"@type":"PropertyValueSpecification","valueRequired":true,"valueName":"search_term_string"}}],"inLanguage":"en-US"},{"@type":"Organization","@id":"https:\/\/www.ceibcn.com\/en\/#organization","name":"CEI International Affairs","url":"https:\/\/www.ceibcn.com\/en\/","logo":{"@type":"ImageObject","inLanguage":"en-US","@id":"https:\/\/www.ceibcn.com\/en\/#\/schema\/logo\/image\/","url":"https:\/\/www.ceibcn.com\/wp-content\/uploads\/2021\/09\/CeiLogo_EscuelaDiploVectorized_vectorizedSIN_FONDO.png","contentUrl":"https:\/\/www.ceibcn.com\/wp-content\/uploads\/2021\/09\/CeiLogo_EscuelaDiploVectorized_vectorizedSIN_FONDO.png","width":1591,"height":629,"caption":"CEI International Affairs"},"image":{"@id":"https:\/\/www.ceibcn.com\/en\/#\/schema\/logo\/image\/"},"sameAs":["https:\/\/www.facebook.com\/CEI.CentroDeEstudiosInternacionales\/","https:\/\/x.com\/CEIbcn","https:\/\/www.instagram.com\/cei_international\/"]},{"@type":"Person","@id":"https:\/\/www.ceibcn.com\/en\/#\/schema\/person\/4ef9992ee2fbd3987a5e1834e5d5808d","name":"Cristian Romero Velasco","image":{"@type":"ImageObject","inLanguage":"en-US","@id":"https:\/\/www.ceibcn.com\/en\/#\/schema\/person\/image\/","url":"https:\/\/secure.gravatar.com\/avatar\/d78c33ad7f1570635ae9c9cb6274fe682bd5872dfde7a5448127d7825dd90943?s=96&d=mm&r=g","contentUrl":"https:\/\/secure.gravatar.com\/avatar\/d78c33ad7f1570635ae9c9cb6274fe682bd5872dfde7a5448127d7825dd90943?s=96&d=mm&r=g","caption":"Cristian Romero Velasco"},"url":"https:\/\/www.ceibcn.com\/en\/author\/cristian\/"}]}},"_links":{"self":[{"href":"https:\/\/www.ceibcn.com\/en\/wp-json\/wp\/v2\/posts\/933","targetHints":{"allow":["GET"]}}],"collection":[{"href":"https:\/\/www.ceibcn.com\/en\/wp-json\/wp\/v2\/posts"}],"about":[{"href":"https:\/\/www.ceibcn.com\/en\/wp-json\/wp\/v2\/types\/post"}],"author":[{"embeddable":true,"href":"https:\/\/www.ceibcn.com\/en\/wp-json\/wp\/v2\/users\/6"}],"replies":[{"embeddable":true,"href":"https:\/\/www.ceibcn.com\/en\/wp-json\/wp\/v2\/comments?post=933"}],"version-history":[{"count":0,"href":"https:\/\/www.ceibcn.com\/en\/wp-json\/wp\/v2\/posts\/933\/revisions"}],"wp:attachment":[{"href":"https:\/\/www.ceibcn.com\/en\/wp-json\/wp\/v2\/media?parent=933"}],"wp:term":[{"taxonomy":"category","embeddable":true,"href":"https:\/\/www.ceibcn.com\/en\/wp-json\/wp\/v2\/categories?post=933"},{"taxonomy":"post_tag","embeddable":true,"href":"https:\/\/www.ceibcn.com\/en\/wp-json\/wp\/v2\/tags?post=933"}],"curies":[{"name":"wp","href":"https:\/\/api.w.org\/{rel}","templated":true}]}}